{"id":64,"date":"2018-10-25T22:00:39","date_gmt":"2018-10-25T21:00:39","guid":{"rendered":"https:\/\/blogsaverroes.juntadeandalucia.es\/audiovisualjuveniljuandelacierva\/?p=64"},"modified":"2025-09-14T17:29:26","modified_gmt":"2025-09-14T16:29:26","slug":"64-2","status":"publish","type":"post","link":"https:\/\/blogsaverroes.juntadeandalucia.es\/elblogdeiesjuandelacierva\/64-2\/","title":{"rendered":"Visita de los Ciclos Formativos a Airbus y Canal Sur en Sevilla"},"content":{"rendered":"<p>Durante este trimestre, realizamos una visita a las instalaciones de AIRBUS en Sevilla, en la que pudimos conocer el proceso de ensamblado del A400M, uno de los aviones m\u00e1s grandes del mundo, y destinado a uso militar.<br \/>\n<!--more--><br \/>\nEn el mismo d\u00eda, nos citaron en Canal Sur Televisi\u00f3n, en Sevilla, para hacer un recorrido a trav\u00e9s de los plat\u00f3s de televisi\u00f3n y sala de control audiovisual.<\/p>\n<h2>CANALSUR<\/h2>\nngg_shortcode_0_placeholder\n<h2>AIRBUS<\/h2>\n<p>ngg_shortcode_1_placeholderEn ambas visitas, la parte t\u00e9cnica y organizativa aport\u00f3 un experiencia muy positiva a los alumnos de Ciclos Formativos de Telecomunicaciones y Ciclos Formativos de Administraci\u00f3n y Empresas que asistieron.<\/p>\n","protected":false},"excerpt":{"rendered":"<p>Durante este trimestre, realizamos una visita a las instalaciones de AIRBUS en Sevilla, en la que pudimos conocer el proceso de ensamblado del A400M, uno de los aviones m\u00e1s grandes del mundo, y destinado a uso militar.<\/p>\n","protected":false},"author":6419,"featured_media":114,"comment_status":"open","ping_status":"open","sticky":false,"template":"","format":"standard","meta":{"_et_pb_use_builder":"","_et_pb_old_content":"","_et_gb_content_width":"","ngg_post_thumbnail":0,"footnotes":""},"categories":[43,184,14],"tags":[152,153,104,170,176,180],"aioseo_notices":[],"_links":{"self":[{"href":"https:\/\/blogsaverroes.juntadeandalucia.es\/elblogdeiesjuandelacierva\/wp-json\/wp\/v2\/posts\/64"}],"collection":[{"href":"https:\/\/blogsaverroes.juntadeandalucia.es\/elblogdeiesjuandelacierva\/wp-json\/wp\/v2\/posts"}],"about":[{"href":"https:\/\/blogsaverroes.juntadeandalucia.es\/elblogdeiesjuandelacierva\/wp-json\/wp\/v2\/types\/post"}],"author":[{"embeddable":true,"href":"https:\/\/blogsaverroes.juntadeandalucia.es\/elblogdeiesjuandelacierva\/wp-json\/wp\/v2\/users\/6419"}],"replies":[{"embeddable":true,"href":"https:\/\/blogsaverroes.juntadeandalucia.es\/elblogdeiesjuandelacierva\/wp-json\/wp\/v2\/comments?post=64"}],"version-history":[{"count":1,"href":"https:\/\/blogsaverroes.juntadeandalucia.es\/elblogdeiesjuandelacierva\/wp-json\/wp\/v2\/posts\/64\/revisions"}],"predecessor-version":[{"id":5761,"href":"https:\/\/blogsaverroes.juntadeandalucia.es\/elblogdeiesjuandelacierva\/wp-json\/wp\/v2\/posts\/64\/revisions\/5761"}],"wp:featuredmedia":[{"embeddable":true,"href":"https:\/\/blogsaverroes.juntadeandalucia.es\/elblogdeiesjuandelacierva\/wp-json\/wp\/v2\/media\/114"}],"wp:attachment":[{"href":"https:\/\/blogsaverroes.juntadeandalucia.es\/elblogdeiesjuandelacierva\/wp-json\/wp\/v2\/media?parent=64"}],"wp:term":[{"taxonomy":"category","embeddable":true,"href":"https:\/\/blogsaverroes.juntadeandalucia.es\/elblogdeiesjuandelacierva\/wp-json\/wp\/v2\/categories?post=64"},{"taxonomy":"post_tag","embeddable":true,"href":"https:\/\/blogsaverroes.juntadeandalucia.es\/elblogdeiesjuandelacierva\/wp-json\/wp\/v2\/tags?post=64"}],"curies":[{"name":"wp","href":"https:\/\/api.w.org\/{rel}","templated":true}]}}