{"id":1959,"date":"2022-10-09T16:24:00","date_gmt":"2022-10-09T16:24:00","guid":{"rendered":"https:\/\/blogsaverroes.juntadeandalucia.es\/elblogdemiclase21a24\/?p=1959"},"modified":"2022-10-09T16:24:39","modified_gmt":"2022-10-09T16:24:39","slug":"preciosa-visita","status":"publish","type":"post","link":"https:\/\/blogsaverroes.juntadeandalucia.es\/elblogdemiclase21a24\/2022\/10\/09\/preciosa-visita\/","title":{"rendered":"Preciosa visita"},"content":{"rendered":"<p>Cuando mis ni\u00f1os y ni\u00f1as llegaron esta semana a la clase se sorprendieron con la preciosa visita de un peque\u00f1o personaje.<br \/>\n<img loading=\"lazy\" decoding=\"async\" class=\"wp-image-1976 aligncenter\" src=\"https:\/\/blogsaverroes.juntadeandalucia.es\/elblogdemiclase21a24\/files\/2022\/10\/mi-Doradilla-300x300.jpg\" alt=\"\" width=\"417\" height=\"417\" srcset=\"https:\/\/blogsaverroes.juntadeandalucia.es\/elblogdemiclase21a24\/files\/2022\/10\/mi-Doradilla-300x300.jpg 300w, https:\/\/blogsaverroes.juntadeandalucia.es\/elblogdemiclase21a24\/files\/2022\/10\/mi-Doradilla-1024x1024.jpg 1024w, https:\/\/blogsaverroes.juntadeandalucia.es\/elblogdemiclase21a24\/files\/2022\/10\/mi-Doradilla-150x150.jpg 150w, https:\/\/blogsaverroes.juntadeandalucia.es\/elblogdemiclase21a24\/files\/2022\/10\/mi-Doradilla-768x768.jpg 768w, https:\/\/blogsaverroes.juntadeandalucia.es\/elblogdemiclase21a24\/files\/2022\/10\/mi-Doradilla-80x80.jpg 80w, https:\/\/blogsaverroes.juntadeandalucia.es\/elblogdemiclase21a24\/files\/2022\/10\/mi-Doradilla-320x320.jpg 320w, https:\/\/blogsaverroes.juntadeandalucia.es\/elblogdemiclase21a24\/files\/2022\/10\/mi-Doradilla.jpg 1280w\" sizes=\"(max-width: 417px) 100vw, 417px\" \/><br \/>\nEs DORADILLA el hada del oto\u00f1o. \u00bfQu\u00e9 hace aqu\u00ed?<br \/>\nDice que vive en las calles y los bosques, pero \u00bftenemos alg\u00fan bosque cerca? \u00bfY si vamos hasta all\u00ed e intentamos encontrarle?<br \/>\n<img loading=\"lazy\" decoding=\"async\" class=\"alignleft wp-image-1961\" src=\"https:\/\/blogsaverroes.juntadeandalucia.es\/elblogdemiclase21a24\/files\/2022\/10\/IMG_20221004_095614-224x300.jpg\" alt=\"\" width=\"314\" height=\"421\" srcset=\"https:\/\/blogsaverroes.juntadeandalucia.es\/elblogdemiclase21a24\/files\/2022\/10\/IMG_20221004_095614-224x300.jpg 224w, https:\/\/blogsaverroes.juntadeandalucia.es\/elblogdemiclase21a24\/files\/2022\/10\/IMG_20221004_095614-766x1024.jpg 766w, https:\/\/blogsaverroes.juntadeandalucia.es\/elblogdemiclase21a24\/files\/2022\/10\/IMG_20221004_095614-768x1027.jpg 768w, https:\/\/blogsaverroes.juntadeandalucia.es\/elblogdemiclase21a24\/files\/2022\/10\/IMG_20221004_095614-1149x1536.jpg 1149w, https:\/\/blogsaverroes.juntadeandalucia.es\/elblogdemiclase21a24\/files\/2022\/10\/IMG_20221004_095614-1532x2048.jpg 1532w, https:\/\/blogsaverroes.juntadeandalucia.es\/elblogdemiclase21a24\/files\/2022\/10\/IMG_20221004_095614-scaled.jpg 1915w\" sizes=\"(max-width: 314px) 100vw, 314px\" \/><br \/>\nPor el camino hemos buscado en cada \u00e1rbol, en cada plantita, en cada huequecillo pero no hab\u00eda nada que se pareciera a ella. Tiene que ser chiquitilla y dorada pero no vemos nada.<br \/>\n\u00bfPor d\u00f3nde seguimos?<br \/>\n<img loading=\"lazy\" decoding=\"async\" class=\" wp-image-1962 alignnone\" src=\"https:\/\/blogsaverroes.juntadeandalucia.es\/elblogdemiclase21a24\/files\/2022\/10\/IMG_20221004_100216-224x300.jpg\" alt=\"\" width=\"228\" height=\"305\" srcset=\"https:\/\/blogsaverroes.juntadeandalucia.es\/elblogdemiclase21a24\/files\/2022\/10\/IMG_20221004_100216-224x300.jpg 224w, https:\/\/blogsaverroes.juntadeandalucia.es\/elblogdemiclase21a24\/files\/2022\/10\/IMG_20221004_100216-766x1024.jpg 766w, https:\/\/blogsaverroes.juntadeandalucia.es\/elblogdemiclase21a24\/files\/2022\/10\/IMG_20221004_100216-768x1027.jpg 768w, https:\/\/blogsaverroes.juntadeandalucia.es\/elblogdemiclase21a24\/files\/2022\/10\/IMG_20221004_100216-1149x1536.jpg 1149w, https:\/\/blogsaverroes.juntadeandalucia.es\/elblogdemiclase21a24\/files\/2022\/10\/IMG_20221004_100216-1532x2048.jpg 1532w, https:\/\/blogsaverroes.juntadeandalucia.es\/elblogdemiclase21a24\/files\/2022\/10\/IMG_20221004_100216-scaled.jpg 1915w\" sizes=\"(max-width: 228px) 100vw, 228px\" \/><\/p>\n<p>Entramos en el bosque muy muy en silencio para no asustarle pero no le vemos.<br \/>\nParece que Pedro ve unas huellas en el suelo, \u00bfser\u00e1 ella?<br \/>\n<img loading=\"lazy\" decoding=\"async\" class=\"size-medium wp-image-1963 alignnone\" src=\"https:\/\/blogsaverroes.juntadeandalucia.es\/elblogdemiclase21a24\/files\/2022\/10\/IMG_20221004_101352-224x300.jpg\" alt=\"\" width=\"224\" height=\"300\" srcset=\"https:\/\/blogsaverroes.juntadeandalucia.es\/elblogdemiclase21a24\/files\/2022\/10\/IMG_20221004_101352-224x300.jpg 224w, https:\/\/blogsaverroes.juntadeandalucia.es\/elblogdemiclase21a24\/files\/2022\/10\/IMG_20221004_101352-766x1024.jpg 766w, https:\/\/blogsaverroes.juntadeandalucia.es\/elblogdemiclase21a24\/files\/2022\/10\/IMG_20221004_101352-768x1027.jpg 768w, https:\/\/blogsaverroes.juntadeandalucia.es\/elblogdemiclase21a24\/files\/2022\/10\/IMG_20221004_101352-1149x1536.jpg 1149w, https:\/\/blogsaverroes.juntadeandalucia.es\/elblogdemiclase21a24\/files\/2022\/10\/IMG_20221004_101352-1532x2048.jpg 1532w, https:\/\/blogsaverroes.juntadeandalucia.es\/elblogdemiclase21a24\/files\/2022\/10\/IMG_20221004_101352-scaled.jpg 1915w\" sizes=\"(max-width: 224px) 100vw, 224px\" \/><br \/>\nLo que s\u00ed vemos son un mont\u00f3n de varitas y de hojas de oto\u00f1o.<br \/>\n<img loading=\"lazy\" decoding=\"async\" class=\"size-medium wp-image-1969 alignnone\" src=\"https:\/\/blogsaverroes.juntadeandalucia.es\/elblogdemiclase21a24\/files\/2022\/10\/IMG_20221004_115914-300x224.jpg\" alt=\"\" width=\"300\" height=\"224\" srcset=\"https:\/\/blogsaverroes.juntadeandalucia.es\/elblogdemiclase21a24\/files\/2022\/10\/IMG_20221004_115914-300x224.jpg 300w, https:\/\/blogsaverroes.juntadeandalucia.es\/elblogdemiclase21a24\/files\/2022\/10\/IMG_20221004_115914-1024x766.jpg 1024w, https:\/\/blogsaverroes.juntadeandalucia.es\/elblogdemiclase21a24\/files\/2022\/10\/IMG_20221004_115914-768x574.jpg 768w, https:\/\/blogsaverroes.juntadeandalucia.es\/elblogdemiclase21a24\/files\/2022\/10\/IMG_20221004_115914-1536x1149.jpg 1536w, https:\/\/blogsaverroes.juntadeandalucia.es\/elblogdemiclase21a24\/files\/2022\/10\/IMG_20221004_115914-2048x1532.jpg 2048w\" sizes=\"(max-width: 300px) 100vw, 300px\" \/> &nbsp;<img loading=\"lazy\" decoding=\"async\" class=\"size-medium wp-image-1970 alignnone\" src=\"https:\/\/blogsaverroes.juntadeandalucia.es\/elblogdemiclase21a24\/files\/2022\/10\/IMG_20221004_120011-300x224.jpg\" alt=\"\" width=\"300\" height=\"224\" srcset=\"https:\/\/blogsaverroes.juntadeandalucia.es\/elblogdemiclase21a24\/files\/2022\/10\/IMG_20221004_120011-300x224.jpg 300w, https:\/\/blogsaverroes.juntadeandalucia.es\/elblogdemiclase21a24\/files\/2022\/10\/IMG_20221004_120011-1024x766.jpg 1024w, https:\/\/blogsaverroes.juntadeandalucia.es\/elblogdemiclase21a24\/files\/2022\/10\/IMG_20221004_120011-768x574.jpg 768w, https:\/\/blogsaverroes.juntadeandalucia.es\/elblogdemiclase21a24\/files\/2022\/10\/IMG_20221004_120011-1536x1149.jpg 1536w, https:\/\/blogsaverroes.juntadeandalucia.es\/elblogdemiclase21a24\/files\/2022\/10\/IMG_20221004_120011-2048x1532.jpg 2048w\" sizes=\"(max-width: 300px) 100vw, 300px\" \/><br \/>\nMis ni\u00f1os y ni\u00f1as piensan que Doradilla tiene ayuda y las varitas son tambi\u00e9n de sus amigas.<br \/>\nBusquemos un poco m\u00e1s a fondo.<br \/>\n<img loading=\"lazy\" decoding=\"async\" class=\"size-medium wp-image-1964 alignnone\" src=\"https:\/\/blogsaverroes.juntadeandalucia.es\/elblogdemiclase21a24\/files\/2022\/10\/IMG_20221004_101454-300x224.jpg\" alt=\"\" width=\"300\" height=\"224\" srcset=\"https:\/\/blogsaverroes.juntadeandalucia.es\/elblogdemiclase21a24\/files\/2022\/10\/IMG_20221004_101454-300x224.jpg 300w, https:\/\/blogsaverroes.juntadeandalucia.es\/elblogdemiclase21a24\/files\/2022\/10\/IMG_20221004_101454-1024x766.jpg 1024w, https:\/\/blogsaverroes.juntadeandalucia.es\/elblogdemiclase21a24\/files\/2022\/10\/IMG_20221004_101454-768x574.jpg 768w, https:\/\/blogsaverroes.juntadeandalucia.es\/elblogdemiclase21a24\/files\/2022\/10\/IMG_20221004_101454-1536x1149.jpg 1536w, https:\/\/blogsaverroes.juntadeandalucia.es\/elblogdemiclase21a24\/files\/2022\/10\/IMG_20221004_101454-2048x1532.jpg 2048w\" sizes=\"(max-width: 300px) 100vw, 300px\" \/><br \/>\nAl fin vemos algo&#8230;. Mis chicas han visto pasar algo peque\u00f1o y dorado cerca del sol pero iba muy r\u00e1pido y no le hemos podido hacer foto.<\/p>\n<div style=\"width: 1920px;\" class=\"wp-video\"><!--[if lt IE 9]><script>document.createElement('video');<\/script><![endif]-->\n<video class=\"wp-video-shortcode\" id=\"video-1959-1\" width=\"1920\" height=\"1080\" preload=\"metadata\" controls=\"controls\"><source type=\"video\/mp4\" src=\"https:\/\/blogsaverroes.juntadeandalucia.es\/elblogdemiclase21a24\/files\/2022\/10\/buscamos-a-doradilla.mp4?_=1\" \/><a href=\"https:\/\/blogsaverroes.juntadeandalucia.es\/elblogdemiclase21a24\/files\/2022\/10\/buscamos-a-doradilla.mp4\">https:\/\/blogsaverroes.juntadeandalucia.es\/elblogdemiclase21a24\/files\/2022\/10\/buscamos-a-doradilla.mp4<\/a><\/video><\/div>\n<p>Si escuchamos con atenci\u00f3n podr\u00edamos oir a Doradilla o alg\u00fan animal del bosque. Entre todos los ni\u00f1os y ni\u00f1as de las tres clases elaboramos una lista de animales que pueden estar escondidos por el bosque:<br \/>\n<img loading=\"lazy\" decoding=\"async\" class=\"size-medium wp-image-1975 alignnone\" src=\"https:\/\/blogsaverroes.juntadeandalucia.es\/elblogdemiclase21a24\/files\/2022\/10\/IMG-20221004-WA0003-169x300.jpeg\" alt=\"\" width=\"169\" height=\"300\" srcset=\"https:\/\/blogsaverroes.juntadeandalucia.es\/elblogdemiclase21a24\/files\/2022\/10\/IMG-20221004-WA0003-169x300.jpeg 169w, https:\/\/blogsaverroes.juntadeandalucia.es\/elblogdemiclase21a24\/files\/2022\/10\/IMG-20221004-WA0003-576x1024.jpeg 576w, https:\/\/blogsaverroes.juntadeandalucia.es\/elblogdemiclase21a24\/files\/2022\/10\/IMG-20221004-WA0003-768x1365.jpeg 768w, https:\/\/blogsaverroes.juntadeandalucia.es\/elblogdemiclase21a24\/files\/2022\/10\/IMG-20221004-WA0003-864x1536.jpeg 864w, https:\/\/blogsaverroes.juntadeandalucia.es\/elblogdemiclase21a24\/files\/2022\/10\/IMG-20221004-WA0003-1152x2048.jpeg 1152w, https:\/\/blogsaverroes.juntadeandalucia.es\/elblogdemiclase21a24\/files\/2022\/10\/IMG-20221004-WA0003-scaled.jpeg 1440w\" sizes=\"(max-width: 169px) 100vw, 169px\" \/> <img loading=\"lazy\" decoding=\"async\" class=\"size-medium wp-image-1974 alignnone\" src=\"https:\/\/blogsaverroes.juntadeandalucia.es\/elblogdemiclase21a24\/files\/2022\/10\/IMG-20221004-WA0001-169x300.jpeg\" alt=\"\" width=\"169\" height=\"300\" srcset=\"https:\/\/blogsaverroes.juntadeandalucia.es\/elblogdemiclase21a24\/files\/2022\/10\/IMG-20221004-WA0001-169x300.jpeg 169w, https:\/\/blogsaverroes.juntadeandalucia.es\/elblogdemiclase21a24\/files\/2022\/10\/IMG-20221004-WA0001-576x1024.jpeg 576w, https:\/\/blogsaverroes.juntadeandalucia.es\/elblogdemiclase21a24\/files\/2022\/10\/IMG-20221004-WA0001-768x1365.jpeg 768w, https:\/\/blogsaverroes.juntadeandalucia.es\/elblogdemiclase21a24\/files\/2022\/10\/IMG-20221004-WA0001-864x1536.jpeg 864w, https:\/\/blogsaverroes.juntadeandalucia.es\/elblogdemiclase21a24\/files\/2022\/10\/IMG-20221004-WA0001-1152x2048.jpeg 1152w, https:\/\/blogsaverroes.juntadeandalucia.es\/elblogdemiclase21a24\/files\/2022\/10\/IMG-20221004-WA0001-scaled.jpeg 1440w\" sizes=\"(max-width: 169px) 100vw, 169px\" \/><br \/>\nPodemos aprovechar para dibujar nuestro bosque y pondremos a Doradilla y a los animales.<\/p>\n<div style=\"width: 1920px;\" class=\"wp-video\"><video class=\"wp-video-shortcode\" id=\"video-1959-2\" width=\"1920\" height=\"1080\" preload=\"metadata\" controls=\"controls\"><source type=\"video\/mp4\" src=\"https:\/\/blogsaverroes.juntadeandalucia.es\/elblogdemiclase21a24\/files\/2022\/10\/pintamos-el-bosque.mp4?_=2\" \/><a href=\"https:\/\/blogsaverroes.juntadeandalucia.es\/elblogdemiclase21a24\/files\/2022\/10\/pintamos-el-bosque.mp4\">https:\/\/blogsaverroes.juntadeandalucia.es\/elblogdemiclase21a24\/files\/2022\/10\/pintamos-el-bosque.mp4<\/a><\/video><\/div>\n<p>De todas formas es muy raro no ver a ning\u00fan animal. \u00bfD\u00f3nde estar\u00e1n?\u00bfQu\u00e9 ha debido pasar?<br \/>\nA lo peor se quemaron en el fuego del puente o est\u00e1n en las plantas de la marisma&#8230; O quiz\u00e1s tenga la culpa esto:<br \/>\n<img loading=\"lazy\" decoding=\"async\" class=\"wp-image-1965 aligncenter\" src=\"https:\/\/blogsaverroes.juntadeandalucia.es\/elblogdemiclase21a24\/files\/2022\/10\/IMG_20221004_105707-300x224.jpg\" alt=\"\" width=\"446\" height=\"333\" srcset=\"https:\/\/blogsaverroes.juntadeandalucia.es\/elblogdemiclase21a24\/files\/2022\/10\/IMG_20221004_105707-300x224.jpg 300w, https:\/\/blogsaverroes.juntadeandalucia.es\/elblogdemiclase21a24\/files\/2022\/10\/IMG_20221004_105707-1024x766.jpg 1024w, https:\/\/blogsaverroes.juntadeandalucia.es\/elblogdemiclase21a24\/files\/2022\/10\/IMG_20221004_105707-768x574.jpg 768w, https:\/\/blogsaverroes.juntadeandalucia.es\/elblogdemiclase21a24\/files\/2022\/10\/IMG_20221004_105707-1536x1149.jpg 1536w, https:\/\/blogsaverroes.juntadeandalucia.es\/elblogdemiclase21a24\/files\/2022\/10\/IMG_20221004_105707-2048x1532.jpg 2048w\" sizes=\"(max-width: 446px) 100vw, 446px\" \/>Si los animales del bosque se han puesto enfermos por culpa de la basura de las personas tendr\u00edamos que hacer algo.<br \/>\nLo primero es buscar basura y tirarla en papeleras o contenedores.<br \/>\n<img loading=\"lazy\" decoding=\"async\" class=\"size-medium wp-image-1966 alignnone\" src=\"https:\/\/blogsaverroes.juntadeandalucia.es\/elblogdemiclase21a24\/files\/2022\/10\/IMG_20221004_110332-224x300.jpg\" alt=\"\" width=\"224\" height=\"300\" srcset=\"https:\/\/blogsaverroes.juntadeandalucia.es\/elblogdemiclase21a24\/files\/2022\/10\/IMG_20221004_110332-224x300.jpg 224w, https:\/\/blogsaverroes.juntadeandalucia.es\/elblogdemiclase21a24\/files\/2022\/10\/IMG_20221004_110332-766x1024.jpg 766w, https:\/\/blogsaverroes.juntadeandalucia.es\/elblogdemiclase21a24\/files\/2022\/10\/IMG_20221004_110332-768x1027.jpg 768w, https:\/\/blogsaverroes.juntadeandalucia.es\/elblogdemiclase21a24\/files\/2022\/10\/IMG_20221004_110332-1149x1536.jpg 1149w, https:\/\/blogsaverroes.juntadeandalucia.es\/elblogdemiclase21a24\/files\/2022\/10\/IMG_20221004_110332-1532x2048.jpg 1532w, https:\/\/blogsaverroes.juntadeandalucia.es\/elblogdemiclase21a24\/files\/2022\/10\/IMG_20221004_110332-scaled.jpg 1915w\" sizes=\"(max-width: 224px) 100vw, 224px\" \/> <img loading=\"lazy\" decoding=\"async\" class=\"size-medium wp-image-1968 alignnone\" src=\"https:\/\/blogsaverroes.juntadeandalucia.es\/elblogdemiclase21a24\/files\/2022\/10\/IMG_20221004_110339-224x300.jpg\" alt=\"\" width=\"224\" height=\"300\" srcset=\"https:\/\/blogsaverroes.juntadeandalucia.es\/elblogdemiclase21a24\/files\/2022\/10\/IMG_20221004_110339-224x300.jpg 224w, https:\/\/blogsaverroes.juntadeandalucia.es\/elblogdemiclase21a24\/files\/2022\/10\/IMG_20221004_110339-766x1024.jpg 766w, https:\/\/blogsaverroes.juntadeandalucia.es\/elblogdemiclase21a24\/files\/2022\/10\/IMG_20221004_110339-768x1027.jpg 768w, https:\/\/blogsaverroes.juntadeandalucia.es\/elblogdemiclase21a24\/files\/2022\/10\/IMG_20221004_110339-1149x1536.jpg 1149w, https:\/\/blogsaverroes.juntadeandalucia.es\/elblogdemiclase21a24\/files\/2022\/10\/IMG_20221004_110339-1532x2048.jpg 1532w, https:\/\/blogsaverroes.juntadeandalucia.es\/elblogdemiclase21a24\/files\/2022\/10\/IMG_20221004_110339-scaled.jpg 1915w\" sizes=\"(max-width: 224px) 100vw, 224px\" \/><br \/>\nLo siguiente que deciden mis ni\u00f1os y ni\u00f1as es hacer un cartel en clase entre tod@s para avisar a las personas de que tienen que cuidar el bosque.<br \/>\nY lo \u00faltimo que se decide es averiguar qui\u00e9n es el que se encargar\u00e1 de curar a los animales.&nbsp;<br \/>\nYa en clase, preguntamos a internet y esto es lo que nos dice:<br \/>\n<iframe loading=\"lazy\" src=\"https:\/\/www.youtube.com\/embed\/VCh7CagvrfA\" width=\"560\" height=\"315\" frameborder=\"0\"><\/iframe><br \/>\nParece que un animal hace de veterinario y le da a cada animalito lo que necesita.<br \/>\nPara empezar est\u00e1 bien pero tendremos que seguir investigando, no nos pega mucho que un animal cure a otro.<\/p>\n<p style=\"text-align: center\">\u00a1Qu\u00e9 aventura nos queda por delante!<\/p>\n<p style=\"text-align: center\">\u00a1Y todo, gracias a Doradilla!<\/p>\n<p><img loading=\"lazy\" decoding=\"async\" class=\"wp-image-1971 aligncenter\" src=\"https:\/\/blogsaverroes.juntadeandalucia.es\/elblogdemiclase21a24\/files\/2022\/10\/IMG_20221007_131853-scaled-e1665332502349-300x224.jpg\" alt=\"\" width=\"413\" height=\"308\" srcset=\"https:\/\/blogsaverroes.juntadeandalucia.es\/elblogdemiclase21a24\/files\/2022\/10\/IMG_20221007_131853-scaled-e1665332502349-300x224.jpg 300w, https:\/\/blogsaverroes.juntadeandalucia.es\/elblogdemiclase21a24\/files\/2022\/10\/IMG_20221007_131853-scaled-e1665332502349-1024x766.jpg 1024w, https:\/\/blogsaverroes.juntadeandalucia.es\/elblogdemiclase21a24\/files\/2022\/10\/IMG_20221007_131853-scaled-e1665332502349-768x575.jpg 768w, https:\/\/blogsaverroes.juntadeandalucia.es\/elblogdemiclase21a24\/files\/2022\/10\/IMG_20221007_131853-scaled-e1665332502349-1536x1149.jpg 1536w, https:\/\/blogsaverroes.juntadeandalucia.es\/elblogdemiclase21a24\/files\/2022\/10\/IMG_20221007_131853-scaled-e1665332502349-2048x1532.jpg 2048w\" sizes=\"(max-width: 413px) 100vw, 413px\" \/><\/p>\n","protected":false},"excerpt":{"rendered":"<p>Cuando mis ni\u00f1os y ni\u00f1as llegaron esta semana a la clase se sorprendieron con la preciosa visita de un peque\u00f1o personaje. Es DORADILLA el hada del oto\u00f1o. \u00bfQu\u00e9 hace aqu\u00ed? Dice que vive en&#46;&#46;&#46;<\/p>\n","protected":false},"author":13295,"featured_media":1961,"comment_status":"open","ping_status":"open","sticky":false,"template":"","format":"standard","meta":{"ngg_post_thumbnail":0,"footnotes":""},"categories":[1],"tags":[33,13,28],"aioseo_notices":[],"_links":{"self":[{"href":"https:\/\/blogsaverroes.juntadeandalucia.es\/elblogdemiclase21a24\/wp-json\/wp\/v2\/posts\/1959"}],"collection":[{"href":"https:\/\/blogsaverroes.juntadeandalucia.es\/elblogdemiclase21a24\/wp-json\/wp\/v2\/posts"}],"about":[{"href":"https:\/\/blogsaverroes.juntadeandalucia.es\/elblogdemiclase21a24\/wp-json\/wp\/v2\/types\/post"}],"author":[{"embeddable":true,"href":"https:\/\/blogsaverroes.juntadeandalucia.es\/elblogdemiclase21a24\/wp-json\/wp\/v2\/users\/13295"}],"replies":[{"embeddable":true,"href":"https:\/\/blogsaverroes.juntadeandalucia.es\/elblogdemiclase21a24\/wp-json\/wp\/v2\/comments?post=1959"}],"version-history":[{"count":3,"href":"https:\/\/blogsaverroes.juntadeandalucia.es\/elblogdemiclase21a24\/wp-json\/wp\/v2\/posts\/1959\/revisions"}],"predecessor-version":[{"id":1978,"href":"https:\/\/blogsaverroes.juntadeandalucia.es\/elblogdemiclase21a24\/wp-json\/wp\/v2\/posts\/1959\/revisions\/1978"}],"wp:featuredmedia":[{"embeddable":true,"href":"https:\/\/blogsaverroes.juntadeandalucia.es\/elblogdemiclase21a24\/wp-json\/wp\/v2\/media\/1961"}],"wp:attachment":[{"href":"https:\/\/blogsaverroes.juntadeandalucia.es\/elblogdemiclase21a24\/wp-json\/wp\/v2\/media?parent=1959"}],"wp:term":[{"taxonomy":"category","embeddable":true,"href":"https:\/\/blogsaverroes.juntadeandalucia.es\/elblogdemiclase21a24\/wp-json\/wp\/v2\/categories?post=1959"},{"taxonomy":"post_tag","embeddable":true,"href":"https:\/\/blogsaverroes.juntadeandalucia.es\/elblogdemiclase21a24\/wp-json\/wp\/v2\/tags?post=1959"}],"curies":[{"name":"wp","href":"https:\/\/api.w.org\/{rel}","templated":true}]}}