{"id":2282,"date":"2022-11-20T20:18:44","date_gmt":"2022-11-20T20:18:44","guid":{"rendered":"https:\/\/blogsaverroes.juntadeandalucia.es\/elblogdemiclase21a24\/?p=2282"},"modified":"2022-11-20T20:18:44","modified_gmt":"2022-11-20T20:18:44","slug":"gracias-por-los-cuentos","status":"publish","type":"post","link":"https:\/\/blogsaverroes.juntadeandalucia.es\/elblogdemiclase21a24\/2022\/11\/20\/gracias-por-los-cuentos\/","title":{"rendered":"Gracias por los cuentos"},"content":{"rendered":"<p>Esta semana hemos tenido la oportunidad de ver y escuchar cuentos tra\u00eddos de casa por mis ni\u00f1os y mis ni\u00f1as.<br \/>\nGracias a Edu.<br \/>\n<img loading=\"lazy\" decoding=\"async\" class=\"alignnone size-medium wp-image-2270\" src=\"https:\/\/blogsaverroes.juntadeandalucia.es\/elblogdemiclase21a24\/files\/2022\/11\/IMG_20221114_115339-224x300.jpg\" alt=\"\" width=\"224\" height=\"300\" srcset=\"https:\/\/blogsaverroes.juntadeandalucia.es\/elblogdemiclase21a24\/files\/2022\/11\/IMG_20221114_115339-224x300.jpg 224w, https:\/\/blogsaverroes.juntadeandalucia.es\/elblogdemiclase21a24\/files\/2022\/11\/IMG_20221114_115339-766x1024.jpg 766w, https:\/\/blogsaverroes.juntadeandalucia.es\/elblogdemiclase21a24\/files\/2022\/11\/IMG_20221114_115339-768x1027.jpg 768w, https:\/\/blogsaverroes.juntadeandalucia.es\/elblogdemiclase21a24\/files\/2022\/11\/IMG_20221114_115339-1149x1536.jpg 1149w, https:\/\/blogsaverroes.juntadeandalucia.es\/elblogdemiclase21a24\/files\/2022\/11\/IMG_20221114_115339-1532x2048.jpg 1532w, https:\/\/blogsaverroes.juntadeandalucia.es\/elblogdemiclase21a24\/files\/2022\/11\/IMG_20221114_115339-scaled.jpg 1915w\" sizes=\"(max-width: 224px) 100vw, 224px\" \/><br \/>\n<iframe loading=\"lazy\" src=\"https:\/\/www.youtube.com\/embed\/qb9wJW_5fkM\" width=\"560\" height=\"315\" frameborder=\"0\"><\/iframe><br \/>\nGracias a Alejandro Fern\u00e1ndez.<br \/>\n<img loading=\"lazy\" decoding=\"async\" class=\"alignnone size-medium wp-image-2271\" src=\"https:\/\/blogsaverroes.juntadeandalucia.es\/elblogdemiclase21a24\/files\/2022\/11\/IMG_20221115_135544-224x300.jpg\" alt=\"\" width=\"224\" height=\"300\" srcset=\"https:\/\/blogsaverroes.juntadeandalucia.es\/elblogdemiclase21a24\/files\/2022\/11\/IMG_20221115_135544-224x300.jpg 224w, https:\/\/blogsaverroes.juntadeandalucia.es\/elblogdemiclase21a24\/files\/2022\/11\/IMG_20221115_135544-766x1024.jpg 766w, https:\/\/blogsaverroes.juntadeandalucia.es\/elblogdemiclase21a24\/files\/2022\/11\/IMG_20221115_135544-768x1027.jpg 768w, https:\/\/blogsaverroes.juntadeandalucia.es\/elblogdemiclase21a24\/files\/2022\/11\/IMG_20221115_135544-1149x1536.jpg 1149w, https:\/\/blogsaverroes.juntadeandalucia.es\/elblogdemiclase21a24\/files\/2022\/11\/IMG_20221115_135544-1532x2048.jpg 1532w, https:\/\/blogsaverroes.juntadeandalucia.es\/elblogdemiclase21a24\/files\/2022\/11\/IMG_20221115_135544-scaled.jpg 1915w\" sizes=\"(max-width: 224px) 100vw, 224px\" \/><br \/>\nGracias a Elena y a Mar\u00eda.<br \/>\n<img loading=\"lazy\" decoding=\"async\" class=\"alignnone size-medium wp-image-2280\" src=\"https:\/\/blogsaverroes.juntadeandalucia.es\/elblogdemiclase21a24\/files\/2022\/11\/IMG_20221118_110259-300x224.jpg\" alt=\"\" width=\"300\" height=\"224\" srcset=\"https:\/\/blogsaverroes.juntadeandalucia.es\/elblogdemiclase21a24\/files\/2022\/11\/IMG_20221118_110259-300x224.jpg 300w, https:\/\/blogsaverroes.juntadeandalucia.es\/elblogdemiclase21a24\/files\/2022\/11\/IMG_20221118_110259-1024x766.jpg 1024w, https:\/\/blogsaverroes.juntadeandalucia.es\/elblogdemiclase21a24\/files\/2022\/11\/IMG_20221118_110259-768x574.jpg 768w, https:\/\/blogsaverroes.juntadeandalucia.es\/elblogdemiclase21a24\/files\/2022\/11\/IMG_20221118_110259-1536x1149.jpg 1536w, https:\/\/blogsaverroes.juntadeandalucia.es\/elblogdemiclase21a24\/files\/2022\/11\/IMG_20221118_110259-2048x1532.jpg 2048w\" sizes=\"(max-width: 300px) 100vw, 300px\" \/><br \/>\n<iframe loading=\"lazy\" src=\"https:\/\/www.youtube.com\/embed\/K9KuqYEfiLg\" width=\"560\" height=\"315\" frameborder=\"0\"><\/iframe><br \/>\n<iframe loading=\"lazy\" src=\"https:\/\/www.youtube.com\/embed\/Xt61l3kAREo\" width=\"560\" height=\"315\" frameborder=\"0\"><\/iframe><\/p>\n","protected":false},"excerpt":{"rendered":"<p>Esta semana hemos tenido la oportunidad de ver y escuchar cuentos tra\u00eddos de casa por mis ni\u00f1os y mis ni\u00f1as. Gracias a Edu. Gracias a Alejandro Fern\u00e1ndez. Gracias a Elena y a Mar\u00eda.<\/p>\n","protected":false},"author":13295,"featured_media":2270,"comment_status":"open","ping_status":"open","sticky":false,"template":"","format":"standard","meta":{"ngg_post_thumbnail":0,"footnotes":""},"categories":[1],"tags":[7],"aioseo_notices":[],"_links":{"self":[{"href":"https:\/\/blogsaverroes.juntadeandalucia.es\/elblogdemiclase21a24\/wp-json\/wp\/v2\/posts\/2282"}],"collection":[{"href":"https:\/\/blogsaverroes.juntadeandalucia.es\/elblogdemiclase21a24\/wp-json\/wp\/v2\/posts"}],"about":[{"href":"https:\/\/blogsaverroes.juntadeandalucia.es\/elblogdemiclase21a24\/wp-json\/wp\/v2\/types\/post"}],"author":[{"embeddable":true,"href":"https:\/\/blogsaverroes.juntadeandalucia.es\/elblogdemiclase21a24\/wp-json\/wp\/v2\/users\/13295"}],"replies":[{"embeddable":true,"href":"https:\/\/blogsaverroes.juntadeandalucia.es\/elblogdemiclase21a24\/wp-json\/wp\/v2\/comments?post=2282"}],"version-history":[{"count":1,"href":"https:\/\/blogsaverroes.juntadeandalucia.es\/elblogdemiclase21a24\/wp-json\/wp\/v2\/posts\/2282\/revisions"}],"predecessor-version":[{"id":2283,"href":"https:\/\/blogsaverroes.juntadeandalucia.es\/elblogdemiclase21a24\/wp-json\/wp\/v2\/posts\/2282\/revisions\/2283"}],"wp:featuredmedia":[{"embeddable":true,"href":"https:\/\/blogsaverroes.juntadeandalucia.es\/elblogdemiclase21a24\/wp-json\/wp\/v2\/media\/2270"}],"wp:attachment":[{"href":"https:\/\/blogsaverroes.juntadeandalucia.es\/elblogdemiclase21a24\/wp-json\/wp\/v2\/media?parent=2282"}],"wp:term":[{"taxonomy":"category","embeddable":true,"href":"https:\/\/blogsaverroes.juntadeandalucia.es\/elblogdemiclase21a24\/wp-json\/wp\/v2\/categories?post=2282"},{"taxonomy":"post_tag","embeddable":true,"href":"https:\/\/blogsaverroes.juntadeandalucia.es\/elblogdemiclase21a24\/wp-json\/wp\/v2\/tags?post=2282"}],"curies":[{"name":"wp","href":"https:\/\/api.w.org\/{rel}","templated":true}]}}