{"id":2560,"date":"2023-01-22T06:53:00","date_gmt":"2023-01-22T06:53:00","guid":{"rendered":"https:\/\/blogsaverroes.juntadeandalucia.es\/elblogdemiclase21a24\/?p=2560"},"modified":"2023-01-22T06:53:00","modified_gmt":"2023-01-22T06:53:00","slug":"visita-inesperada","status":"publish","type":"post","link":"https:\/\/blogsaverroes.juntadeandalucia.es\/elblogdemiclase21a24\/2023\/01\/22\/visita-inesperada\/","title":{"rendered":"Visita inesperada"},"content":{"rendered":"<p>Hemos recibido la visita inesperada de un personaje muy especial:<\/p>\n<p style=\"text-align: center\"><a href=\"https:\/\/micloud.movistar.es\/share\/rg4ZVzVTgVS0T5vq\"><img loading=\"lazy\" decoding=\"async\" class=\"size-medium wp-image-2562 aligncenter\" src=\"https:\/\/blogsaverroes.juntadeandalucia.es\/elblogdemiclase21a24\/files\/2023\/01\/aulainfantil-susana.blogspot.com-monstruo-colores1-300x294.jpg\" alt=\"\" width=\"300\" height=\"294\" srcset=\"https:\/\/blogsaverroes.juntadeandalucia.es\/elblogdemiclase21a24\/files\/2023\/01\/aulainfantil-susana.blogspot.com-monstruo-colores1-300x294.jpg 300w, https:\/\/blogsaverroes.juntadeandalucia.es\/elblogdemiclase21a24\/files\/2023\/01\/aulainfantil-susana.blogspot.com-monstruo-colores1.jpg 652w\" sizes=\"(max-width: 300px) 100vw, 300px\" \/><\/a><\/p>\n<p style=\"text-align: center\"><a href=\"https:\/\/micloud.movistar.es\/share\/rg4ZVzVTgVS0T5vq\">PICA SOBRE LA IMAGEN PARA VER EL VIDEO<\/a><\/p>\n<p>\u00a1Pobrecito!, \u00bfverdad?&nbsp;<br \/>\nCuando se ha marchado nos hemos quedado un rato pensando en lo que hab\u00eda sucedido. Tendremos que ayudarle a saber qu\u00e9 le ocurre.&nbsp;<br \/>\nYa han salido las primeras ideas. Alejandro Fern\u00e1ndez nos ha explicado que es un monstruo y que est\u00e1 hecho un l\u00edo. Alex piensa que tendr\u00eda que poner los colores en botes. Pedro cree que es mejor ordenarlos en un arco iris. A Vega le gustar\u00eda regalarle una corona con colores para su cumplea\u00f1os. Son todas muy buenas ideas.<br \/>\nVamos a investigar un poco para saber qu\u00e9 le sucede realmente y c\u00f3mo podemos ayudarle.&nbsp;<\/p>\n","protected":false},"excerpt":{"rendered":"<p>Hemos recibido la visita inesperada de un personaje muy especial: PICA SOBRE LA IMAGEN PARA VER EL VIDEO \u00a1Pobrecito!, \u00bfverdad?&nbsp; Cuando se ha marchado nos hemos quedado un rato pensando en lo que hab\u00eda&#46;&#46;&#46;<\/p>\n","protected":false},"author":13295,"featured_media":2562,"comment_status":"open","ping_status":"open","sticky":false,"template":"","format":"standard","meta":{"ngg_post_thumbnail":0,"footnotes":""},"categories":[1],"tags":[41,42,3],"aioseo_notices":[],"_links":{"self":[{"href":"https:\/\/blogsaverroes.juntadeandalucia.es\/elblogdemiclase21a24\/wp-json\/wp\/v2\/posts\/2560"}],"collection":[{"href":"https:\/\/blogsaverroes.juntadeandalucia.es\/elblogdemiclase21a24\/wp-json\/wp\/v2\/posts"}],"about":[{"href":"https:\/\/blogsaverroes.juntadeandalucia.es\/elblogdemiclase21a24\/wp-json\/wp\/v2\/types\/post"}],"author":[{"embeddable":true,"href":"https:\/\/blogsaverroes.juntadeandalucia.es\/elblogdemiclase21a24\/wp-json\/wp\/v2\/users\/13295"}],"replies":[{"embeddable":true,"href":"https:\/\/blogsaverroes.juntadeandalucia.es\/elblogdemiclase21a24\/wp-json\/wp\/v2\/comments?post=2560"}],"version-history":[{"count":1,"href":"https:\/\/blogsaverroes.juntadeandalucia.es\/elblogdemiclase21a24\/wp-json\/wp\/v2\/posts\/2560\/revisions"}],"predecessor-version":[{"id":2563,"href":"https:\/\/blogsaverroes.juntadeandalucia.es\/elblogdemiclase21a24\/wp-json\/wp\/v2\/posts\/2560\/revisions\/2563"}],"wp:featuredmedia":[{"embeddable":true,"href":"https:\/\/blogsaverroes.juntadeandalucia.es\/elblogdemiclase21a24\/wp-json\/wp\/v2\/media\/2562"}],"wp:attachment":[{"href":"https:\/\/blogsaverroes.juntadeandalucia.es\/elblogdemiclase21a24\/wp-json\/wp\/v2\/media?parent=2560"}],"wp:term":[{"taxonomy":"category","embeddable":true,"href":"https:\/\/blogsaverroes.juntadeandalucia.es\/elblogdemiclase21a24\/wp-json\/wp\/v2\/categories?post=2560"},{"taxonomy":"post_tag","embeddable":true,"href":"https:\/\/blogsaverroes.juntadeandalucia.es\/elblogdemiclase21a24\/wp-json\/wp\/v2\/tags?post=2560"}],"curies":[{"name":"wp","href":"https:\/\/api.w.org\/{rel}","templated":true}]}}