{"id":119,"date":"2014-11-03T14:42:00","date_gmt":"2014-11-03T14:42:00","guid":{"rendered":"https:\/\/blogsaverroes.juntadeandalucia.es\/elcastillo\/2014\/11\/03\/halloween-2014\/"},"modified":"2014-11-03T14:42:00","modified_gmt":"2014-11-03T14:42:00","slug":"halloween-2014","status":"publish","type":"post","link":"https:\/\/blogsaverroes.juntadeandalucia.es\/elcastillo\/halloween-2014\/","title":{"rendered":"HALLOWEEN 2014"},"content":{"rendered":"<p>Este a\u00f1o, la celebraci\u00f3n de Halloween en nuestro centro, ha estado centrado en la figura de Dr\u00e1cula, ya que el centro de inter\u00e9s para todas las actividades complementarias y efem\u00e9rides, est\u00e1 enfocado en cuatro nacionalidades presentes en nuestro centro.  Os dejamos una muestra de lo realizado este d\u00eda. Esperemos que os guste. <embed type=\"application\/x-shockwave-flash\" src=\"https:\/\/photos.gstatic.com\/media\/slideshow.swf\" width=\"600\" height=\"400\" flashvars=\"host=picasaweb.google.com&amp;hl=es&amp;feat=flashalbum&amp;RGB=0x000000&amp;feed=https%3A%2F%2Fpicasaweb.google.com%2Fdata%2Ffeed%2Fapi%2Fuser%2F111478739495667459710%2Falbumid%2F6077485336552286529%3Falt%3Drss%26kind%3Dphoto%26hl%3Des\" pluginspage=\"http:\/\/www.macromedia.com\/go\/getflashplayer\"><\/embed><\/p>\n","protected":false},"excerpt":{"rendered":"<p>Este a\u00f1o, la celebraci\u00f3n de Halloween en nuestro centro, ha estado centrado en la figura de Dr\u00e1cula, ya que el centro de inter\u00e9s para todas las actividades complementarias y efem\u00e9rides, est\u00e1 enfocado en cuatro&#46;&#46;&#46;<\/p>\n","protected":false},"author":11420,"featured_media":0,"comment_status":"open","ping_status":"open","sticky":false,"template":"","format":"standard","meta":{"ngg_post_thumbnail":0,"footnotes":""},"categories":[1],"tags":[],"aioseo_notices":[],"_links":{"self":[{"href":"https:\/\/blogsaverroes.juntadeandalucia.es\/elcastillo\/wp-json\/wp\/v2\/posts\/119"}],"collection":[{"href":"https:\/\/blogsaverroes.juntadeandalucia.es\/elcastillo\/wp-json\/wp\/v2\/posts"}],"about":[{"href":"https:\/\/blogsaverroes.juntadeandalucia.es\/elcastillo\/wp-json\/wp\/v2\/types\/post"}],"author":[{"embeddable":true,"href":"https:\/\/blogsaverroes.juntadeandalucia.es\/elcastillo\/wp-json\/wp\/v2\/users\/11420"}],"replies":[{"embeddable":true,"href":"https:\/\/blogsaverroes.juntadeandalucia.es\/elcastillo\/wp-json\/wp\/v2\/comments?post=119"}],"version-history":[{"count":0,"href":"https:\/\/blogsaverroes.juntadeandalucia.es\/elcastillo\/wp-json\/wp\/v2\/posts\/119\/revisions"}],"wp:attachment":[{"href":"https:\/\/blogsaverroes.juntadeandalucia.es\/elcastillo\/wp-json\/wp\/v2\/media?parent=119"}],"wp:term":[{"taxonomy":"category","embeddable":true,"href":"https:\/\/blogsaverroes.juntadeandalucia.es\/elcastillo\/wp-json\/wp\/v2\/categories?post=119"},{"taxonomy":"post_tag","embeddable":true,"href":"https:\/\/blogsaverroes.juntadeandalucia.es\/elcastillo\/wp-json\/wp\/v2\/tags?post=119"}],"curies":[{"name":"wp","href":"https:\/\/api.w.org\/{rel}","templated":true}]}}