{"id":126,"date":"2013-11-26T12:47:00","date_gmt":"2013-11-26T12:47:00","guid":{"rendered":"https:\/\/blogsaverroes.juntadeandalucia.es\/elcastillo\/2013\/11\/26\/ii-certamen-de-relatos-navidenos\/"},"modified":"2013-11-26T12:47:00","modified_gmt":"2013-11-26T12:47:00","slug":"ii-certamen-de-relatos-navidenos","status":"publish","type":"post","link":"https:\/\/blogsaverroes.juntadeandalucia.es\/elcastillo\/ii-certamen-de-relatos-navidenos\/","title":{"rendered":"II CERTAMEN DE RELATOS NAVIDE\u00d1OS"},"content":{"rendered":"<p><b>Queridos alumnos y alumnas: \u00a1Aqu\u00ed ten\u00e9is un nuevo reto para que nos dej\u00e9is sorprendidos con vuestros escritos! Os proponemos la participaci\u00f3n en el II Certamen de relatos navide\u00f1os.  \u00c1NIMO !!!!  PODR\u00c9IS CONSEGUIR UN REGALO FANT\u00c1STICO.<\/b> <b>No olvid\u00e9is consultar las bases para participar<\/b><br \/><b><a href=\"https:\/\/drive.google.com\/file\/d\/0B8g96bZMfjFpNG4teEhlQmZJVms\/edit?usp=sharing\" target=\"_blank\" rel=\"noopener noreferrer\">BASES DEL CERTAMEN<\/a><i><\/i><\/b><\/p>\n","protected":false},"excerpt":{"rendered":"<p>Queridos alumnos y alumnas: \u00a1Aqu\u00ed ten\u00e9is un nuevo reto para que nos dej\u00e9is sorprendidos con vuestros escritos! Os proponemos la participaci\u00f3n en el II Certamen de relatos navide\u00f1os. \u00c1NIMO !!!! PODR\u00c9IS CONSEGUIR UN REGALO&#46;&#46;&#46;<\/p>\n","protected":false},"author":11420,"featured_media":0,"comment_status":"open","ping_status":"open","sticky":false,"template":"","format":"standard","meta":{"ngg_post_thumbnail":0,"footnotes":""},"categories":[1],"tags":[],"aioseo_notices":[],"_links":{"self":[{"href":"https:\/\/blogsaverroes.juntadeandalucia.es\/elcastillo\/wp-json\/wp\/v2\/posts\/126"}],"collection":[{"href":"https:\/\/blogsaverroes.juntadeandalucia.es\/elcastillo\/wp-json\/wp\/v2\/posts"}],"about":[{"href":"https:\/\/blogsaverroes.juntadeandalucia.es\/elcastillo\/wp-json\/wp\/v2\/types\/post"}],"author":[{"embeddable":true,"href":"https:\/\/blogsaverroes.juntadeandalucia.es\/elcastillo\/wp-json\/wp\/v2\/users\/11420"}],"replies":[{"embeddable":true,"href":"https:\/\/blogsaverroes.juntadeandalucia.es\/elcastillo\/wp-json\/wp\/v2\/comments?post=126"}],"version-history":[{"count":0,"href":"https:\/\/blogsaverroes.juntadeandalucia.es\/elcastillo\/wp-json\/wp\/v2\/posts\/126\/revisions"}],"wp:attachment":[{"href":"https:\/\/blogsaverroes.juntadeandalucia.es\/elcastillo\/wp-json\/wp\/v2\/media?parent=126"}],"wp:term":[{"taxonomy":"category","embeddable":true,"href":"https:\/\/blogsaverroes.juntadeandalucia.es\/elcastillo\/wp-json\/wp\/v2\/categories?post=126"},{"taxonomy":"post_tag","embeddable":true,"href":"https:\/\/blogsaverroes.juntadeandalucia.es\/elcastillo\/wp-json\/wp\/v2\/tags?post=126"}],"curies":[{"name":"wp","href":"https:\/\/api.w.org\/{rel}","templated":true}]}}