{"id":133,"date":"2013-02-18T16:43:00","date_gmt":"2013-02-18T16:43:00","guid":{"rendered":"https:\/\/blogsaverroes.juntadeandalucia.es\/elcastillo\/2013\/02\/18\/carnaval-carnaval\/"},"modified":"2013-02-18T16:43:00","modified_gmt":"2013-02-18T16:43:00","slug":"carnaval-carnaval","status":"publish","type":"post","link":"https:\/\/blogsaverroes.juntadeandalucia.es\/elcastillo\/carnaval-carnaval\/","title":{"rendered":"CARNAVAL, CARNAVAL!!!"},"content":{"rendered":"<p>El&nbsp;CARNAVAL llega al CEIP Castillo de los Z\u00fa\u00f1iga y viste de color a los alumnos y alumnas de educacion infantil. Tambi\u00e9n a sus maestras!!!<\/p>\n<p>El alumnado realiza un desfile por las aulas de educacion primaria. Alguno de ellos se encuentran con sus hermanos mayores. Podeis ver las fotos en el enlace.<\/p>\n<p><embed type=\"application\/x-shockwave-flash\" src=\"https:\/\/picasaweb.google.com\/s\/c\/bin\/slideshow.swf\" width=\"400\" height=\"267\" flashvars=\"host=picasaweb.google.com&amp;hl=es&amp;feat=flashalbum&amp;RGB=0x000000&amp;feed=https%3A%2F%2Fpicasaweb.google.com%2Fdata%2Ffeed%2Fapi%2Fuser%2F111478739495667459710%2Falbumid%2F5846331898528082193%3Falt%3Drss%26kind%3Dphoto%26hl%3Des\" pluginspage=\"http:\/\/www.macromedia.com\/go\/getflashplayer\"><\/embed><\/p>\n","protected":false},"excerpt":{"rendered":"<p>El&nbsp;CARNAVAL llega al CEIP Castillo de los Z\u00fa\u00f1iga y viste de color a los alumnos y alumnas de educacion infantil. Tambi\u00e9n a sus maestras!!! El alumnado realiza un desfile por las aulas de educacion&#46;&#46;&#46;<\/p>\n","protected":false},"author":11420,"featured_media":0,"comment_status":"open","ping_status":"open","sticky":false,"template":"","format":"standard","meta":{"ngg_post_thumbnail":0,"footnotes":""},"categories":[1],"tags":[],"aioseo_notices":[],"_links":{"self":[{"href":"https:\/\/blogsaverroes.juntadeandalucia.es\/elcastillo\/wp-json\/wp\/v2\/posts\/133"}],"collection":[{"href":"https:\/\/blogsaverroes.juntadeandalucia.es\/elcastillo\/wp-json\/wp\/v2\/posts"}],"about":[{"href":"https:\/\/blogsaverroes.juntadeandalucia.es\/elcastillo\/wp-json\/wp\/v2\/types\/post"}],"author":[{"embeddable":true,"href":"https:\/\/blogsaverroes.juntadeandalucia.es\/elcastillo\/wp-json\/wp\/v2\/users\/11420"}],"replies":[{"embeddable":true,"href":"https:\/\/blogsaverroes.juntadeandalucia.es\/elcastillo\/wp-json\/wp\/v2\/comments?post=133"}],"version-history":[{"count":0,"href":"https:\/\/blogsaverroes.juntadeandalucia.es\/elcastillo\/wp-json\/wp\/v2\/posts\/133\/revisions"}],"wp:attachment":[{"href":"https:\/\/blogsaverroes.juntadeandalucia.es\/elcastillo\/wp-json\/wp\/v2\/media?parent=133"}],"wp:term":[{"taxonomy":"category","embeddable":true,"href":"https:\/\/blogsaverroes.juntadeandalucia.es\/elcastillo\/wp-json\/wp\/v2\/categories?post=133"},{"taxonomy":"post_tag","embeddable":true,"href":"https:\/\/blogsaverroes.juntadeandalucia.es\/elcastillo\/wp-json\/wp\/v2\/tags?post=133"}],"curies":[{"name":"wp","href":"https:\/\/api.w.org\/{rel}","templated":true}]}}