{"id":134,"date":"2013-02-13T08:15:00","date_gmt":"2013-02-13T08:15:00","guid":{"rendered":"https:\/\/blogsaverroes.juntadeandalucia.es\/elcastillo\/2013\/02\/13\/ii-jornadas-romanas\/"},"modified":"2013-02-13T08:15:00","modified_gmt":"2013-02-13T08:15:00","slug":"ii-jornadas-romanas","status":"publish","type":"post","link":"https:\/\/blogsaverroes.juntadeandalucia.es\/elcastillo\/ii-jornadas-romanas\/","title":{"rendered":"II JORNADAS ROMANAS"},"content":{"rendered":"<p>El CEIP CASTILLO DE LOS Z\u00da\u00d1IGA celebrar\u00e1 al igual que el curso anterior las II Jornadas con motivo de la celebraci\u00f3n del d\u00eda de Andaluc\u00eda. Este a\u00f1o las jornadas est\u00e1n dedicadas a la cultura romana : <strong>LA HISPANIA ROMANA.<\/strong><br \/>Los d\u00edas <strong>25 y 26 de febrero<\/strong> el alumnado participar\u00e1 en distintos&nbsp;<strong>TALLERES<\/strong> tales como: MOSAICOS, MONEDAS, TIZAS, LIBROS ENROLLABLES, DE CERA, MOLINOS,M\u00c1SCARAS, VASIJAS&#8230;Para ello contaremos con la colaboraci\u00f3n de las familias.<\/p>\n<p>El d\u00eda <strong>27de febrero<\/strong>&nbsp;celebraremos una jornada de <strong>PUERTAS ABIERTAS<\/strong>&nbsp;donde la Comunidad Educativa disfrutar\u00e1 de un Desfile Romano, visita a la Exposicion&nbsp; y ser\u00e1 una oportunidad para un dia de convivencia, pudiendo degustar productos gastron\u00f3micos para colaborar con el viaje fin de etapa de nuestro alumnado.<\/p>\n<p>Pincha en el link para poder ver el diptico.<br \/><a href=\"https:\/\/docs.google.com\/file\/d\/0B8g96bZMfjFpYmxpMDVuTEtDUU0\/edit\" target=\"_blank\" rel=\"noopener noreferrer\">diptico interior<\/a><br \/><a href=\"https:\/\/docs.google.com\/file\/d\/0B8g96bZMfjFpWmJCSHZTbGY0dlE\/edit\" target=\"_blank\" rel=\"noopener noreferrer\">portada diptico<\/a><\/p>\n","protected":false},"excerpt":{"rendered":"<p>El CEIP CASTILLO DE LOS Z\u00da\u00d1IGA celebrar\u00e1 al igual que el curso anterior las II Jornadas con motivo de la celebraci\u00f3n del d\u00eda de Andaluc\u00eda. Este a\u00f1o las jornadas est\u00e1n dedicadas a la cultura&#46;&#46;&#46;<\/p>\n","protected":false},"author":11420,"featured_media":0,"comment_status":"open","ping_status":"open","sticky":false,"template":"","format":"standard","meta":{"ngg_post_thumbnail":0,"footnotes":""},"categories":[1],"tags":[],"aioseo_notices":[],"_links":{"self":[{"href":"https:\/\/blogsaverroes.juntadeandalucia.es\/elcastillo\/wp-json\/wp\/v2\/posts\/134"}],"collection":[{"href":"https:\/\/blogsaverroes.juntadeandalucia.es\/elcastillo\/wp-json\/wp\/v2\/posts"}],"about":[{"href":"https:\/\/blogsaverroes.juntadeandalucia.es\/elcastillo\/wp-json\/wp\/v2\/types\/post"}],"author":[{"embeddable":true,"href":"https:\/\/blogsaverroes.juntadeandalucia.es\/elcastillo\/wp-json\/wp\/v2\/users\/11420"}],"replies":[{"embeddable":true,"href":"https:\/\/blogsaverroes.juntadeandalucia.es\/elcastillo\/wp-json\/wp\/v2\/comments?post=134"}],"version-history":[{"count":0,"href":"https:\/\/blogsaverroes.juntadeandalucia.es\/elcastillo\/wp-json\/wp\/v2\/posts\/134\/revisions"}],"wp:attachment":[{"href":"https:\/\/blogsaverroes.juntadeandalucia.es\/elcastillo\/wp-json\/wp\/v2\/media?parent=134"}],"wp:term":[{"taxonomy":"category","embeddable":true,"href":"https:\/\/blogsaverroes.juntadeandalucia.es\/elcastillo\/wp-json\/wp\/v2\/categories?post=134"},{"taxonomy":"post_tag","embeddable":true,"href":"https:\/\/blogsaverroes.juntadeandalucia.es\/elcastillo\/wp-json\/wp\/v2\/tags?post=134"}],"curies":[{"name":"wp","href":"https:\/\/api.w.org\/{rel}","templated":true}]}}