{"id":140,"date":"2012-10-26T11:33:00","date_gmt":"2012-10-26T11:33:00","guid":{"rendered":"https:\/\/blogsaverroes.juntadeandalucia.es\/elcastillo\/2012\/10\/26\/i-certamen-de-relatos-navidenos\/"},"modified":"2012-10-26T11:33:00","modified_gmt":"2012-10-26T11:33:00","slug":"i-certamen-de-relatos-navidenos","status":"publish","type":"post","link":"https:\/\/blogsaverroes.juntadeandalucia.es\/elcastillo\/i-certamen-de-relatos-navidenos\/","title":{"rendered":"I CERTAMEN DE RELATOS NAVIDE\u00d1OS"},"content":{"rendered":"<p>Con motivo de la celebraci\u00f3n de las fiestas navide\u00f1as, el alumnado del 3\u00ba ciclo de Primaria podr\u00e1 participar en el I Certamen de Relatos Navide\u00f1os que se va a realizar en nuestro centro. Pica en el link para descubrir las bases del concurso.<\/p>\n<p><a href=\"https:\/\/docs.google.com\/open?id=0B8g96bZMfjFpMkdyNUt1d25CUEk\" target=\"_blank\" rel=\"noopener noreferrer\">Bases del concurso<\/a><\/p>\n","protected":false},"excerpt":{"rendered":"<p>Con motivo de la celebraci\u00f3n de las fiestas navide\u00f1as, el alumnado del 3\u00ba ciclo de Primaria podr\u00e1 participar en el I Certamen de Relatos Navide\u00f1os que se va a realizar en nuestro centro. Pica&#46;&#46;&#46;<\/p>\n","protected":false},"author":11420,"featured_media":0,"comment_status":"open","ping_status":"open","sticky":false,"template":"","format":"standard","meta":{"ngg_post_thumbnail":0,"footnotes":""},"categories":[1],"tags":[],"aioseo_notices":[],"_links":{"self":[{"href":"https:\/\/blogsaverroes.juntadeandalucia.es\/elcastillo\/wp-json\/wp\/v2\/posts\/140"}],"collection":[{"href":"https:\/\/blogsaverroes.juntadeandalucia.es\/elcastillo\/wp-json\/wp\/v2\/posts"}],"about":[{"href":"https:\/\/blogsaverroes.juntadeandalucia.es\/elcastillo\/wp-json\/wp\/v2\/types\/post"}],"author":[{"embeddable":true,"href":"https:\/\/blogsaverroes.juntadeandalucia.es\/elcastillo\/wp-json\/wp\/v2\/users\/11420"}],"replies":[{"embeddable":true,"href":"https:\/\/blogsaverroes.juntadeandalucia.es\/elcastillo\/wp-json\/wp\/v2\/comments?post=140"}],"version-history":[{"count":0,"href":"https:\/\/blogsaverroes.juntadeandalucia.es\/elcastillo\/wp-json\/wp\/v2\/posts\/140\/revisions"}],"wp:attachment":[{"href":"https:\/\/blogsaverroes.juntadeandalucia.es\/elcastillo\/wp-json\/wp\/v2\/media?parent=140"}],"wp:term":[{"taxonomy":"category","embeddable":true,"href":"https:\/\/blogsaverroes.juntadeandalucia.es\/elcastillo\/wp-json\/wp\/v2\/categories?post=140"},{"taxonomy":"post_tag","embeddable":true,"href":"https:\/\/blogsaverroes.juntadeandalucia.es\/elcastillo\/wp-json\/wp\/v2\/tags?post=140"}],"curies":[{"name":"wp","href":"https:\/\/api.w.org\/{rel}","templated":true}]}}