{"id":153,"date":"2009-05-20T11:39:00","date_gmt":"2009-05-20T11:39:00","guid":{"rendered":"https:\/\/blogsaverroes.juntadeandalucia.es\/elcastillo\/2009\/05\/20\/una-madre-en-el-aula\/"},"modified":"2009-05-20T11:39:00","modified_gmt":"2009-05-20T11:39:00","slug":"una-madre-en-el-aula","status":"publish","type":"post","link":"https:\/\/blogsaverroes.juntadeandalucia.es\/elcastillo\/una-madre-en-el-aula\/","title":{"rendered":"Una madre en el aula"},"content":{"rendered":"<p><a href=\"http:\/\/3.bp.blogspot.com\/_F3diL4x7pPY\/ShPtztjP8zI\/AAAAAAAAABA\/KBD2Tac752U\/s1600-h\/foto+revis.jpg\"><img decoding=\"async\" style=\"margin: 0pt 0pt 10px 10px;float: right;cursor: pointer;width: 227px;height: 320px\" src=\"http:\/\/3.bp.blogspot.com\/_F3diL4x7pPY\/ShPtztjP8zI\/AAAAAAAAABA\/KBD2Tac752U\/s320\/foto+revis.jpg\" alt=\"\" id=\"BLOGGER_PHOTO_ID_5337871456020722482\" border=\"0\" \/><\/a><\/p>\n<div style=\"text-align: justify\">El d\u00eda 31 de marzo contamos con la colaboraci\u00f3n de la madre de un alumno de la clase de 4\u00ba de Primaria. Nos cont\u00f3 un cuento \u00abLa cebra y el caballo\u00bb que reflejaba valores como la amistad, la solidaridad y la no discriminaci\u00f3n. Luego los alumnos y alumnas realizaron actividades de comprensi\u00f3n relacionadas con todas las \u00e1reas. Fue una actividad muy atractiva y valorada por todos.<\/div>\n","protected":false},"excerpt":{"rendered":"<p>El d\u00eda 31 de marzo contamos con la colaboraci\u00f3n de la madre de un alumno de la clase de 4\u00ba de Primaria. Nos cont\u00f3 un cuento \u00abLa cebra y el caballo\u00bb que reflejaba valores&#46;&#46;&#46;<\/p>\n","protected":false},"author":11420,"featured_media":0,"comment_status":"open","ping_status":"open","sticky":false,"template":"","format":"standard","meta":{"ngg_post_thumbnail":0,"footnotes":""},"categories":[1],"tags":[],"aioseo_notices":[],"_links":{"self":[{"href":"https:\/\/blogsaverroes.juntadeandalucia.es\/elcastillo\/wp-json\/wp\/v2\/posts\/153"}],"collection":[{"href":"https:\/\/blogsaverroes.juntadeandalucia.es\/elcastillo\/wp-json\/wp\/v2\/posts"}],"about":[{"href":"https:\/\/blogsaverroes.juntadeandalucia.es\/elcastillo\/wp-json\/wp\/v2\/types\/post"}],"author":[{"embeddable":true,"href":"https:\/\/blogsaverroes.juntadeandalucia.es\/elcastillo\/wp-json\/wp\/v2\/users\/11420"}],"replies":[{"embeddable":true,"href":"https:\/\/blogsaverroes.juntadeandalucia.es\/elcastillo\/wp-json\/wp\/v2\/comments?post=153"}],"version-history":[{"count":0,"href":"https:\/\/blogsaverroes.juntadeandalucia.es\/elcastillo\/wp-json\/wp\/v2\/posts\/153\/revisions"}],"wp:attachment":[{"href":"https:\/\/blogsaverroes.juntadeandalucia.es\/elcastillo\/wp-json\/wp\/v2\/media?parent=153"}],"wp:term":[{"taxonomy":"category","embeddable":true,"href":"https:\/\/blogsaverroes.juntadeandalucia.es\/elcastillo\/wp-json\/wp\/v2\/categories?post=153"},{"taxonomy":"post_tag","embeddable":true,"href":"https:\/\/blogsaverroes.juntadeandalucia.es\/elcastillo\/wp-json\/wp\/v2\/tags?post=153"}],"curies":[{"name":"wp","href":"https:\/\/api.w.org\/{rel}","templated":true}]}}