{"id":62,"date":"2019-06-21T11:32:00","date_gmt":"2019-06-21T11:32:00","guid":{"rendered":""},"modified":"2020-11-27T21:00:26","modified_gmt":"2020-11-27T21:00:26","slug":"fiesta-de-fin-de-curso-2019","status":"publish","type":"post","link":"https:\/\/blogsaverroes.juntadeandalucia.es\/elcastillo\/fiesta-de-fin-de-curso-2019\/","title":{"rendered":"Fiesta de fin de curso 2019"},"content":{"rendered":"<div style=\"text-align: left\">Este curso ha sido especial por muchos motivos&#8230;y principalmente por ellos y ellas, nuestros alumn@s. Todo lo que les haga feliz es una motivaci\u00f3n para cada uno de los docentes que formamos y hemos formado este claustro&#8230;Todos los que hab\u00e9is trabajado con ellos y no hab\u00e9is podido estar presentes&#8230;para todos los alumnos, alumnas y para nuestra comunidad educativa, va dedicado este v\u00eddeo&#8230;<\/div>\n<p><\/p>\n<div style=\"text-align: center\">P.D.: El final es de obligado cumplimiento&#8230;.\ud83d\ude09\ud83d\ude01\ud83d\ude01\ud83d\ude01<\/div>\n<p><\/p>\n<div style=\"text-align: center\"><iframe loading=\"lazy\" frameborder=\"0\" height=\"315\" src=\"https:\/\/www.youtube.com\/embed\/b9I5e8LLjy4\" width=\"560\"><\/iframe><\/div>\n","protected":false},"excerpt":{"rendered":"<p>Este curso ha sido especial por muchos motivos&#8230;y principalmente por ellos y ellas, nuestros alumn@s. Todo lo que les haga feliz es una motivaci\u00f3n para cada uno de los docentes que formamos y hemos&#46;&#46;&#46;<\/p>\n","protected":false},"author":11420,"featured_media":0,"comment_status":"open","ping_status":"open","sticky":false,"template":"","format":"standard","meta":{"ngg_post_thumbnail":0,"footnotes":""},"categories":[6,7],"tags":[],"aioseo_notices":[],"_links":{"self":[{"href":"https:\/\/blogsaverroes.juntadeandalucia.es\/elcastillo\/wp-json\/wp\/v2\/posts\/62"}],"collection":[{"href":"https:\/\/blogsaverroes.juntadeandalucia.es\/elcastillo\/wp-json\/wp\/v2\/posts"}],"about":[{"href":"https:\/\/blogsaverroes.juntadeandalucia.es\/elcastillo\/wp-json\/wp\/v2\/types\/post"}],"author":[{"embeddable":true,"href":"https:\/\/blogsaverroes.juntadeandalucia.es\/elcastillo\/wp-json\/wp\/v2\/users\/11420"}],"replies":[{"embeddable":true,"href":"https:\/\/blogsaverroes.juntadeandalucia.es\/elcastillo\/wp-json\/wp\/v2\/comments?post=62"}],"version-history":[{"count":1,"href":"https:\/\/blogsaverroes.juntadeandalucia.es\/elcastillo\/wp-json\/wp\/v2\/posts\/62\/revisions"}],"predecessor-version":[{"id":155,"href":"https:\/\/blogsaverroes.juntadeandalucia.es\/elcastillo\/wp-json\/wp\/v2\/posts\/62\/revisions\/155"}],"wp:attachment":[{"href":"https:\/\/blogsaverroes.juntadeandalucia.es\/elcastillo\/wp-json\/wp\/v2\/media?parent=62"}],"wp:term":[{"taxonomy":"category","embeddable":true,"href":"https:\/\/blogsaverroes.juntadeandalucia.es\/elcastillo\/wp-json\/wp\/v2\/categories?post=62"},{"taxonomy":"post_tag","embeddable":true,"href":"https:\/\/blogsaverroes.juntadeandalucia.es\/elcastillo\/wp-json\/wp\/v2\/tags?post=62"}],"curies":[{"name":"wp","href":"https:\/\/api.w.org\/{rel}","templated":true}]}}