{"id":81,"date":"2018-12-20T09:43:00","date_gmt":"2018-12-20T09:43:00","guid":{"rendered":""},"modified":"2020-11-16T11:16:15","modified_gmt":"2020-11-16T11:16:15","slug":"mural-navideno-4ob","status":"publish","type":"post","link":"https:\/\/blogsaverroes.juntadeandalucia.es\/elcastillo\/mural-navideno-4ob\/","title":{"rendered":"Mural Navide\u00f1o 4\u00baB"},"content":{"rendered":"<p>En 4\u00baB seguimos preparando con gran ilusi\u00f3n la Navidad pr\u00f3xima, as\u00ed, en clase hemos realizado este magn\u00edfico mural para decorar el pasillo del nuestras aulas. Esperamos que os guste y&#8230;\u00a1ac\u00e9rcate y hazte una foto con el! puedes felicitar a tus familiares la Navidad de esta forma.<\/p>\n<div style=\"clear: both;text-align: center\"><a href=\"https:\/\/blogsaverroes.juntadeandalucia.es\/elcastillo\/files\/2018\/12\/4.jpeg\" style=\"margin-left: 1em;margin-right: 1em\"><img loading=\"lazy\" decoding=\"async\" border=\"0\" data-original-height=\"1200\" data-original-width=\"1600\" height=\"240\" src=\"https:\/\/blogsaverroes.juntadeandalucia.es\/elcastillo\/files\/2018\/12\/4-300x225.jpeg\" width=\"320\" \/><\/a><\/div>\n<p><\/p>\n<div style=\"clear: both;text-align: center\"><a href=\"https:\/\/blogsaverroes.juntadeandalucia.es\/elcastillo\/files\/2018\/12\/5.jpeg\" style=\"margin-left: 1em;margin-right: 1em\"><img loading=\"lazy\" decoding=\"async\" border=\"0\" data-original-height=\"1600\" data-original-width=\"1200\" height=\"320\" src=\"https:\/\/blogsaverroes.juntadeandalucia.es\/elcastillo\/files\/2018\/12\/5-225x300.jpeg\" width=\"240\" \/><\/a><\/div>\n","protected":false},"excerpt":{"rendered":"<p>En 4\u00baB seguimos preparando con gran ilusi\u00f3n la Navidad pr\u00f3xima, as\u00ed, en clase hemos realizado este magn\u00edfico mural para decorar el pasillo del nuestras aulas. Esperamos que os guste y&#8230;\u00a1ac\u00e9rcate y hazte una foto&#46;&#46;&#46;<\/p>\n","protected":false},"author":11420,"featured_media":193,"comment_status":"open","ping_status":"open","sticky":false,"template":"","format":"standard","meta":{"ngg_post_thumbnail":0,"footnotes":""},"categories":[12,6],"tags":[],"aioseo_notices":[],"_links":{"self":[{"href":"https:\/\/blogsaverroes.juntadeandalucia.es\/elcastillo\/wp-json\/wp\/v2\/posts\/81"}],"collection":[{"href":"https:\/\/blogsaverroes.juntadeandalucia.es\/elcastillo\/wp-json\/wp\/v2\/posts"}],"about":[{"href":"https:\/\/blogsaverroes.juntadeandalucia.es\/elcastillo\/wp-json\/wp\/v2\/types\/post"}],"author":[{"embeddable":true,"href":"https:\/\/blogsaverroes.juntadeandalucia.es\/elcastillo\/wp-json\/wp\/v2\/users\/11420"}],"replies":[{"embeddable":true,"href":"https:\/\/blogsaverroes.juntadeandalucia.es\/elcastillo\/wp-json\/wp\/v2\/comments?post=81"}],"version-history":[{"count":2,"href":"https:\/\/blogsaverroes.juntadeandalucia.es\/elcastillo\/wp-json\/wp\/v2\/posts\/81\/revisions"}],"predecessor-version":[{"id":203,"href":"https:\/\/blogsaverroes.juntadeandalucia.es\/elcastillo\/wp-json\/wp\/v2\/posts\/81\/revisions\/203"}],"wp:featuredmedia":[{"embeddable":true,"href":"https:\/\/blogsaverroes.juntadeandalucia.es\/elcastillo\/wp-json\/wp\/v2\/media\/193"}],"wp:attachment":[{"href":"https:\/\/blogsaverroes.juntadeandalucia.es\/elcastillo\/wp-json\/wp\/v2\/media?parent=81"}],"wp:term":[{"taxonomy":"category","embeddable":true,"href":"https:\/\/blogsaverroes.juntadeandalucia.es\/elcastillo\/wp-json\/wp\/v2\/categories?post=81"},{"taxonomy":"post_tag","embeddable":true,"href":"https:\/\/blogsaverroes.juntadeandalucia.es\/elcastillo\/wp-json\/wp\/v2\/tags?post=81"}],"curies":[{"name":"wp","href":"https:\/\/api.w.org\/{rel}","templated":true}]}}