{"id":90,"date":"2018-11-29T23:44:00","date_gmt":"2018-11-29T23:44:00","guid":{"rendered":"https:\/\/blogsaverroes.juntadeandalucia.es\/elcastillo\/2018\/11\/29\/contra-la-violencia-de-genero\/"},"modified":"2018-11-29T23:44:00","modified_gmt":"2018-11-29T23:44:00","slug":"contra-la-violencia-de-genero","status":"publish","type":"post","link":"https:\/\/blogsaverroes.juntadeandalucia.es\/elcastillo\/contra-la-violencia-de-genero\/","title":{"rendered":"Contra la violencia de g\u00e9nero"},"content":{"rendered":"<div style=\"text-align: justify\">Los centros escolares cartayeros claman contra la violencia de g\u00e9nero. Todos realizaron diferentes representaciones y actuaciones musicales para concienciar a la sociedad sobre la necesidad de creer en la igualdad de g\u00e9nero y especialmente en luchar contra la violencia de g\u00e9nero. El Ceip Castillo de los Z\u00fa\u00f1iga, acudi\u00f3 con una representaci\u00f3n de alumnos del tercer ciclo para realizar su actuaci\u00f3n junto con la coordinadora del programa de igualdad de g\u00e9nero Sandra; &nbsp;\u00c1ngel,&nbsp;el maestro de m\u00fasica y creador del rap que se represent\u00f3 y la maestra Carmen, antigua coordinadora del anterior plan ya mencionado.&nbsp;<\/div>\n<div style=\"text-align: justify\"><\/div>\n<div style=\"text-align: justify\">Aqu\u00ed ten\u00e9is el enlace de la noticia del Ayuntamiento de cartaya y algunas im\u00e1genes.<\/div>\n<div style=\"text-align: justify\"><\/div>\n<div style=\"text-align: justify\"><a href=\"http:\/\/cartaya.es\/es\/noticias\/los-centros-escolares-cartayeros-claman-contra-la-violencia-de-genero\">http:\/\/cartaya.es\/es\/noticias\/los-centros-escolares-cartayeros-claman-contra-la-violencia-de-genero<\/a><\/div>\n<div style=\"text-align: justify\"><\/div>\n<div style=\"clear: both;text-align: center\"><a href=\"https:\/\/3.bp.blogspot.com\/-MErnge3wBlw\/XAB5FZuiVeI\/AAAAAAAACDI\/Nk163Y5x38ANu0Odv94xYm0DraMZJysFACLcBGAs\/s1600\/Captura%2Bde%2Bpantalla%2B2018-11-30%2Ba%2Blas%2B0.36.21.png\" style=\"margin-left: 1em;margin-right: 1em\"><img loading=\"lazy\" decoding=\"async\" border=\"0\" data-original-height=\"1076\" data-original-width=\"1600\" height=\"214\" src=\"https:\/\/3.bp.blogspot.com\/-MErnge3wBlw\/XAB5FZuiVeI\/AAAAAAAACDI\/Nk163Y5x38ANu0Odv94xYm0DraMZJysFACLcBGAs\/s320\/Captura%2Bde%2Bpantalla%2B2018-11-30%2Ba%2Blas%2B0.36.21.png\" width=\"320\" \/><\/a><\/div>\n<p><\/p>\n<div style=\"clear: both;text-align: center\"><a href=\"https:\/\/2.bp.blogspot.com\/-TkOzBF8YxHU\/XAB5FsRTkjI\/AAAAAAAACDM\/yf3CzKsnGxUU_RMY4fKW6nA1Etgzxq67gCLcBGAs\/s1600\/Captura%2Bde%2Bpantalla%2B2018-11-30%2Ba%2Blas%2B0.37.02.png\" style=\"margin-left: 1em;margin-right: 1em\"><img loading=\"lazy\" decoding=\"async\" border=\"0\" data-original-height=\"1067\" data-original-width=\"1600\" height=\"212\" src=\"https:\/\/2.bp.blogspot.com\/-TkOzBF8YxHU\/XAB5FsRTkjI\/AAAAAAAACDM\/yf3CzKsnGxUU_RMY4fKW6nA1Etgzxq67gCLcBGAs\/s320\/Captura%2Bde%2Bpantalla%2B2018-11-30%2Ba%2Blas%2B0.37.02.png\" width=\"320\" \/><\/a><\/div>\n<div><\/div>\n","protected":false},"excerpt":{"rendered":"<p>Los centros escolares cartayeros claman contra la violencia de g\u00e9nero. Todos realizaron diferentes representaciones y actuaciones musicales para concienciar a la sociedad sobre la necesidad de creer en la igualdad de g\u00e9nero y especialmente&#46;&#46;&#46;<\/p>\n","protected":false},"author":11420,"featured_media":0,"comment_status":"open","ping_status":"open","sticky":false,"template":"","format":"standard","meta":{"ngg_post_thumbnail":0,"footnotes":""},"categories":[6],"tags":[],"aioseo_notices":[],"_links":{"self":[{"href":"https:\/\/blogsaverroes.juntadeandalucia.es\/elcastillo\/wp-json\/wp\/v2\/posts\/90"}],"collection":[{"href":"https:\/\/blogsaverroes.juntadeandalucia.es\/elcastillo\/wp-json\/wp\/v2\/posts"}],"about":[{"href":"https:\/\/blogsaverroes.juntadeandalucia.es\/elcastillo\/wp-json\/wp\/v2\/types\/post"}],"author":[{"embeddable":true,"href":"https:\/\/blogsaverroes.juntadeandalucia.es\/elcastillo\/wp-json\/wp\/v2\/users\/11420"}],"replies":[{"embeddable":true,"href":"https:\/\/blogsaverroes.juntadeandalucia.es\/elcastillo\/wp-json\/wp\/v2\/comments?post=90"}],"version-history":[{"count":0,"href":"https:\/\/blogsaverroes.juntadeandalucia.es\/elcastillo\/wp-json\/wp\/v2\/posts\/90\/revisions"}],"wp:attachment":[{"href":"https:\/\/blogsaverroes.juntadeandalucia.es\/elcastillo\/wp-json\/wp\/v2\/media?parent=90"}],"wp:term":[{"taxonomy":"category","embeddable":true,"href":"https:\/\/blogsaverroes.juntadeandalucia.es\/elcastillo\/wp-json\/wp\/v2\/categories?post=90"},{"taxonomy":"post_tag","embeddable":true,"href":"https:\/\/blogsaverroes.juntadeandalucia.es\/elcastillo\/wp-json\/wp\/v2\/tags?post=90"}],"curies":[{"name":"wp","href":"https:\/\/api.w.org\/{rel}","templated":true}]}}