{"id":109,"date":"2019-11-13T11:52:14","date_gmt":"2019-11-13T10:52:14","guid":{"rendered":"https:\/\/blogsaverroes.juntadeandalucia.es\/elcastilloigualdad\/?p=109"},"modified":"2020-11-19T12:52:00","modified_gmt":"2020-11-19T11:52:00","slug":"guinol","status":"publish","type":"post","link":"https:\/\/blogsaverroes.juntadeandalucia.es\/elcastilloigualdad\/?p=109","title":{"rendered":"\u00abLos ni\u00f1os NO SE COMEN\u00bb"},"content":{"rendered":"<p style=\"text-align: justify\"><strong>\u00abLos ni\u00f1os no se comen\u00bb<\/strong> es el t\u00edtulo del primer cuento con el que iniciamos este curso 2020\/21 el Programa de Valores y Educaci\u00f3n Emocional.<\/p>\n<p style=\"text-align: justify\">Se han repatieron entre el alumnado la primera de las tarjetas que mensualmente ir\u00e1n apareciendo. En este mes de octubre el valor que se trabaja es <span style=\"color: #ff0000\"><strong>LA RESPONSABILIDAD<\/strong><\/span> y la emoci\u00f3n relacionada <strong><span style=\"color: #ff0000\">LA ALEGR\u00cdA<\/span>.<\/strong><\/p>\n<p style=\"text-align: justify\">Debido a las circunstancias, no podemos hacerlo como otros cursos, una actuaci\u00f3n dirigida a todo el alumnado del centro, no podemos mezclar grupos de convivencia, as\u00ed que lo hemos hecho solo para el alumnado del nivel de 3 a\u00f1os, el pr\u00f3ximo mes para el de 4 a\u00f1os y al siguiente para 5 a\u00f1os, esa es la previsi\u00f3n inicial. En las clases que no hayan podido asistir se proyectar\u00e1 el video.<\/p>\n<p style=\"text-align: justify\">Pero lo hemos grabado y, aunque nuestros medios t\u00e9cnicos no son los mejores que nos gustar\u00eda, el sonido es medianamente aceptable, sobre todo teniendo en cuenta que los \u00abactores y actrices\u00bb\u00bb deben usar&nbsp; mascarilla.<\/p>\n<p><iframe loading=\"lazy\" src=\"https:\/\/www.youtube.com\/embed\/v2qmKE-k38U\" width=\"640\" height=\"362\" frameborder=\"0\"><\/iframe>&nbsp;<\/p>\n","protected":false},"excerpt":{"rendered":"<p>\u00abLos ni\u00f1os no se comen\u00bb es el t\u00edtulo del primer cuento con el que iniciamos este curso 2020\/21 el Programa de Valores y Educaci\u00f3n Emocional. Se han repatieron entre el alumnado la primera de&#46;&#46;&#46;<\/p>\n","protected":false},"author":3249,"featured_media":0,"comment_status":"closed","ping_status":"closed","sticky":false,"template":"","format":"standard","meta":{"ngg_post_thumbnail":0,"footnotes":""},"categories":[926],"tags":[],"aioseo_notices":[],"_links":{"self":[{"href":"https:\/\/blogsaverroes.juntadeandalucia.es\/elcastilloigualdad\/index.php?rest_route=\/wp\/v2\/posts\/109"}],"collection":[{"href":"https:\/\/blogsaverroes.juntadeandalucia.es\/elcastilloigualdad\/index.php?rest_route=\/wp\/v2\/posts"}],"about":[{"href":"https:\/\/blogsaverroes.juntadeandalucia.es\/elcastilloigualdad\/index.php?rest_route=\/wp\/v2\/types\/post"}],"author":[{"embeddable":true,"href":"https:\/\/blogsaverroes.juntadeandalucia.es\/elcastilloigualdad\/index.php?rest_route=\/wp\/v2\/users\/3249"}],"replies":[{"embeddable":true,"href":"https:\/\/blogsaverroes.juntadeandalucia.es\/elcastilloigualdad\/index.php?rest_route=%2Fwp%2Fv2%2Fcomments&post=109"}],"version-history":[{"count":9,"href":"https:\/\/blogsaverroes.juntadeandalucia.es\/elcastilloigualdad\/index.php?rest_route=\/wp\/v2\/posts\/109\/revisions"}],"predecessor-version":[{"id":263,"href":"https:\/\/blogsaverroes.juntadeandalucia.es\/elcastilloigualdad\/index.php?rest_route=\/wp\/v2\/posts\/109\/revisions\/263"}],"wp:attachment":[{"href":"https:\/\/blogsaverroes.juntadeandalucia.es\/elcastilloigualdad\/index.php?rest_route=%2Fwp%2Fv2%2Fmedia&parent=109"}],"wp:term":[{"taxonomy":"category","embeddable":true,"href":"https:\/\/blogsaverroes.juntadeandalucia.es\/elcastilloigualdad\/index.php?rest_route=%2Fwp%2Fv2%2Fcategories&post=109"},{"taxonomy":"post_tag","embeddable":true,"href":"https:\/\/blogsaverroes.juntadeandalucia.es\/elcastilloigualdad\/index.php?rest_route=%2Fwp%2Fv2%2Ftags&post=109"}],"curies":[{"name":"wp","href":"https:\/\/api.w.org\/{rel}","templated":true}]}}