{"id":427,"date":"2021-05-11T17:54:07","date_gmt":"2021-05-11T15:54:07","guid":{"rendered":"https:\/\/blogsaverroes.juntadeandalucia.es\/elcastilloigualdad\/?p=427"},"modified":"2021-05-11T17:54:07","modified_gmt":"2021-05-11T15:54:07","slug":"la-ovejita-que-vino-a-cenar","status":"publish","type":"post","link":"https:\/\/blogsaverroes.juntadeandalucia.es\/elcastilloigualdad\/?p=427","title":{"rendered":"\u00abLa ovejita que vino a cenar\u00bb"},"content":{"rendered":"<p style=\"text-align: justify\"><img loading=\"lazy\" decoding=\"async\" class=\"wp-image-419 alignleft\" src=\"https:\/\/blogsaverroes.juntadeandalucia.es\/elcastilloigualdad\/files\/2021\/05\/Imagen_cuentoValores_8-300x269.jpg\" alt=\"\" width=\"188\" height=\"169\" srcset=\"https:\/\/blogsaverroes.juntadeandalucia.es\/elcastilloigualdad\/files\/2021\/05\/Imagen_cuentoValores_8-300x269.jpg 300w, https:\/\/blogsaverroes.juntadeandalucia.es\/elcastilloigualdad\/files\/2021\/05\/Imagen_cuentoValores_8-1024x917.jpg 1024w, https:\/\/blogsaverroes.juntadeandalucia.es\/elcastilloigualdad\/files\/2021\/05\/Imagen_cuentoValores_8-768x688.jpg 768w, https:\/\/blogsaverroes.juntadeandalucia.es\/elcastilloigualdad\/files\/2021\/05\/Imagen_cuentoValores_8-1536x1375.jpg 1536w, https:\/\/blogsaverroes.juntadeandalucia.es\/elcastilloigualdad\/files\/2021\/05\/Imagen_cuentoValores_8.jpg 2028w\" sizes=\"(max-width: 188px) 100vw, 188px\" \/><strong>\u00abLA OVEJITA QUE VINO A CENAR\u00bb<\/strong> es un cuento delicioso repleto de valores como la amistad, la generosidad y la aceptaci\u00f3n de las diferencias, no es simplemente un cuento gracioso sino que transmite un mensaje sobre la necesidad de dar y recibir cari\u00f1o, sobre lo satisfactorio que puede ser cuidar de alguien que nos necesita y que podemos hacer feliz.<\/p>\n<p style=\"text-align: justify\">En el centro lo hemos utilizado para trabajar en el programa de Valores y Educaci\u00f3n emocional el valor de <span style=\"color: #ff0000\"><strong>la vida social<\/strong><\/span> y <span style=\"color: #ff0000\"><strong>la aceptaci\u00f3n<\/strong> <\/span>como&nbsp; emoci\u00f3n relacionada.<\/p>\n<p style=\"text-align: justify\">El protagonista del cuento es un lobo que sue\u00f1a con poner punto y final a su forzosa dieta vegetariana y poder disfrutar de su comida favorita, un buen estofado de oveja. La suerte quiso en justa en aquel instante una ovejita tocase a su puerta, el lobo muy alegre, se dio cuenta que la ovejita no estaba en las mejores condiciones para ser cocinada ya que fuera hac\u00eda fr\u00edo y estaba nevando, la ovejita estaba helada, temblaba de frio y adem\u00e1s ten\u00eda hipo.<\/p>\n<p style=\"text-align: justify\">Mientras solucionaba esos problemillas, poco a poco le fue tomando tanto cari\u00f1o que decide echarla de casa para no com\u00e9rsela. Y no contamos m\u00e1s porque lo que hace es ver, leer y disfrutar del cuento.<\/p>\n<p>Su autor es el ingl\u00e9s Steve Smallman, se le conoce como \u00abel artista de los animales\u00bb porque le gusta mucho dibujar animales y dotarlos de rasgos humanos. El cuento est\u00e1 fant\u00e1sticamente ilustrado por la francesa Jolle Dreidemy.<\/p>\n<p>&nbsp;<\/p>\n","protected":false},"excerpt":{"rendered":"<p>\u00abLA OVEJITA QUE VINO A CENAR\u00bb es un cuento delicioso repleto de valores como la amistad, la generosidad y la aceptaci\u00f3n de las diferencias, no es simplemente un cuento gracioso sino que transmite un&#46;&#46;&#46;<\/p>\n","protected":false},"author":3249,"featured_media":0,"comment_status":"closed","ping_status":"closed","sticky":false,"template":"","format":"standard","meta":{"ngg_post_thumbnail":0,"footnotes":""},"categories":[926],"tags":[],"aioseo_notices":[],"_links":{"self":[{"href":"https:\/\/blogsaverroes.juntadeandalucia.es\/elcastilloigualdad\/index.php?rest_route=\/wp\/v2\/posts\/427"}],"collection":[{"href":"https:\/\/blogsaverroes.juntadeandalucia.es\/elcastilloigualdad\/index.php?rest_route=\/wp\/v2\/posts"}],"about":[{"href":"https:\/\/blogsaverroes.juntadeandalucia.es\/elcastilloigualdad\/index.php?rest_route=\/wp\/v2\/types\/post"}],"author":[{"embeddable":true,"href":"https:\/\/blogsaverroes.juntadeandalucia.es\/elcastilloigualdad\/index.php?rest_route=\/wp\/v2\/users\/3249"}],"replies":[{"embeddable":true,"href":"https:\/\/blogsaverroes.juntadeandalucia.es\/elcastilloigualdad\/index.php?rest_route=%2Fwp%2Fv2%2Fcomments&post=427"}],"version-history":[{"count":1,"href":"https:\/\/blogsaverroes.juntadeandalucia.es\/elcastilloigualdad\/index.php?rest_route=\/wp\/v2\/posts\/427\/revisions"}],"predecessor-version":[{"id":428,"href":"https:\/\/blogsaverroes.juntadeandalucia.es\/elcastilloigualdad\/index.php?rest_route=\/wp\/v2\/posts\/427\/revisions\/428"}],"wp:attachment":[{"href":"https:\/\/blogsaverroes.juntadeandalucia.es\/elcastilloigualdad\/index.php?rest_route=%2Fwp%2Fv2%2Fmedia&parent=427"}],"wp:term":[{"taxonomy":"category","embeddable":true,"href":"https:\/\/blogsaverroes.juntadeandalucia.es\/elcastilloigualdad\/index.php?rest_route=%2Fwp%2Fv2%2Fcategories&post=427"},{"taxonomy":"post_tag","embeddable":true,"href":"https:\/\/blogsaverroes.juntadeandalucia.es\/elcastilloigualdad\/index.php?rest_route=%2Fwp%2Fv2%2Ftags&post=427"}],"curies":[{"name":"wp","href":"https:\/\/api.w.org\/{rel}","templated":true}]}}