{"id":627,"date":"2024-04-18T09:36:24","date_gmt":"2024-04-18T09:36:24","guid":{"rendered":"https:\/\/blogsaverroes.juntadeandalucia.es\/electricidadiesalfaguara\/?p=627"},"modified":"2024-04-18T09:46:49","modified_gmt":"2024-04-18T09:46:49","slug":"visita-coop-agricola-san-isidro-de-loja","status":"publish","type":"post","link":"https:\/\/blogsaverroes.juntadeandalucia.es\/electricidadiesalfaguara\/2024\/04\/18\/visita-coop-agricola-san-isidro-de-loja\/","title":{"rendered":"Visita Coop. Agr\u00edcola San Isidro de Loja"},"content":{"rendered":"<p>El pasado Mi\u00e9rcoles 17 de Abril, el alumnado del IES Alfaguara del Ciclo Formativo de Grado B\u00e1sico en Electricidad y Electr\u00f3nica y del Ciclo Formativo de Grado Medio en Instalaciones El\u00e9ctricas y Autom\u00e1ticas tuvieron la oportunidad de realizar una visita a las instalaciones de la Cooperativa San Isidro de Loja.<\/p>\n<p>Se trata de una Cooperativa con m\u00e1s de 1.400 socios, fundada en 1.958 y con un marcado enfoque familiar y social, &nbsp;que se ha convertido en una de las mayores almazaras de aceite de oliva virgen extra de Espa\u00f1a, y por lo tanto, de todo el mundo. Su capacidad de producci\u00f3n alcanza cada campa\u00f1a 50 millones de kilos de aceitunas y tres millones de kilos de esp\u00e1rrago verde fresco.<\/p>\n<p>Durante la visita se ha podido conocer el proceso productivo del Aceite de Oliva Virgen Extra as\u00ed como la innovaci\u00f3n tecnol\u00f3gica y el progreso que ha situado a Loxa en la vanguardia de la producci\u00f3n agr\u00edcola y aceitera sostenible.&nbsp;&nbsp;<\/p>\n<p>El alumnado ha podido comprobar de primera mano como la automatizaci\u00f3n y el control de procesos ligados a la innovaci\u00f3n tecnol\u00f3gica forman una parte esencial para el funcionamiento diario de \u00e9stas instalaciones, aspectos tratados en el d\u00eda a d\u00eda de la formaci\u00f3n que reciben en los m\u00f3dulos que componen sus ciclos formativos .<\/p>\n<p>Desde aqu\u00ed agradecer a la Cooperativa Agr\u00edcola San Isidro de Loja su recibimiento y atenci\u00f3n, particularmente a la persona que nos acompa\u00f1\u00f3 durante la misma, el Director T\u00e9cnico Antonio Rodr\u00edguez .<\/p>\nngg_shortcode_0_placeholder\n<p>&nbsp;<\/p>\n","protected":false},"excerpt":{"rendered":"<p>El pasado Mi\u00e9rcoles 17 de Abril, el alumnado del IES Alfaguara del Ciclo Formativo de Grado B\u00e1sico en Electricidad y Electr\u00f3nica y del Ciclo Formativo de Grado Medio en Instalaciones El\u00e9ctricas y Autom\u00e1ticas tuvieron&#46;&#46;&#46;<\/p>\n","protected":false},"author":16297,"featured_media":628,"comment_status":"open","ping_status":"open","sticky":false,"template":"","format":"standard","meta":{"ngg_post_thumbnail":0,"footnotes":""},"categories":[15],"tags":[],"aioseo_notices":[],"_links":{"self":[{"href":"https:\/\/blogsaverroes.juntadeandalucia.es\/electricidadiesalfaguara\/wp-json\/wp\/v2\/posts\/627"}],"collection":[{"href":"https:\/\/blogsaverroes.juntadeandalucia.es\/electricidadiesalfaguara\/wp-json\/wp\/v2\/posts"}],"about":[{"href":"https:\/\/blogsaverroes.juntadeandalucia.es\/electricidadiesalfaguara\/wp-json\/wp\/v2\/types\/post"}],"author":[{"embeddable":true,"href":"https:\/\/blogsaverroes.juntadeandalucia.es\/electricidadiesalfaguara\/wp-json\/wp\/v2\/users\/16297"}],"replies":[{"embeddable":true,"href":"https:\/\/blogsaverroes.juntadeandalucia.es\/electricidadiesalfaguara\/wp-json\/wp\/v2\/comments?post=627"}],"version-history":[{"count":4,"href":"https:\/\/blogsaverroes.juntadeandalucia.es\/electricidadiesalfaguara\/wp-json\/wp\/v2\/posts\/627\/revisions"}],"predecessor-version":[{"id":638,"href":"https:\/\/blogsaverroes.juntadeandalucia.es\/electricidadiesalfaguara\/wp-json\/wp\/v2\/posts\/627\/revisions\/638"}],"wp:featuredmedia":[{"embeddable":true,"href":"https:\/\/blogsaverroes.juntadeandalucia.es\/electricidadiesalfaguara\/wp-json\/wp\/v2\/media\/628"}],"wp:attachment":[{"href":"https:\/\/blogsaverroes.juntadeandalucia.es\/electricidadiesalfaguara\/wp-json\/wp\/v2\/media?parent=627"}],"wp:term":[{"taxonomy":"category","embeddable":true,"href":"https:\/\/blogsaverroes.juntadeandalucia.es\/electricidadiesalfaguara\/wp-json\/wp\/v2\/categories?post=627"},{"taxonomy":"post_tag","embeddable":true,"href":"https:\/\/blogsaverroes.juntadeandalucia.es\/electricidadiesalfaguara\/wp-json\/wp\/v2\/tags?post=627"}],"curies":[{"name":"wp","href":"https:\/\/api.w.org\/{rel}","templated":true}]}}