{"id":179,"date":"2020-06-04T13:30:29","date_gmt":"2020-06-04T11:30:29","guid":{"rendered":"https:\/\/blogsaverroes.juntadeandalucia.es\/electronicamartinaldehuela\/?p=179"},"modified":"2020-06-04T20:10:07","modified_gmt":"2020-06-04T18:10:07","slug":"feria-virtual-fp-malaga","status":"publish","type":"post","link":"https:\/\/blogsaverroes.juntadeandalucia.es\/electronicamartinaldehuela\/2020\/06\/04\/feria-virtual-fp-malaga\/","title":{"rendered":"Feria Virtual FP M\u00e1laga"},"content":{"rendered":"<p><span style=\"font-size: 14pt\"><strong>FERIA VIRTUAL DE FORMACI\u00d3N PROFESIONAL, 15, 16 y 17 de junio.&nbsp;<\/strong><\/span><\/p>\n<p><span style=\"font-size: 12pt\"><strong>El Dpto. de Electr\u00f3nica del IES Mart\u00edn de Aldehuela participa en la Feria Virtual de FP de M\u00e1laga<\/strong><\/span><\/p>\n<p><a href=\"https:\/\/blogsaverroes.juntadeandalucia.es\/orientadelegacionmalaga\/2020\/06\/03\/feria-virtual-de-formacion-profesional-malaga-15-17-junio\/\"><img loading=\"lazy\" decoding=\"async\" class=\"wp-image-171 aligncenter\" src=\"https:\/\/blogsaverroes.juntadeandalucia.es\/electronicamartinaldehuela\/files\/2020\/06\/Feria_V_FP_Malaga-213x300.png\" alt=\"\" width=\"163\" height=\"230\" srcset=\"https:\/\/blogsaverroes.juntadeandalucia.es\/electronicamartinaldehuela\/files\/2020\/06\/Feria_V_FP_Malaga-213x300.png 213w, https:\/\/blogsaverroes.juntadeandalucia.es\/electronicamartinaldehuela\/files\/2020\/06\/Feria_V_FP_Malaga-17x24.png 17w, https:\/\/blogsaverroes.juntadeandalucia.es\/electronicamartinaldehuela\/files\/2020\/06\/Feria_V_FP_Malaga-26x36.png 26w, https:\/\/blogsaverroes.juntadeandalucia.es\/electronicamartinaldehuela\/files\/2020\/06\/Feria_V_FP_Malaga-34x48.png 34w, https:\/\/blogsaverroes.juntadeandalucia.es\/electronicamartinaldehuela\/files\/2020\/06\/Feria_V_FP_Malaga.png 560w\" sizes=\"(max-width: 163px) 100vw, 163px\" \/><\/a><\/p>\n","protected":false},"excerpt":{"rendered":"<p>FERIA VIRTUAL DE FORMACI\u00d3N PROFESIONAL, 15, 16 y 17 de junio.&nbsp; El Dpto. de Electr\u00f3nica del IES Mart\u00edn de Aldehuela participa en la Feria Virtual de FP de M\u00e1laga<\/p>\n","protected":false},"author":8603,"featured_media":171,"comment_status":"open","ping_status":"open","sticky":false,"template":"","format":"standard","meta":{"ngg_post_thumbnail":0,"footnotes":""},"categories":[4],"tags":[],"aioseo_notices":[],"_links":{"self":[{"href":"https:\/\/blogsaverroes.juntadeandalucia.es\/electronicamartinaldehuela\/wp-json\/wp\/v2\/posts\/179"}],"collection":[{"href":"https:\/\/blogsaverroes.juntadeandalucia.es\/electronicamartinaldehuela\/wp-json\/wp\/v2\/posts"}],"about":[{"href":"https:\/\/blogsaverroes.juntadeandalucia.es\/electronicamartinaldehuela\/wp-json\/wp\/v2\/types\/post"}],"author":[{"embeddable":true,"href":"https:\/\/blogsaverroes.juntadeandalucia.es\/electronicamartinaldehuela\/wp-json\/wp\/v2\/users\/8603"}],"replies":[{"embeddable":true,"href":"https:\/\/blogsaverroes.juntadeandalucia.es\/electronicamartinaldehuela\/wp-json\/wp\/v2\/comments?post=179"}],"version-history":[{"count":4,"href":"https:\/\/blogsaverroes.juntadeandalucia.es\/electronicamartinaldehuela\/wp-json\/wp\/v2\/posts\/179\/revisions"}],"predecessor-version":[{"id":183,"href":"https:\/\/blogsaverroes.juntadeandalucia.es\/electronicamartinaldehuela\/wp-json\/wp\/v2\/posts\/179\/revisions\/183"}],"wp:featuredmedia":[{"embeddable":true,"href":"https:\/\/blogsaverroes.juntadeandalucia.es\/electronicamartinaldehuela\/wp-json\/wp\/v2\/media\/171"}],"wp:attachment":[{"href":"https:\/\/blogsaverroes.juntadeandalucia.es\/electronicamartinaldehuela\/wp-json\/wp\/v2\/media?parent=179"}],"wp:term":[{"taxonomy":"category","embeddable":true,"href":"https:\/\/blogsaverroes.juntadeandalucia.es\/electronicamartinaldehuela\/wp-json\/wp\/v2\/categories?post=179"},{"taxonomy":"post_tag","embeddable":true,"href":"https:\/\/blogsaverroes.juntadeandalucia.es\/electronicamartinaldehuela\/wp-json\/wp\/v2\/tags?post=179"}],"curies":[{"name":"wp","href":"https:\/\/api.w.org\/{rel}","templated":true}]}}