{"id":228,"date":"2020-10-17T20:35:36","date_gmt":"2020-10-17T18:35:36","guid":{"rendered":"https:\/\/blogsaverroes.juntadeandalucia.es\/electronicamartinaldehuela\/?p=228"},"modified":"2022-07-13T13:32:14","modified_gmt":"2022-07-13T11:32:14","slug":"erasmus-proyecto-ka102","status":"publish","type":"post","link":"https:\/\/blogsaverroes.juntadeandalucia.es\/electronicamartinaldehuela\/2020\/10\/17\/erasmus-proyecto-ka102\/","title":{"rendered":"ERASMUS + PROYECTO KA102"},"content":{"rendered":"<p><a href=\"http:\/\/www.iesmartinaldehuela.com\/html\/epka102\"><img loading=\"lazy\" decoding=\"async\" class=\" wp-image-229 aligncenter\" src=\"https:\/\/blogsaverroes.juntadeandalucia.es\/electronicamartinaldehuela\/files\/2020\/10\/Erasmus_KA102-300x151.jpg\" alt=\"\" width=\"510\" height=\"257\" srcset=\"https:\/\/blogsaverroes.juntadeandalucia.es\/electronicamartinaldehuela\/files\/2020\/10\/Erasmus_KA102-300x151.jpg 300w, https:\/\/blogsaverroes.juntadeandalucia.es\/electronicamartinaldehuela\/files\/2020\/10\/Erasmus_KA102-24x12.jpg 24w, https:\/\/blogsaverroes.juntadeandalucia.es\/electronicamartinaldehuela\/files\/2020\/10\/Erasmus_KA102-36x18.jpg 36w, https:\/\/blogsaverroes.juntadeandalucia.es\/electronicamartinaldehuela\/files\/2020\/10\/Erasmus_KA102-48x24.jpg 48w, https:\/\/blogsaverroes.juntadeandalucia.es\/electronicamartinaldehuela\/files\/2020\/10\/Erasmus_KA102.jpg 627w\" sizes=\"(max-width: 510px) 100vw, 510px\" \/><\/a><strong>Este programa est\u00e1 destinado a los estudiantes de los ciclos formativos de grado medio <\/strong><strong>y de formaci\u00f3n profesional b\u00e1sica. Les ofrecer\u00e1 la posibilidad de realizar las pr\u00e1cticas FCT en<\/strong><br \/>\n<strong>el extranjero y vivir una experiencia \u00fanica.<\/strong><\/p>\n<p><strong>El proyecto Adquiriendo habilidades para el siglo XXI est\u00e1 cofinanciado por el programa<\/strong> <strong>Erasmus+ de la Uni\u00f3n Europea. El contenido de la publicaci\u00f3n es responsabilidad exclusiva del <\/strong><strong>IES Mart\u00edn Aldehuela y ni la Comisi\u00f3n Europea, ni el Servicio Espa\u00f1ol para la Internacionalizaci\u00f3n <\/strong><strong>de la Educaci\u00f3n (SEPIE) son responsables del uso que pueda hacerse de la informaci\u00f3n <\/strong><strong>aqu\u00ed<\/strong><br \/>\n<strong>difundida.<\/strong><\/p>\n<p><a href=\"http:\/\/www.iesmartinaldehuela.com\/html\/epka102\"><strong><span style=\"color: #ff0000\">Consultar la p\u00e1g. web del Centro, www.iesmartinaldehuela.com, para conocer detalles del proyecto<\/span><\/strong><\/a><\/p>\n","protected":false},"excerpt":{"rendered":"<p>Este programa est\u00e1 destinado a los estudiantes de los ciclos formativos de grado medio y de formaci\u00f3n profesional b\u00e1sica. Les ofrecer\u00e1 la posibilidad de realizar las pr\u00e1cticas FCT en el extranjero y vivir una&#46;&#46;&#46;<\/p>\n","protected":false},"author":8603,"featured_media":229,"comment_status":"open","ping_status":"open","sticky":false,"template":"","format":"standard","meta":{"ngg_post_thumbnail":0,"footnotes":""},"categories":[4],"tags":[],"aioseo_notices":[],"_links":{"self":[{"href":"https:\/\/blogsaverroes.juntadeandalucia.es\/electronicamartinaldehuela\/wp-json\/wp\/v2\/posts\/228"}],"collection":[{"href":"https:\/\/blogsaverroes.juntadeandalucia.es\/electronicamartinaldehuela\/wp-json\/wp\/v2\/posts"}],"about":[{"href":"https:\/\/blogsaverroes.juntadeandalucia.es\/electronicamartinaldehuela\/wp-json\/wp\/v2\/types\/post"}],"author":[{"embeddable":true,"href":"https:\/\/blogsaverroes.juntadeandalucia.es\/electronicamartinaldehuela\/wp-json\/wp\/v2\/users\/8603"}],"replies":[{"embeddable":true,"href":"https:\/\/blogsaverroes.juntadeandalucia.es\/electronicamartinaldehuela\/wp-json\/wp\/v2\/comments?post=228"}],"version-history":[{"count":9,"href":"https:\/\/blogsaverroes.juntadeandalucia.es\/electronicamartinaldehuela\/wp-json\/wp\/v2\/posts\/228\/revisions"}],"predecessor-version":[{"id":491,"href":"https:\/\/blogsaverroes.juntadeandalucia.es\/electronicamartinaldehuela\/wp-json\/wp\/v2\/posts\/228\/revisions\/491"}],"wp:featuredmedia":[{"embeddable":true,"href":"https:\/\/blogsaverroes.juntadeandalucia.es\/electronicamartinaldehuela\/wp-json\/wp\/v2\/media\/229"}],"wp:attachment":[{"href":"https:\/\/blogsaverroes.juntadeandalucia.es\/electronicamartinaldehuela\/wp-json\/wp\/v2\/media?parent=228"}],"wp:term":[{"taxonomy":"category","embeddable":true,"href":"https:\/\/blogsaverroes.juntadeandalucia.es\/electronicamartinaldehuela\/wp-json\/wp\/v2\/categories?post=228"},{"taxonomy":"post_tag","embeddable":true,"href":"https:\/\/blogsaverroes.juntadeandalucia.es\/electronicamartinaldehuela\/wp-json\/wp\/v2\/tags?post=228"}],"curies":[{"name":"wp","href":"https:\/\/api.w.org\/{rel}","templated":true}]}}