{"id":470,"date":"2022-06-13T23:11:46","date_gmt":"2022-06-13T21:11:46","guid":{"rendered":"https:\/\/blogsaverroes.juntadeandalucia.es\/electronicamartinaldehuela\/?p=470"},"modified":"2022-06-13T23:35:48","modified_gmt":"2022-06-13T21:35:48","slug":"revista-fp-electronica-no1","status":"publish","type":"post","link":"https:\/\/blogsaverroes.juntadeandalucia.es\/electronicamartinaldehuela\/2022\/06\/13\/revista-fp-electronica-no1\/","title":{"rendered":"Revista FP-Electr\u00f3nica N\u00ba1"},"content":{"rendered":"<p><a href=\"https:\/\/blogsaverroes.juntadeandalucia.es\/electronicamartinaldehuela\/articulos-revista-no1\/\"><img loading=\"lazy\" decoding=\"async\" class=\"size-medium wp-image-471 aligncenter\" src=\"https:\/\/blogsaverroes.juntadeandalucia.es\/electronicamartinaldehuela\/files\/2022\/06\/FP-Electronica_N\u00ba1-228x300.png\" alt=\"\" width=\"228\" height=\"300\"><\/a><\/p>\n<p align=\"justify\"><span style=\"color: #000000;font-size: 14pt\"><b>El Dpto. De Electr\u00f3nica del IES Mart\u00edn de Aldehuela, junto con colaboradores de otros centros, lanza el N\u00ba1 de la Revista FP-Electr\u00f3nica. cuando se cumple un a\u00f1o de la presentaci\u00f3n oficial de la Revista con el N\u00ba0.<\/b><\/span><\/p>\n<p align=\"justify\"><span style=\"color: #000000;font-size: 14pt\"><b>Es un paso m\u00e1s en nuestro objetivo de crear un escenario de utilidad para la familia profesional de Electricidad-Electr\u00f3nica y empresas. Donde tiene cabida, adem\u00e1s, toda la comunidad educativa. <\/b><\/span><\/p>\n<p align=\"justify\"><span style=\"color: #000000;font-size: 14pt\"><b>Hacemos una invitaci\u00f3n a su lectura y animamos a que participen en ella. Si est\u00e1n interesados en colaborar o participar en la revista p\u00f3nganse en contacto con el Dpto. De Electr\u00f3nica a trav\u00e9s de este blog.<\/b><\/span><\/p>\n<hr>\n<p>&nbsp;<\/p>\n<p>&nbsp;<\/p>\n<p>&nbsp;<\/p>\n<p>&nbsp;<\/p>\n<p>&nbsp;<\/p>\n<p>&nbsp;<\/p>\n<p>&nbsp;<\/p>\n<p>&nbsp;<\/p>\n<p>&nbsp;<\/p>\n","protected":false},"excerpt":{"rendered":"<p>El Dpto. De Electr\u00f3nica del IES Mart\u00edn de Aldehuela, junto con colaboradores de otros centros, lanza el N\u00ba1 de la Revista FP-Electr\u00f3nica. cuando se cumple un a\u00f1o de la presentaci\u00f3n oficial de la Revista&#46;&#46;&#46;<\/p>\n","protected":false},"author":8603,"featured_media":476,"comment_status":"open","ping_status":"open","sticky":false,"template":"","format":"standard","meta":{"ngg_post_thumbnail":0,"footnotes":""},"categories":[3,4],"tags":[],"aioseo_notices":[],"_links":{"self":[{"href":"https:\/\/blogsaverroes.juntadeandalucia.es\/electronicamartinaldehuela\/wp-json\/wp\/v2\/posts\/470"}],"collection":[{"href":"https:\/\/blogsaverroes.juntadeandalucia.es\/electronicamartinaldehuela\/wp-json\/wp\/v2\/posts"}],"about":[{"href":"https:\/\/blogsaverroes.juntadeandalucia.es\/electronicamartinaldehuela\/wp-json\/wp\/v2\/types\/post"}],"author":[{"embeddable":true,"href":"https:\/\/blogsaverroes.juntadeandalucia.es\/electronicamartinaldehuela\/wp-json\/wp\/v2\/users\/8603"}],"replies":[{"embeddable":true,"href":"https:\/\/blogsaverroes.juntadeandalucia.es\/electronicamartinaldehuela\/wp-json\/wp\/v2\/comments?post=470"}],"version-history":[{"count":4,"href":"https:\/\/blogsaverroes.juntadeandalucia.es\/electronicamartinaldehuela\/wp-json\/wp\/v2\/posts\/470\/revisions"}],"predecessor-version":[{"id":478,"href":"https:\/\/blogsaverroes.juntadeandalucia.es\/electronicamartinaldehuela\/wp-json\/wp\/v2\/posts\/470\/revisions\/478"}],"wp:featuredmedia":[{"embeddable":true,"href":"https:\/\/blogsaverroes.juntadeandalucia.es\/electronicamartinaldehuela\/wp-json\/wp\/v2\/media\/476"}],"wp:attachment":[{"href":"https:\/\/blogsaverroes.juntadeandalucia.es\/electronicamartinaldehuela\/wp-json\/wp\/v2\/media?parent=470"}],"wp:term":[{"taxonomy":"category","embeddable":true,"href":"https:\/\/blogsaverroes.juntadeandalucia.es\/electronicamartinaldehuela\/wp-json\/wp\/v2\/categories?post=470"},{"taxonomy":"post_tag","embeddable":true,"href":"https:\/\/blogsaverroes.juntadeandalucia.es\/electronicamartinaldehuela\/wp-json\/wp\/v2\/tags?post=470"}],"curies":[{"name":"wp","href":"https:\/\/api.w.org\/{rel}","templated":true}]}}