{"id":143,"date":"2023-06-01T22:43:18","date_gmt":"2023-06-01T20:43:18","guid":{"rendered":"https:\/\/blogsaverroes.juntadeandalucia.es\/elmaestroalberto\/?p=143"},"modified":"2023-09-11T01:06:12","modified_gmt":"2023-09-10T23:06:12","slug":"143","status":"publish","type":"post","link":"https:\/\/blogsaverroes.juntadeandalucia.es\/elmaestroalberto\/2023\/06\/01\/143\/","title":{"rendered":"El cumple del cole"},"content":{"rendered":"<p>Hoy ha sido un d\u00eda para celebrar.<\/p>\n<p>Nuestro cole conmemoraba el acto de su 50\u00b0 aniversario, y ya que por log\u00edstica no pod\u00edamos asistir todos, en clase tambi\u00e9n lo hemos celebrado.<\/p>\n<p><img loading=\"lazy\" decoding=\"async\" class=\"size-medium wp-image-144 aligncenter\" src=\"https:\/\/blogsaverroes.juntadeandalucia.es\/elmaestroalberto\/files\/2023\/09\/IMG_6196-300x300.jpeg\" alt=\"\" width=\"300\" height=\"300\" srcset=\"https:\/\/blogsaverroes.juntadeandalucia.es\/elmaestroalberto\/files\/2023\/09\/IMG_6196-300x300.jpeg 300w, https:\/\/blogsaverroes.juntadeandalucia.es\/elmaestroalberto\/files\/2023\/09\/IMG_6196-1024x1024.jpeg 1024w, https:\/\/blogsaverroes.juntadeandalucia.es\/elmaestroalberto\/files\/2023\/09\/IMG_6196-150x150.jpeg 150w, https:\/\/blogsaverroes.juntadeandalucia.es\/elmaestroalberto\/files\/2023\/09\/IMG_6196-768x768.jpeg 768w, https:\/\/blogsaverroes.juntadeandalucia.es\/elmaestroalberto\/files\/2023\/09\/IMG_6196-432x432.jpeg 432w, https:\/\/blogsaverroes.juntadeandalucia.es\/elmaestroalberto\/files\/2023\/09\/IMG_6196-268x268.jpeg 268w, https:\/\/blogsaverroes.juntadeandalucia.es\/elmaestroalberto\/files\/2023\/09\/IMG_6196-700x700.jpeg 700w, https:\/\/blogsaverroes.juntadeandalucia.es\/elmaestroalberto\/files\/2023\/09\/IMG_6196.jpeg 1440w\" sizes=\"(max-width: 300px) 100vw, 300px\" \/><\/p>\n<p>He pasado la ma\u00f1ana con mis ni\u00f1os y ni\u00f1as y no he podido asistir, pero como miembro de la comisi\u00f3n, he puesto mi granito de arena en su organizaci\u00f3n aportando ideas, colaborando en la decoraci\u00f3n, redactando alguna frase\u2026 y he aprovechado, ya que al tratarse de un cumplea\u00f1os, mis peques quer\u00edan tarta y soplar las velas.<\/p>\n<p>As\u00ed que, con nuestra camiseta, nos hemos ido al lugar para cantarle al cole el \u201cCumplea\u00f1os feliz\u201d y pedir juntos el deseo por muchos a\u00f1os m\u00e1s.<\/p>\n<p><img loading=\"lazy\" decoding=\"async\" class=\"alignnone size-medium wp-image-150\" src=\"https:\/\/blogsaverroes.juntadeandalucia.es\/elmaestroalberto\/files\/2023\/09\/IMG_6202-300x300.jpeg\" alt=\"\" width=\"300\" height=\"300\" srcset=\"https:\/\/blogsaverroes.juntadeandalucia.es\/elmaestroalberto\/files\/2023\/09\/IMG_6202-300x300.jpeg 300w, https:\/\/blogsaverroes.juntadeandalucia.es\/elmaestroalberto\/files\/2023\/09\/IMG_6202-1024x1024.jpeg 1024w, https:\/\/blogsaverroes.juntadeandalucia.es\/elmaestroalberto\/files\/2023\/09\/IMG_6202-150x150.jpeg 150w, https:\/\/blogsaverroes.juntadeandalucia.es\/elmaestroalberto\/files\/2023\/09\/IMG_6202-768x768.jpeg 768w, https:\/\/blogsaverroes.juntadeandalucia.es\/elmaestroalberto\/files\/2023\/09\/IMG_6202-432x432.jpeg 432w, https:\/\/blogsaverroes.juntadeandalucia.es\/elmaestroalberto\/files\/2023\/09\/IMG_6202-268x268.jpeg 268w, https:\/\/blogsaverroes.juntadeandalucia.es\/elmaestroalberto\/files\/2023\/09\/IMG_6202-700x700.jpeg 700w, https:\/\/blogsaverroes.juntadeandalucia.es\/elmaestroalberto\/files\/2023\/09\/IMG_6202.jpeg 1440w\" sizes=\"(max-width: 300px) 100vw, 300px\" \/><img loading=\"lazy\" decoding=\"async\" class=\"alignnone size-medium wp-image-148\" src=\"https:\/\/blogsaverroes.juntadeandalucia.es\/elmaestroalberto\/files\/2023\/09\/IMG_6200-300x300.jpeg\" alt=\"\" width=\"300\" height=\"300\" srcset=\"https:\/\/blogsaverroes.juntadeandalucia.es\/elmaestroalberto\/files\/2023\/09\/IMG_6200-300x300.jpeg 300w, https:\/\/blogsaverroes.juntadeandalucia.es\/elmaestroalberto\/files\/2023\/09\/IMG_6200-1024x1024.jpeg 1024w, https:\/\/blogsaverroes.juntadeandalucia.es\/elmaestroalberto\/files\/2023\/09\/IMG_6200-150x150.jpeg 150w, https:\/\/blogsaverroes.juntadeandalucia.es\/elmaestroalberto\/files\/2023\/09\/IMG_6200-768x768.jpeg 768w, https:\/\/blogsaverroes.juntadeandalucia.es\/elmaestroalberto\/files\/2023\/09\/IMG_6200-432x432.jpeg 432w, https:\/\/blogsaverroes.juntadeandalucia.es\/elmaestroalberto\/files\/2023\/09\/IMG_6200-268x268.jpeg 268w, https:\/\/blogsaverroes.juntadeandalucia.es\/elmaestroalberto\/files\/2023\/09\/IMG_6200-700x700.jpeg 700w, https:\/\/blogsaverroes.juntadeandalucia.es\/elmaestroalberto\/files\/2023\/09\/IMG_6200.jpeg 1440w\" sizes=\"(max-width: 300px) 100vw, 300px\" \/> <img loading=\"lazy\" decoding=\"async\" class=\"alignnone size-medium wp-image-149\" src=\"https:\/\/blogsaverroes.juntadeandalucia.es\/elmaestroalberto\/files\/2023\/09\/IMG_6201-300x300.jpeg\" alt=\"\" width=\"300\" height=\"300\" srcset=\"https:\/\/blogsaverroes.juntadeandalucia.es\/elmaestroalberto\/files\/2023\/09\/IMG_6201-300x300.jpeg 300w, https:\/\/blogsaverroes.juntadeandalucia.es\/elmaestroalberto\/files\/2023\/09\/IMG_6201-1024x1024.jpeg 1024w, https:\/\/blogsaverroes.juntadeandalucia.es\/elmaestroalberto\/files\/2023\/09\/IMG_6201-150x150.jpeg 150w, https:\/\/blogsaverroes.juntadeandalucia.es\/elmaestroalberto\/files\/2023\/09\/IMG_6201-768x768.jpeg 768w, https:\/\/blogsaverroes.juntadeandalucia.es\/elmaestroalberto\/files\/2023\/09\/IMG_6201-432x432.jpeg 432w, https:\/\/blogsaverroes.juntadeandalucia.es\/elmaestroalberto\/files\/2023\/09\/IMG_6201-268x268.jpeg 268w, https:\/\/blogsaverroes.juntadeandalucia.es\/elmaestroalberto\/files\/2023\/09\/IMG_6201-700x700.jpeg 700w, https:\/\/blogsaverroes.juntadeandalucia.es\/elmaestroalberto\/files\/2023\/09\/IMG_6201.jpeg 1440w\" sizes=\"(max-width: 300px) 100vw, 300px\" \/><img loading=\"lazy\" decoding=\"async\" class=\"alignnone size-medium wp-image-147\" src=\"https:\/\/blogsaverroes.juntadeandalucia.es\/elmaestroalberto\/files\/2023\/09\/IMG_6199-300x300.jpeg\" alt=\"\" width=\"300\" height=\"300\" srcset=\"https:\/\/blogsaverroes.juntadeandalucia.es\/elmaestroalberto\/files\/2023\/09\/IMG_6199-300x300.jpeg 300w, https:\/\/blogsaverroes.juntadeandalucia.es\/elmaestroalberto\/files\/2023\/09\/IMG_6199-1024x1024.jpeg 1024w, https:\/\/blogsaverroes.juntadeandalucia.es\/elmaestroalberto\/files\/2023\/09\/IMG_6199-150x150.jpeg 150w, https:\/\/blogsaverroes.juntadeandalucia.es\/elmaestroalberto\/files\/2023\/09\/IMG_6199-768x768.jpeg 768w, https:\/\/blogsaverroes.juntadeandalucia.es\/elmaestroalberto\/files\/2023\/09\/IMG_6199-432x432.jpeg 432w, https:\/\/blogsaverroes.juntadeandalucia.es\/elmaestroalberto\/files\/2023\/09\/IMG_6199-268x268.jpeg 268w, https:\/\/blogsaverroes.juntadeandalucia.es\/elmaestroalberto\/files\/2023\/09\/IMG_6199-700x700.jpeg 700w, https:\/\/blogsaverroes.juntadeandalucia.es\/elmaestroalberto\/files\/2023\/09\/IMG_6199.jpeg 1440w\" sizes=\"(max-width: 300px) 100vw, 300px\" \/><\/p>\n<p>Despu\u00e9s hemos visitado la exposici\u00f3n \u201cViaje en el tiempo con el cole\u201d con objetos y curiosidades de todos estos a\u00f1os.<\/p>\n<p>Gracias al equipo directivo por su organizaci\u00f3n, a las familias por su trabajo, a las autoridades que nos han acompa\u00f1ado, pero sobre todo, a ellos y a ellas que hacen de cualquier d\u00eda una aut\u00e9ntica fiesta.<\/p>\n<p>Como m\u00ednimo, por otros 50 a\u00f1os mas\u2026<\/p>\n<p><img loading=\"lazy\" decoding=\"async\" class=\"size-medium wp-image-151 aligncenter\" src=\"https:\/\/blogsaverroes.juntadeandalucia.es\/elmaestroalberto\/files\/2023\/09\/IMG_6203-300x300.jpeg\" alt=\"\" width=\"300\" height=\"300\" srcset=\"https:\/\/blogsaverroes.juntadeandalucia.es\/elmaestroalberto\/files\/2023\/09\/IMG_6203-300x300.jpeg 300w, https:\/\/blogsaverroes.juntadeandalucia.es\/elmaestroalberto\/files\/2023\/09\/IMG_6203-1024x1024.jpeg 1024w, https:\/\/blogsaverroes.juntadeandalucia.es\/elmaestroalberto\/files\/2023\/09\/IMG_6203-150x150.jpeg 150w, https:\/\/blogsaverroes.juntadeandalucia.es\/elmaestroalberto\/files\/2023\/09\/IMG_6203-768x768.jpeg 768w, https:\/\/blogsaverroes.juntadeandalucia.es\/elmaestroalberto\/files\/2023\/09\/IMG_6203-432x432.jpeg 432w, https:\/\/blogsaverroes.juntadeandalucia.es\/elmaestroalberto\/files\/2023\/09\/IMG_6203-268x268.jpeg 268w, https:\/\/blogsaverroes.juntadeandalucia.es\/elmaestroalberto\/files\/2023\/09\/IMG_6203-700x700.jpeg 700w, https:\/\/blogsaverroes.juntadeandalucia.es\/elmaestroalberto\/files\/2023\/09\/IMG_6203.jpeg 1440w\" sizes=\"(max-width: 300px) 100vw, 300px\" \/><\/p>\n","protected":false},"excerpt":{"rendered":"<p>Hoy ha sido un d\u00eda para celebrar. Nuestro cole conmemoraba el acto de su 50\u00b0 aniversario, y ya que por log\u00edstica no pod\u00edamos asistir todos, en clase tambi\u00e9n lo hemos celebrado. He pasado la&#46;&#46;&#46;<\/p>\n","protected":false},"author":10104,"featured_media":144,"comment_status":"open","ping_status":"open","sticky":false,"template":"","format":"standard","meta":{"ngg_post_thumbnail":0,"footnotes":""},"categories":[4],"tags":[],"aioseo_notices":[],"_links":{"self":[{"href":"https:\/\/blogsaverroes.juntadeandalucia.es\/elmaestroalberto\/wp-json\/wp\/v2\/posts\/143"}],"collection":[{"href":"https:\/\/blogsaverroes.juntadeandalucia.es\/elmaestroalberto\/wp-json\/wp\/v2\/posts"}],"about":[{"href":"https:\/\/blogsaverroes.juntadeandalucia.es\/elmaestroalberto\/wp-json\/wp\/v2\/types\/post"}],"author":[{"embeddable":true,"href":"https:\/\/blogsaverroes.juntadeandalucia.es\/elmaestroalberto\/wp-json\/wp\/v2\/users\/10104"}],"replies":[{"embeddable":true,"href":"https:\/\/blogsaverroes.juntadeandalucia.es\/elmaestroalberto\/wp-json\/wp\/v2\/comments?post=143"}],"version-history":[{"count":2,"href":"https:\/\/blogsaverroes.juntadeandalucia.es\/elmaestroalberto\/wp-json\/wp\/v2\/posts\/143\/revisions"}],"predecessor-version":[{"id":158,"href":"https:\/\/blogsaverroes.juntadeandalucia.es\/elmaestroalberto\/wp-json\/wp\/v2\/posts\/143\/revisions\/158"}],"wp:featuredmedia":[{"embeddable":true,"href":"https:\/\/blogsaverroes.juntadeandalucia.es\/elmaestroalberto\/wp-json\/wp\/v2\/media\/144"}],"wp:attachment":[{"href":"https:\/\/blogsaverroes.juntadeandalucia.es\/elmaestroalberto\/wp-json\/wp\/v2\/media?parent=143"}],"wp:term":[{"taxonomy":"category","embeddable":true,"href":"https:\/\/blogsaverroes.juntadeandalucia.es\/elmaestroalberto\/wp-json\/wp\/v2\/categories?post=143"},{"taxonomy":"post_tag","embeddable":true,"href":"https:\/\/blogsaverroes.juntadeandalucia.es\/elmaestroalberto\/wp-json\/wp\/v2\/tags?post=143"}],"curies":[{"name":"wp","href":"https:\/\/api.w.org\/{rel}","templated":true}]}}