{"id":191,"date":"2023-02-27T17:55:07","date_gmt":"2023-02-27T16:55:07","guid":{"rendered":"https:\/\/blogsaverroes.juntadeandalucia.es\/elmaestroalberto\/?p=191"},"modified":"2023-09-15T19:04:12","modified_gmt":"2023-09-15T17:04:12","slug":"andalucia","status":"publish","type":"post","link":"https:\/\/blogsaverroes.juntadeandalucia.es\/elmaestroalberto\/2023\/02\/27\/andalucia\/","title":{"rendered":"\u00bfAnda\u2026Luc\u00eda?"},"content":{"rendered":"<p>\u201c\u00bfAnda\u2026que? Andalucia.. \u201c es el t\u00edtulo de la SdA que hemos llevado a cabo con motivo del d\u00eda de nuestra comunidad. Y os aseguro, que ha calado.. ahora somos andaluces con los cinco sentidos\u2026<\/p>\n<p><img loading=\"lazy\" decoding=\"async\" class=\"alignnone size-medium wp-image-202\" src=\"https:\/\/blogsaverroes.juntadeandalucia.es\/elmaestroalberto\/files\/2023\/09\/IMG_6420-300x225.jpeg\" alt=\"\" width=\"300\" height=\"225\" srcset=\"https:\/\/blogsaverroes.juntadeandalucia.es\/elmaestroalberto\/files\/2023\/09\/IMG_6420-300x225.jpeg 300w, https:\/\/blogsaverroes.juntadeandalucia.es\/elmaestroalberto\/files\/2023\/09\/IMG_6420-1024x768.jpeg 1024w, https:\/\/blogsaverroes.juntadeandalucia.es\/elmaestroalberto\/files\/2023\/09\/IMG_6420-768x576.jpeg 768w, https:\/\/blogsaverroes.juntadeandalucia.es\/elmaestroalberto\/files\/2023\/09\/IMG_6420-1536x1152.jpeg 1536w, https:\/\/blogsaverroes.juntadeandalucia.es\/elmaestroalberto\/files\/2023\/09\/IMG_6420-700x525.jpeg 700w, https:\/\/blogsaverroes.juntadeandalucia.es\/elmaestroalberto\/files\/2023\/09\/IMG_6420.jpeg 2048w\" sizes=\"(max-width: 300px) 100vw, 300px\" \/><\/p>\n<p>-Nos llega un mensaje de una familia que habla raro, el Teacher dice que en ingl\u00e9s. Nos piden ayuda, quieren viajar y han escuchado algo de \u201cAnda\u2026.\u201d<\/p>\n<p><img loading=\"lazy\" decoding=\"async\" class=\"alignnone size-medium wp-image-192\" src=\"https:\/\/blogsaverroes.juntadeandalucia.es\/elmaestroalberto\/files\/2023\/09\/IMG_6410-300x247.jpeg\" alt=\"\" width=\"300\" height=\"247\" srcset=\"https:\/\/blogsaverroes.juntadeandalucia.es\/elmaestroalberto\/files\/2023\/09\/IMG_6410-300x247.jpeg 300w, https:\/\/blogsaverroes.juntadeandalucia.es\/elmaestroalberto\/files\/2023\/09\/IMG_6410-1024x844.jpeg 1024w, https:\/\/blogsaverroes.juntadeandalucia.es\/elmaestroalberto\/files\/2023\/09\/IMG_6410-768x633.jpeg 768w, https:\/\/blogsaverroes.juntadeandalucia.es\/elmaestroalberto\/files\/2023\/09\/IMG_6410-1536x1266.jpeg 1536w, https:\/\/blogsaverroes.juntadeandalucia.es\/elmaestroalberto\/files\/2023\/09\/IMG_6410-700x577.jpeg 700w, https:\/\/blogsaverroes.juntadeandalucia.es\/elmaestroalberto\/files\/2023\/09\/IMG_6410.jpeg 2048w\" sizes=\"(max-width: 300px) 100vw, 300px\" \/><\/p>\n<p>-Comenzamos a plantear hip\u00f3tesis e ideas, y descubrimos que, ademas de vivir en El Ejido, tambi\u00e9n vivimos en Almer\u00eda, pero tambi\u00e9n en Andalucia.. \u00bfy eso como puede ser maestro?.. Con ayuda de unos simples vasos lo entendemos.<\/p>\n<p><img loading=\"lazy\" decoding=\"async\" class=\"alignnone size-medium wp-image-193\" src=\"https:\/\/blogsaverroes.juntadeandalucia.es\/elmaestroalberto\/files\/2023\/09\/IMG_6411-300x225.jpeg\" alt=\"\" width=\"300\" height=\"225\" srcset=\"https:\/\/blogsaverroes.juntadeandalucia.es\/elmaestroalberto\/files\/2023\/09\/IMG_6411-300x225.jpeg 300w, https:\/\/blogsaverroes.juntadeandalucia.es\/elmaestroalberto\/files\/2023\/09\/IMG_6411-768x576.jpeg 768w, https:\/\/blogsaverroes.juntadeandalucia.es\/elmaestroalberto\/files\/2023\/09\/IMG_6411-700x525.jpeg 700w, https:\/\/blogsaverroes.juntadeandalucia.es\/elmaestroalberto\/files\/2023\/09\/IMG_6411.jpeg 960w\" sizes=\"(max-width: 300px) 100vw, 300px\" \/><\/p>\n<p>&nbsp;<\/p>\n<p>-Investigamos sobre nuestros s\u00edmbolos: escudo, bandera e himno.. y los reinterpr\u00e9tamos.<\/p>\n<p><img loading=\"lazy\" decoding=\"async\" class=\"alignnone size-medium wp-image-194\" src=\"https:\/\/blogsaverroes.juntadeandalucia.es\/elmaestroalberto\/files\/2023\/09\/IMG_6412-300x225.jpeg\" alt=\"\" width=\"300\" height=\"225\" srcset=\"https:\/\/blogsaverroes.juntadeandalucia.es\/elmaestroalberto\/files\/2023\/09\/IMG_6412-300x225.jpeg 300w, https:\/\/blogsaverroes.juntadeandalucia.es\/elmaestroalberto\/files\/2023\/09\/IMG_6412-1024x768.jpeg 1024w, https:\/\/blogsaverroes.juntadeandalucia.es\/elmaestroalberto\/files\/2023\/09\/IMG_6412-768x576.jpeg 768w, https:\/\/blogsaverroes.juntadeandalucia.es\/elmaestroalberto\/files\/2023\/09\/IMG_6412-1536x1152.jpeg 1536w, https:\/\/blogsaverroes.juntadeandalucia.es\/elmaestroalberto\/files\/2023\/09\/IMG_6412-700x525.jpeg 700w, https:\/\/blogsaverroes.juntadeandalucia.es\/elmaestroalberto\/files\/2023\/09\/IMG_6412.jpeg 2048w\" sizes=\"(max-width: 300px) 100vw, 300px\" \/><img loading=\"lazy\" decoding=\"async\" class=\"alignnone size-medium wp-image-195\" src=\"https:\/\/blogsaverroes.juntadeandalucia.es\/elmaestroalberto\/files\/2023\/09\/IMG_6413-225x300.jpeg\" alt=\"\" width=\"225\" height=\"300\" srcset=\"https:\/\/blogsaverroes.juntadeandalucia.es\/elmaestroalberto\/files\/2023\/09\/IMG_6413-225x300.jpeg 225w, https:\/\/blogsaverroes.juntadeandalucia.es\/elmaestroalberto\/files\/2023\/09\/IMG_6413-768x1024.jpeg 768w, https:\/\/blogsaverroes.juntadeandalucia.es\/elmaestroalberto\/files\/2023\/09\/IMG_6413-1152x1536.jpeg 1152w, https:\/\/blogsaverroes.juntadeandalucia.es\/elmaestroalberto\/files\/2023\/09\/IMG_6413-700x933.jpeg 700w, https:\/\/blogsaverroes.juntadeandalucia.es\/elmaestroalberto\/files\/2023\/09\/IMG_6413.jpeg 1536w\" sizes=\"(max-width: 225px) 100vw, 225px\" \/><img loading=\"lazy\" decoding=\"async\" class=\"alignnone size-medium wp-image-197\" src=\"https:\/\/blogsaverroes.juntadeandalucia.es\/elmaestroalberto\/files\/2023\/09\/IMG_6414-248x300.jpeg\" alt=\"\" width=\"248\" height=\"300\" srcset=\"https:\/\/blogsaverroes.juntadeandalucia.es\/elmaestroalberto\/files\/2023\/09\/IMG_6414-248x300.jpeg 248w, https:\/\/blogsaverroes.juntadeandalucia.es\/elmaestroalberto\/files\/2023\/09\/IMG_6414-845x1024.jpeg 845w, https:\/\/blogsaverroes.juntadeandalucia.es\/elmaestroalberto\/files\/2023\/09\/IMG_6414-768x931.jpeg 768w, https:\/\/blogsaverroes.juntadeandalucia.es\/elmaestroalberto\/files\/2023\/09\/IMG_6414-1268x1536.jpeg 1268w, https:\/\/blogsaverroes.juntadeandalucia.es\/elmaestroalberto\/files\/2023\/09\/IMG_6414-700x848.jpeg 700w, https:\/\/blogsaverroes.juntadeandalucia.es\/elmaestroalberto\/files\/2023\/09\/IMG_6414.jpeg 1690w\" sizes=\"(max-width: 248px) 100vw, 248px\" \/><\/p>\n<p>-Analizamos la forma que tenemos para conocer a las personas y las cosas: jugamos a \u201cgallinita ciega\u201d oliendo, escuchando, tocando.. y descubrimos nuestros sentidos.<\/p>\n<p><img loading=\"lazy\" decoding=\"async\" class=\"alignnone size-medium wp-image-200\" src=\"https:\/\/blogsaverroes.juntadeandalucia.es\/elmaestroalberto\/files\/2023\/09\/IMG_6418-300x300.jpeg\" alt=\"\" width=\"300\" height=\"300\" srcset=\"https:\/\/blogsaverroes.juntadeandalucia.es\/elmaestroalberto\/files\/2023\/09\/IMG_6418-300x300.jpeg 300w, https:\/\/blogsaverroes.juntadeandalucia.es\/elmaestroalberto\/files\/2023\/09\/IMG_6418-1024x1024.jpeg 1024w, https:\/\/blogsaverroes.juntadeandalucia.es\/elmaestroalberto\/files\/2023\/09\/IMG_6418-150x150.jpeg 150w, https:\/\/blogsaverroes.juntadeandalucia.es\/elmaestroalberto\/files\/2023\/09\/IMG_6418-768x768.jpeg 768w, https:\/\/blogsaverroes.juntadeandalucia.es\/elmaestroalberto\/files\/2023\/09\/IMG_6418-1536x1536.jpeg 1536w, https:\/\/blogsaverroes.juntadeandalucia.es\/elmaestroalberto\/files\/2023\/09\/IMG_6418.jpeg 2048w, https:\/\/blogsaverroes.juntadeandalucia.es\/elmaestroalberto\/files\/2023\/09\/IMG_6418-432x432.jpeg 432w, https:\/\/blogsaverroes.juntadeandalucia.es\/elmaestroalberto\/files\/2023\/09\/IMG_6418-268x268.jpeg 268w, https:\/\/blogsaverroes.juntadeandalucia.es\/elmaestroalberto\/files\/2023\/09\/IMG_6418-700x700.jpeg 700w\" sizes=\"(max-width: 300px) 100vw, 300px\" \/><img loading=\"lazy\" decoding=\"async\" class=\"alignnone size-medium wp-image-198\" src=\"https:\/\/blogsaverroes.juntadeandalucia.es\/elmaestroalberto\/files\/2023\/09\/IMG_6416-300x300.jpeg\" alt=\"\" width=\"300\" height=\"300\" srcset=\"https:\/\/blogsaverroes.juntadeandalucia.es\/elmaestroalberto\/files\/2023\/09\/IMG_6416-300x300.jpeg 300w, https:\/\/blogsaverroes.juntadeandalucia.es\/elmaestroalberto\/files\/2023\/09\/IMG_6416-1024x1024.jpeg 1024w, https:\/\/blogsaverroes.juntadeandalucia.es\/elmaestroalberto\/files\/2023\/09\/IMG_6416-150x150.jpeg 150w, https:\/\/blogsaverroes.juntadeandalucia.es\/elmaestroalberto\/files\/2023\/09\/IMG_6416-768x768.jpeg 768w, https:\/\/blogsaverroes.juntadeandalucia.es\/elmaestroalberto\/files\/2023\/09\/IMG_6416-1536x1536.jpeg 1536w, https:\/\/blogsaverroes.juntadeandalucia.es\/elmaestroalberto\/files\/2023\/09\/IMG_6416.jpeg 2048w, https:\/\/blogsaverroes.juntadeandalucia.es\/elmaestroalberto\/files\/2023\/09\/IMG_6416-432x432.jpeg 432w, https:\/\/blogsaverroes.juntadeandalucia.es\/elmaestroalberto\/files\/2023\/09\/IMG_6416-268x268.jpeg 268w, https:\/\/blogsaverroes.juntadeandalucia.es\/elmaestroalberto\/files\/2023\/09\/IMG_6416-700x700.jpeg 700w\" sizes=\"(max-width: 300px) 100vw, 300px\" \/><br \/>\n<img loading=\"lazy\" decoding=\"async\" class=\"alignnone size-medium wp-image-199\" src=\"https:\/\/blogsaverroes.juntadeandalucia.es\/elmaestroalberto\/files\/2023\/09\/IMG_6417-300x300.jpeg\" alt=\"\" width=\"300\" height=\"300\" srcset=\"https:\/\/blogsaverroes.juntadeandalucia.es\/elmaestroalberto\/files\/2023\/09\/IMG_6417-300x300.jpeg 300w, https:\/\/blogsaverroes.juntadeandalucia.es\/elmaestroalberto\/files\/2023\/09\/IMG_6417-1024x1024.jpeg 1024w, https:\/\/blogsaverroes.juntadeandalucia.es\/elmaestroalberto\/files\/2023\/09\/IMG_6417-150x150.jpeg 150w, https:\/\/blogsaverroes.juntadeandalucia.es\/elmaestroalberto\/files\/2023\/09\/IMG_6417-768x768.jpeg 768w, https:\/\/blogsaverroes.juntadeandalucia.es\/elmaestroalberto\/files\/2023\/09\/IMG_6417-1536x1536.jpeg 1536w, https:\/\/blogsaverroes.juntadeandalucia.es\/elmaestroalberto\/files\/2023\/09\/IMG_6417.jpeg 2048w, https:\/\/blogsaverroes.juntadeandalucia.es\/elmaestroalberto\/files\/2023\/09\/IMG_6417-432x432.jpeg 432w, https:\/\/blogsaverroes.juntadeandalucia.es\/elmaestroalberto\/files\/2023\/09\/IMG_6417-268x268.jpeg 268w, https:\/\/blogsaverroes.juntadeandalucia.es\/elmaestroalberto\/files\/2023\/09\/IMG_6417-700x700.jpeg 700w\" sizes=\"(max-width: 300px) 100vw, 300px\" \/><img loading=\"lazy\" decoding=\"async\" class=\"alignnone size-medium wp-image-196\" src=\"https:\/\/blogsaverroes.juntadeandalucia.es\/elmaestroalberto\/files\/2023\/09\/IMG_6415-300x300.jpeg\" alt=\"\" width=\"300\" height=\"300\" srcset=\"https:\/\/blogsaverroes.juntadeandalucia.es\/elmaestroalberto\/files\/2023\/09\/IMG_6415-300x300.jpeg 300w, https:\/\/blogsaverroes.juntadeandalucia.es\/elmaestroalberto\/files\/2023\/09\/IMG_6415-1024x1024.jpeg 1024w, https:\/\/blogsaverroes.juntadeandalucia.es\/elmaestroalberto\/files\/2023\/09\/IMG_6415-150x150.jpeg 150w, https:\/\/blogsaverroes.juntadeandalucia.es\/elmaestroalberto\/files\/2023\/09\/IMG_6415-768x768.jpeg 768w, https:\/\/blogsaverroes.juntadeandalucia.es\/elmaestroalberto\/files\/2023\/09\/IMG_6415-1536x1536.jpeg 1536w, https:\/\/blogsaverroes.juntadeandalucia.es\/elmaestroalberto\/files\/2023\/09\/IMG_6415.jpeg 2048w, https:\/\/blogsaverroes.juntadeandalucia.es\/elmaestroalberto\/files\/2023\/09\/IMG_6415-432x432.jpeg 432w, https:\/\/blogsaverroes.juntadeandalucia.es\/elmaestroalberto\/files\/2023\/09\/IMG_6415-268x268.jpeg 268w, https:\/\/blogsaverroes.juntadeandalucia.es\/elmaestroalberto\/files\/2023\/09\/IMG_6415-700x700.jpeg 700w\" sizes=\"(max-width: 300px) 100vw, 300px\" \/><br \/>\n-Y para culminar, junto con los compis de infantil y la ayuda de nuestras familias, conocemos Andalucia a trav\u00e9s de los 5 sentidos, terminando con el gusto, y un rico pan con aceite.<\/p>\n<p><img loading=\"lazy\" decoding=\"async\" class=\"alignnone size-medium wp-image-201\" src=\"https:\/\/blogsaverroes.juntadeandalucia.es\/elmaestroalberto\/files\/2023\/09\/IMG_6419-225x300.jpeg\" alt=\"\" width=\"225\" height=\"300\" srcset=\"https:\/\/blogsaverroes.juntadeandalucia.es\/elmaestroalberto\/files\/2023\/09\/IMG_6419-225x300.jpeg 225w, https:\/\/blogsaverroes.juntadeandalucia.es\/elmaestroalberto\/files\/2023\/09\/IMG_6419-768x1024.jpeg 768w, https:\/\/blogsaverroes.juntadeandalucia.es\/elmaestroalberto\/files\/2023\/09\/IMG_6419-1152x1536.jpeg 1152w, https:\/\/blogsaverroes.juntadeandalucia.es\/elmaestroalberto\/files\/2023\/09\/IMG_6419-700x933.jpeg 700w, https:\/\/blogsaverroes.juntadeandalucia.es\/elmaestroalberto\/files\/2023\/09\/IMG_6419.jpeg 1536w\" sizes=\"(max-width: 225px) 100vw, 225px\" \/><\/p>\n<p>Una maravillosa experiencia, fruto de un buen trabajo en equipo con Peques Del Vel\u00e1zquez Infantil y nuestras familias.<br \/>\n\u00a1viva Andalucia!<\/p>\n<p><img loading=\"lazy\" decoding=\"async\" class=\"alignnone size-medium wp-image-203\" src=\"https:\/\/blogsaverroes.juntadeandalucia.es\/elmaestroalberto\/files\/2023\/09\/IMG_6421-300x225.jpeg\" alt=\"\" width=\"300\" height=\"225\" srcset=\"https:\/\/blogsaverroes.juntadeandalucia.es\/elmaestroalberto\/files\/2023\/09\/IMG_6421-300x225.jpeg 300w, https:\/\/blogsaverroes.juntadeandalucia.es\/elmaestroalberto\/files\/2023\/09\/IMG_6421-1024x768.jpeg 1024w, https:\/\/blogsaverroes.juntadeandalucia.es\/elmaestroalberto\/files\/2023\/09\/IMG_6421-768x576.jpeg 768w, https:\/\/blogsaverroes.juntadeandalucia.es\/elmaestroalberto\/files\/2023\/09\/IMG_6421-1536x1152.jpeg 1536w, https:\/\/blogsaverroes.juntadeandalucia.es\/elmaestroalberto\/files\/2023\/09\/IMG_6421-700x525.jpeg 700w, https:\/\/blogsaverroes.juntadeandalucia.es\/elmaestroalberto\/files\/2023\/09\/IMG_6421.jpeg 2048w\" sizes=\"(max-width: 300px) 100vw, 300px\" \/><\/p>\n<p>&nbsp;<\/p>\n","protected":false},"excerpt":{"rendered":"<p>\u201c\u00bfAnda\u2026que? Andalucia.. \u201c es el t\u00edtulo de la SdA que hemos llevado a cabo con motivo del d\u00eda de nuestra comunidad. Y os aseguro, que ha calado.. ahora somos andaluces con los cinco sentidos\u2026&#46;&#46;&#46;<\/p>\n","protected":false},"author":10104,"featured_media":202,"comment_status":"open","ping_status":"open","sticky":false,"template":"","format":"standard","meta":{"ngg_post_thumbnail":0,"footnotes":""},"categories":[4],"tags":[],"aioseo_notices":[],"_links":{"self":[{"href":"https:\/\/blogsaverroes.juntadeandalucia.es\/elmaestroalberto\/wp-json\/wp\/v2\/posts\/191"}],"collection":[{"href":"https:\/\/blogsaverroes.juntadeandalucia.es\/elmaestroalberto\/wp-json\/wp\/v2\/posts"}],"about":[{"href":"https:\/\/blogsaverroes.juntadeandalucia.es\/elmaestroalberto\/wp-json\/wp\/v2\/types\/post"}],"author":[{"embeddable":true,"href":"https:\/\/blogsaverroes.juntadeandalucia.es\/elmaestroalberto\/wp-json\/wp\/v2\/users\/10104"}],"replies":[{"embeddable":true,"href":"https:\/\/blogsaverroes.juntadeandalucia.es\/elmaestroalberto\/wp-json\/wp\/v2\/comments?post=191"}],"version-history":[{"count":1,"href":"https:\/\/blogsaverroes.juntadeandalucia.es\/elmaestroalberto\/wp-json\/wp\/v2\/posts\/191\/revisions"}],"predecessor-version":[{"id":204,"href":"https:\/\/blogsaverroes.juntadeandalucia.es\/elmaestroalberto\/wp-json\/wp\/v2\/posts\/191\/revisions\/204"}],"wp:featuredmedia":[{"embeddable":true,"href":"https:\/\/blogsaverroes.juntadeandalucia.es\/elmaestroalberto\/wp-json\/wp\/v2\/media\/202"}],"wp:attachment":[{"href":"https:\/\/blogsaverroes.juntadeandalucia.es\/elmaestroalberto\/wp-json\/wp\/v2\/media?parent=191"}],"wp:term":[{"taxonomy":"category","embeddable":true,"href":"https:\/\/blogsaverroes.juntadeandalucia.es\/elmaestroalberto\/wp-json\/wp\/v2\/categories?post=191"},{"taxonomy":"post_tag","embeddable":true,"href":"https:\/\/blogsaverroes.juntadeandalucia.es\/elmaestroalberto\/wp-json\/wp\/v2\/tags?post=191"}],"curies":[{"name":"wp","href":"https:\/\/api.w.org\/{rel}","templated":true}]}}