{"id":13,"date":"2020-04-29T12:17:35","date_gmt":"2020-04-29T10:17:35","guid":{"rendered":"https:\/\/blogsaverroes.juntadeandalucia.es\/elmaestrojavi\/?p=13"},"modified":"2020-05-14T16:11:42","modified_gmt":"2020-05-14T14:11:42","slug":"mis-proyectos","status":"publish","type":"post","link":"https:\/\/blogsaverroes.juntadeandalucia.es\/elmaestrojavi\/2020\/04\/29\/mis-proyectos\/","title":{"rendered":"Mis Proyectos"},"content":{"rendered":"<p style=\"text-align: center\">&nbsp;<\/p>\n<p style=\"text-align: justify\">Bienvenidos a mi nuevo Blog, en esta primera entrada voy a realizar una reflexi\u00f3n sobre diversos blogs educativos que me han resultado muy interesantes y finalmente aportar\u00e9 el enfoque que tendr\u00e1 mi WEB.<\/p>\n<p style=\"text-align: justify\">Comienzo por un Blog de un centro escolar CEIP SAN JOSE<\/p>\n<p style=\"text-align: justify\">&nbsp;<a href=\"http:\/\/blogceipsanjose.blogspot.com\/\"><img loading=\"lazy\" decoding=\"async\" class=\"size-medium wp-image-16 aligncenter\" src=\"https:\/\/blogsaverroes.juntadeandalucia.es\/elmaestrojavi\/files\/2020\/04\/Captura-de-pantalla-2020-04-29-a-las-11.09.37-300x48.png\" alt=\"\" width=\"300\" height=\"48\" srcset=\"https:\/\/blogsaverroes.juntadeandalucia.es\/elmaestrojavi\/files\/2020\/04\/Captura-de-pantalla-2020-04-29-a-las-11.09.37-300x48.png 300w, https:\/\/blogsaverroes.juntadeandalucia.es\/elmaestrojavi\/files\/2020\/04\/Captura-de-pantalla-2020-04-29-a-las-11.09.37-768x123.png 768w, https:\/\/blogsaverroes.juntadeandalucia.es\/elmaestrojavi\/files\/2020\/04\/Captura-de-pantalla-2020-04-29-a-las-11.09.37-1024x164.png 1024w, https:\/\/blogsaverroes.juntadeandalucia.es\/elmaestrojavi\/files\/2020\/04\/Captura-de-pantalla-2020-04-29-a-las-11.09.37-24x4.png 24w, https:\/\/blogsaverroes.juntadeandalucia.es\/elmaestrojavi\/files\/2020\/04\/Captura-de-pantalla-2020-04-29-a-las-11.09.37-36x6.png 36w, https:\/\/blogsaverroes.juntadeandalucia.es\/elmaestrojavi\/files\/2020\/04\/Captura-de-pantalla-2020-04-29-a-las-11.09.37-48x8.png 48w, https:\/\/blogsaverroes.juntadeandalucia.es\/elmaestrojavi\/files\/2020\/04\/Captura-de-pantalla-2020-04-29-a-las-11.09.37.png 1806w\" sizes=\"(max-width: 300px) 100vw, 300px\" \/><\/a><\/p>\n<p style=\"text-align: center\"><a href=\"http:\/\/blogceipsanjose.blogspot.com\/\">http:\/\/blogceipsanjose.blogspot.com\/<\/a><\/p>\n<p style=\"text-align: justify\">Este Blog est\u00e1 activo desde 2009, cumple 11 a\u00f1os difundiendo actividades, recursos, contenidos, enlaces, etc\u2026 de y para su centro. Al principio sirvi\u00f3 simplemente para recoger materiales, recursos y enlaces que ayudaban al alumnado en algunas \u00e1reas, con el paso del tiempo el Blog hay ido mejorando y a\u00f1adiendo informaci\u00f3n continua sobre las actividades del centro donde se ha mejorado la difusi\u00f3n a trav\u00e9s de im\u00e1genes, v\u00eddeos y recursos interactivos donde toda la Comunidad Educativa puede verlo.<\/p>\n<p style=\"text-align: justify\">Me gustar\u00eda destacar la \u00faltima entrada realizada para el d\u00eda del libro donde no s\u00f3lo exponen v\u00eddeo-cuentos de cualquier manera sino que han sido seleccionados por el alumnado de sexto previa actividad realizada por ellos.<a href=\"http:\/\/blogceipsanjose.blogspot.com\/2020\/\">http:\/\/blogceipsanjose.blogspot.com\/2020\/<\/a><\/p>\n<p>&nbsp;<\/p>\n<p style=\"text-align: justify\">Otro Blog de Centro m\u00e1s que destacable es el de IES Vega de Mijas<\/p>\n<p><a href=\"http:\/\/www.iesvegademijas.es\/wordpress\/\"><img loading=\"lazy\" decoding=\"async\" class=\"size-medium wp-image-14 aligncenter\" src=\"https:\/\/blogsaverroes.juntadeandalucia.es\/elmaestrojavi\/files\/2020\/04\/Captura-de-pantalla-2020-04-29-a-las-11.09.02-300x64.png\" alt=\"\" width=\"300\" height=\"64\" srcset=\"https:\/\/blogsaverroes.juntadeandalucia.es\/elmaestrojavi\/files\/2020\/04\/Captura-de-pantalla-2020-04-29-a-las-11.09.02-300x64.png 300w, https:\/\/blogsaverroes.juntadeandalucia.es\/elmaestrojavi\/files\/2020\/04\/Captura-de-pantalla-2020-04-29-a-las-11.09.02-768x163.png 768w, https:\/\/blogsaverroes.juntadeandalucia.es\/elmaestrojavi\/files\/2020\/04\/Captura-de-pantalla-2020-04-29-a-las-11.09.02-1024x217.png 1024w, https:\/\/blogsaverroes.juntadeandalucia.es\/elmaestrojavi\/files\/2020\/04\/Captura-de-pantalla-2020-04-29-a-las-11.09.02-24x5.png 24w, https:\/\/blogsaverroes.juntadeandalucia.es\/elmaestrojavi\/files\/2020\/04\/Captura-de-pantalla-2020-04-29-a-las-11.09.02-36x8.png 36w, https:\/\/blogsaverroes.juntadeandalucia.es\/elmaestrojavi\/files\/2020\/04\/Captura-de-pantalla-2020-04-29-a-las-11.09.02-48x10.png 48w, https:\/\/blogsaverroes.juntadeandalucia.es\/elmaestrojavi\/files\/2020\/04\/Captura-de-pantalla-2020-04-29-a-las-11.09.02.png 1896w\" sizes=\"(max-width: 300px) 100vw, 300px\" \/><\/a><\/p>\n<p style=\"text-align: center\"><a href=\"http:\/\/www.iesvegademijas.es\/wordpress\/\">http:\/\/www.iesvegademijas.es\/wordpress\/<\/a><\/p>\n<p style=\"text-align: justify\">Esta web es muy completa ya que aporta desde todos los documentos comunes del centro, los departamentos, planes y proyectos e informaci\u00f3n variada. Est\u00e1 enfocada fundamentalmente para la difusi\u00f3n pero desde el portal hay enlace a Google Classroom y ah\u00ed el alumnado puede interactuar. Me parece muy interesante este Blog por lo completo y ordenado que est\u00e1, adem\u00e1s en esta situaci\u00f3n de confinamiento est\u00e1 sirviendo como nexo com\u00fan de difusi\u00f3n de la planificaci\u00f3n por cursos. Como ejemplo de ello os muestro una de ellas <a href=\"http:\/\/www.iesvegademijas.es\/wordpress\/blog\/2020\/04\/28\/actividades-semana-27-abril-08-mayo\/\">http:\/\/www.iesvegademijas.es\/wordpress\/blog\/2020\/04\/28\/actividades-semana-27-abril-08-mayo\/<\/a><\/p>\n<p style=\"text-align: justify\">En cuanto a los Blog personales me gustar\u00eda destacar estos dos:<\/p>\n<p style=\"text-align: justify\">Blog personal, La clase de Miren <a href=\"http:\/\/laclasedemiren.blogspot.com\/\">http:\/\/laclasedemiren.blogspot.com\/<\/a> Educaci\u00f3n Infantil<a href=\"http:\/\/laclasedemiren.blogspot.com\/\"><img loading=\"lazy\" decoding=\"async\" class=\"wp-image-17 aligncenter\" src=\"https:\/\/blogsaverroes.juntadeandalucia.es\/elmaestrojavi\/files\/2020\/04\/Captura-de-pantalla-2020-04-29-a-las-11.08.55-300x184.png\" alt=\"\" width=\"204\" height=\"125\" srcset=\"https:\/\/blogsaverroes.juntadeandalucia.es\/elmaestrojavi\/files\/2020\/04\/Captura-de-pantalla-2020-04-29-a-las-11.08.55-300x184.png 300w, https:\/\/blogsaverroes.juntadeandalucia.es\/elmaestrojavi\/files\/2020\/04\/Captura-de-pantalla-2020-04-29-a-las-11.08.55-768x471.png 768w, https:\/\/blogsaverroes.juntadeandalucia.es\/elmaestrojavi\/files\/2020\/04\/Captura-de-pantalla-2020-04-29-a-las-11.08.55-1024x628.png 1024w, https:\/\/blogsaverroes.juntadeandalucia.es\/elmaestrojavi\/files\/2020\/04\/Captura-de-pantalla-2020-04-29-a-las-11.08.55-24x15.png 24w, https:\/\/blogsaverroes.juntadeandalucia.es\/elmaestrojavi\/files\/2020\/04\/Captura-de-pantalla-2020-04-29-a-las-11.08.55-36x22.png 36w, https:\/\/blogsaverroes.juntadeandalucia.es\/elmaestrojavi\/files\/2020\/04\/Captura-de-pantalla-2020-04-29-a-las-11.08.55-48x29.png 48w, https:\/\/blogsaverroes.juntadeandalucia.es\/elmaestrojavi\/files\/2020\/04\/Captura-de-pantalla-2020-04-29-a-las-11.08.55.png 1934w\" sizes=\"(max-width: 204px) 100vw, 204px\" \/><\/a><\/p>\n<p style=\"text-align: justify\">Este espacio combina la exposici\u00f3n de contenidos, recursos y actividades organizadas por pesta\u00f1as y &nbsp;adem\u00e1s en este momento tan confuso sirve para la planificaci\u00f3n y difusi\u00f3n de las actividades en estos d\u00edas de confinamiento. Es un Blog muy activo en los que toda la Comunidad Educativa puede participar, ya que familias, otros docentes y alumnado pueden interactuar a partir de los comentarios o incluso en un Chat en una barra lateral. Me ha parecido muy completo y que aporta muchas ideas y recursos para que sirva de referencia para mi Blog.<\/p>\n<p style=\"text-align: justify\">Me parecen muy destacables las entradas que aportan en muchas pesta\u00f1as pero la de Realidad Aumentada <a href=\"http:\/\/laclasedemiren.blogspot.com\/search\/label\/REALIDAD%20AUMENTADA\">http:\/\/laclasedemiren.blogspot.com\/search\/label\/REALIDAD%20AUMENTADA<\/a><\/p>\n<p style=\"text-align: justify\">Son muy interesantes ya que combina multitud de recursos interactivos que aumentan la motivaci\u00f3n del alumnado.<\/p>\n<p>&nbsp;<\/p>\n<p style=\"text-align: justify\">Adem\u00e1s del anterior Blog me gustar\u00eda destacar otro donde su finalidad y funcionamiento es distinto. Este se titula E-Star Express <a href=\"http:\/\/e-starexpress.blogspot.com\/\">http:\/\/e-starexpress.blogspot.com\/<\/a><\/p>\n<p><a href=\"http:\/\/e-starexpress.blogspot.com\/\"><img loading=\"lazy\" decoding=\"async\" class=\"size-medium wp-image-15 aligncenter\" src=\"https:\/\/blogsaverroes.juntadeandalucia.es\/elmaestrojavi\/files\/2020\/04\/Captura-de-pantalla-2020-04-29-a-las-11.09.23-300x80.png\" alt=\"\" width=\"300\" height=\"80\" srcset=\"https:\/\/blogsaverroes.juntadeandalucia.es\/elmaestrojavi\/files\/2020\/04\/Captura-de-pantalla-2020-04-29-a-las-11.09.23-300x80.png 300w, https:\/\/blogsaverroes.juntadeandalucia.es\/elmaestrojavi\/files\/2020\/04\/Captura-de-pantalla-2020-04-29-a-las-11.09.23-768x205.png 768w, https:\/\/blogsaverroes.juntadeandalucia.es\/elmaestrojavi\/files\/2020\/04\/Captura-de-pantalla-2020-04-29-a-las-11.09.23-1024x273.png 1024w, https:\/\/blogsaverroes.juntadeandalucia.es\/elmaestrojavi\/files\/2020\/04\/Captura-de-pantalla-2020-04-29-a-las-11.09.23-24x6.png 24w, https:\/\/blogsaverroes.juntadeandalucia.es\/elmaestrojavi\/files\/2020\/04\/Captura-de-pantalla-2020-04-29-a-las-11.09.23-36x10.png 36w, https:\/\/blogsaverroes.juntadeandalucia.es\/elmaestrojavi\/files\/2020\/04\/Captura-de-pantalla-2020-04-29-a-las-11.09.23-48x13.png 48w, https:\/\/blogsaverroes.juntadeandalucia.es\/elmaestrojavi\/files\/2020\/04\/Captura-de-pantalla-2020-04-29-a-las-11.09.23.png 1810w\" sizes=\"(max-width: 300px) 100vw, 300px\" \/><\/a><\/p>\n<p style=\"text-align: justify\">Este Blog tiene una finalidad educativa y colaborativa, donde un grupo de docentes a partir de metodolog\u00edas activas y gamificadoras plantean los contenidos a trav\u00e9s de una din\u00e1mica de viaje donde el alumnado ir\u00e1n conociendo diferentes localidades y\/o pa\u00edses donde trabajan las \u00e1reas de manera multidisciplinar. Me parece muy interesante este proyecto ya que diferentes niveles y centros difunden sus productos a partir de este Blog siguiendo esta din\u00e1mica.<\/p>\n<p style=\"text-align: justify\">Pod\u00e9is ver una entrada de Producto Final en este enlace<\/p>\n<p style=\"text-align: center\"><a href=\"http:\/\/e-starexpress.blogspot.com\/search\/label\/Primaria\">http:\/\/e-starexpress.blogspot.com\/search\/label\/Primaria<\/a><\/p>\n<p style=\"text-align: justify\">donde aparecen los trabajos realizados en diferentes blogs personales del alumnado y enlaces colaborativos realizados por ellos. Es una entrada muy completa d\u00f3nde est\u00e1 el contenido expuesto de manera muy completa.&nbsp;Ninguno de estos Blogs tienen comentarios en las entradas ya que son fundamentalmente de difusi\u00f3n del trabajo realizado o de aportaci\u00f3n de material y contenidos a la Comunidad Educativa.<\/p>\n<p style=\"text-align: justify\">Una vez habiendo reflexionado sobre varios Blog educativos individuales o de centro, he sacado bastantes ideas y referencias interesantes para comenzar mi nuevo Blog. Con este espacio que presento ahora pretendo difundir el trabajo que realizo, compartir mis pensamientos y por supuesto recoger todo aquello de la Comunidad Educativa que quieran compartir conmigo. Por lo tanto me dirijo a toda esta Comunidad, docentes, familias y alumnado. Mis intervenciones en el Blog intentar\u00e1n ser de manera mensual y fomentar\u00e9 la colaboraci\u00f3n del alumnado y otros docentes para enriquecer mis entradas. En este momento las entradas estar\u00e1n centradas en los proyectos gamificados que he realizado y que tengo en proyecto, adem\u00e1s de el trabajo que estoy realizando en este momento.<\/p>\n<p>&nbsp;<\/p>\n<p style=\"text-align: right\">Sin m\u00e1s me despido hasta la pr\u00f3xima entrada, un saludo a tod@s.<\/p>\n<p style=\"text-align: right\"><img loading=\"lazy\" decoding=\"async\" class=\"alignnone wp-image-18\" src=\"https:\/\/blogsaverroes.juntadeandalucia.es\/elmaestrojavi\/files\/2020\/04\/IMG_0266-298x300.jpg\" alt=\"\" width=\"158\" height=\"159\" srcset=\"https:\/\/blogsaverroes.juntadeandalucia.es\/elmaestrojavi\/files\/2020\/04\/IMG_0266-298x300.jpg 298w, https:\/\/blogsaverroes.juntadeandalucia.es\/elmaestrojavi\/files\/2020\/04\/IMG_0266-150x150.jpg 150w, https:\/\/blogsaverroes.juntadeandalucia.es\/elmaestrojavi\/files\/2020\/04\/IMG_0266-100x100.jpg 100w, https:\/\/blogsaverroes.juntadeandalucia.es\/elmaestrojavi\/files\/2020\/04\/IMG_0266-160x160.jpg 160w, https:\/\/blogsaverroes.juntadeandalucia.es\/elmaestrojavi\/files\/2020\/04\/IMG_0266-320x320.jpg 320w, https:\/\/blogsaverroes.juntadeandalucia.es\/elmaestrojavi\/files\/2020\/04\/IMG_0266-24x24.jpg 24w, https:\/\/blogsaverroes.juntadeandalucia.es\/elmaestrojavi\/files\/2020\/04\/IMG_0266-36x36.jpg 36w, https:\/\/blogsaverroes.juntadeandalucia.es\/elmaestrojavi\/files\/2020\/04\/IMG_0266-48x48.jpg 48w, https:\/\/blogsaverroes.juntadeandalucia.es\/elmaestrojavi\/files\/2020\/04\/IMG_0266.jpg 396w\" sizes=\"(max-width: 158px) 100vw, 158px\" \/><\/p>\n","protected":false},"excerpt":{"rendered":"<p>&nbsp; Bienvenidos a mi nuevo Blog, en esta primera entrada voy a realizar una reflexi\u00f3n sobre diversos blogs educativos que me han resultado muy interesantes y finalmente aportar\u00e9 el enfoque que tendr\u00e1 mi WEB.&#46;&#46;&#46;<\/p>\n","protected":false},"author":9815,"featured_media":0,"comment_status":"open","ping_status":"open","sticky":false,"template":"","format":"standard","meta":{"ngg_post_thumbnail":0,"footnotes":""},"categories":[2],"tags":[5],"aioseo_notices":[],"_links":{"self":[{"href":"https:\/\/blogsaverroes.juntadeandalucia.es\/elmaestrojavi\/wp-json\/wp\/v2\/posts\/13"}],"collection":[{"href":"https:\/\/blogsaverroes.juntadeandalucia.es\/elmaestrojavi\/wp-json\/wp\/v2\/posts"}],"about":[{"href":"https:\/\/blogsaverroes.juntadeandalucia.es\/elmaestrojavi\/wp-json\/wp\/v2\/types\/post"}],"author":[{"embeddable":true,"href":"https:\/\/blogsaverroes.juntadeandalucia.es\/elmaestrojavi\/wp-json\/wp\/v2\/users\/9815"}],"replies":[{"embeddable":true,"href":"https:\/\/blogsaverroes.juntadeandalucia.es\/elmaestrojavi\/wp-json\/wp\/v2\/comments?post=13"}],"version-history":[{"count":4,"href":"https:\/\/blogsaverroes.juntadeandalucia.es\/elmaestrojavi\/wp-json\/wp\/v2\/posts\/13\/revisions"}],"predecessor-version":[{"id":153,"href":"https:\/\/blogsaverroes.juntadeandalucia.es\/elmaestrojavi\/wp-json\/wp\/v2\/posts\/13\/revisions\/153"}],"wp:attachment":[{"href":"https:\/\/blogsaverroes.juntadeandalucia.es\/elmaestrojavi\/wp-json\/wp\/v2\/media?parent=13"}],"wp:term":[{"taxonomy":"category","embeddable":true,"href":"https:\/\/blogsaverroes.juntadeandalucia.es\/elmaestrojavi\/wp-json\/wp\/v2\/categories?post=13"},{"taxonomy":"post_tag","embeddable":true,"href":"https:\/\/blogsaverroes.juntadeandalucia.es\/elmaestrojavi\/wp-json\/wp\/v2\/tags?post=13"}],"curies":[{"name":"wp","href":"https:\/\/api.w.org\/{rel}","templated":true}]}}