{"id":1665,"date":"2022-08-14T11:11:06","date_gmt":"2022-08-14T10:11:06","guid":{"rendered":"https:\/\/blogsaverroes.juntadeandalucia.es\/elojodeeuler\/?p=1665"},"modified":"2022-08-14T11:14:25","modified_gmt":"2022-08-14T10:14:25","slug":"consumo-de-television","status":"publish","type":"post","link":"https:\/\/blogsaverroes.juntadeandalucia.es\/elojodeeuler\/2022\/08\/14\/consumo-de-television\/","title":{"rendered":"Consumo de televisi\u00f3n"},"content":{"rendered":"<p style=\"text-align: justify\">El siguiente diagrama de barras representa las horas al d\u00eda que ve la televisi\u00f3n el alumnado de un grupo de 2\u00ba ESO.<\/p>\n<p><img loading=\"lazy\" decoding=\"async\" class=\"aligncenter wp-image-1666\" src=\"https:\/\/blogsaverroes.juntadeandalucia.es\/elojodeeuler\/files\/2022\/08\/N\u00famero-de-horas-de-TV-01.png\" alt=\"\" width=\"415\" height=\"250\" srcset=\"https:\/\/blogsaverroes.juntadeandalucia.es\/elojodeeuler\/files\/2022\/08\/N\u00famero-de-horas-de-TV-01.png 544w, https:\/\/blogsaverroes.juntadeandalucia.es\/elojodeeuler\/files\/2022\/08\/N\u00famero-de-horas-de-TV-01-300x181.png 300w, https:\/\/blogsaverroes.juntadeandalucia.es\/elojodeeuler\/files\/2022\/08\/N\u00famero-de-horas-de-TV-01-332x200.png 332w\" sizes=\"(max-width: 415px) 100vw, 415px\" \/><\/p>\n<p style=\"text-align: justify\">a) \u00bfCu\u00e1ntos estudiantes ven la televisi\u00f3n tres horas al d\u00eda?<\/p>\n<p style=\"text-align: justify\">b) \u00bfCu\u00e1ntas personas hay en el grupo?<\/p>\n<p style=\"text-align: justify\">c) Considerando todo el grupo, \u00bfcu\u00e1l es el n\u00famero total de horas que ven la televisi\u00f3n?<\/p>\n<p style=\"text-align: justify\">d) Averigua el n\u00famero de horas que se ve la televisi\u00f3n en promedio por persona.<\/p>\n","protected":false},"excerpt":{"rendered":"<p>El siguiente diagrama de barras representa las horas al d\u00eda que ve la televisi\u00f3n el alumnado de un grupo de&#46;&#46;&#46;<\/p>\n","protected":false},"author":12306,"featured_media":0,"comment_status":"open","ping_status":"open","sticky":false,"template":"","format":"standard","meta":{"_exactmetrics_skip_tracking":false,"_exactmetrics_sitenote_active":false,"_exactmetrics_sitenote_note":"","_exactmetrics_sitenote_category":0,"ngg_post_thumbnail":0,"footnotes":""},"categories":[19],"tags":[],"aioseo_notices":[],"_links":{"self":[{"href":"https:\/\/blogsaverroes.juntadeandalucia.es\/elojodeeuler\/wp-json\/wp\/v2\/posts\/1665"}],"collection":[{"href":"https:\/\/blogsaverroes.juntadeandalucia.es\/elojodeeuler\/wp-json\/wp\/v2\/posts"}],"about":[{"href":"https:\/\/blogsaverroes.juntadeandalucia.es\/elojodeeuler\/wp-json\/wp\/v2\/types\/post"}],"author":[{"embeddable":true,"href":"https:\/\/blogsaverroes.juntadeandalucia.es\/elojodeeuler\/wp-json\/wp\/v2\/users\/12306"}],"replies":[{"embeddable":true,"href":"https:\/\/blogsaverroes.juntadeandalucia.es\/elojodeeuler\/wp-json\/wp\/v2\/comments?post=1665"}],"version-history":[{"count":3,"href":"https:\/\/blogsaverroes.juntadeandalucia.es\/elojodeeuler\/wp-json\/wp\/v2\/posts\/1665\/revisions"}],"predecessor-version":[{"id":1669,"href":"https:\/\/blogsaverroes.juntadeandalucia.es\/elojodeeuler\/wp-json\/wp\/v2\/posts\/1665\/revisions\/1669"}],"wp:attachment":[{"href":"https:\/\/blogsaverroes.juntadeandalucia.es\/elojodeeuler\/wp-json\/wp\/v2\/media?parent=1665"}],"wp:term":[{"taxonomy":"category","embeddable":true,"href":"https:\/\/blogsaverroes.juntadeandalucia.es\/elojodeeuler\/wp-json\/wp\/v2\/categories?post=1665"},{"taxonomy":"post_tag","embeddable":true,"href":"https:\/\/blogsaverroes.juntadeandalucia.es\/elojodeeuler\/wp-json\/wp\/v2\/tags?post=1665"}],"curies":[{"name":"wp","href":"https:\/\/api.w.org\/{rel}","templated":true}]}}