{"id":1791,"date":"2022-01-03T00:00:12","date_gmt":"2022-01-02T23:00:12","guid":{"rendered":"https:\/\/blogsaverroes.juntadeandalucia.es\/elojodeeuler\/?p=1791"},"modified":"2025-08-29T13:06:47","modified_gmt":"2025-08-29T11:06:47","slug":"etapa-ciclista","status":"publish","type":"post","link":"https:\/\/blogsaverroes.juntadeandalucia.es\/elojodeeuler\/2022\/01\/03\/etapa-ciclista\/","title":{"rendered":"Etapa ciclista"},"content":{"rendered":"<p style=\"text-align: justify\">La vuelta ciclista a Espa\u00f1a va cobrando m\u00e1s importancia cada a\u00f1o. En concreto, la vuelta del a\u00f1o 1996 tuvo especial relevancia, ya que en ella participaron tres corredores de m\u00e1ximo nivel dispuestos a enfundarse el maillot amarillo: Indur\u00e1in, Rominger y Jalabert. Ninguno de los tres alcanz\u00f3 el triunfo final, que fue a parar al suizo Alex Z\u00fclle.<\/p>\n<p style=\"text-align: justify\">En toda vuelta ciclista hay etapas llanas, de monta\u00f1a o contrarreloj, en las que la velocidad media de los ciclistas es mayor o menor seg\u00fan las dificultades del recorrido o las condiciones clim\u00e1ticas. Para observar la mayor o menor dificultad de una etapa de una sola ojeada se utiliza un gr\u00e1fico funcional llamado <strong>perfil de la etapa<\/strong>. En dicho gr\u00e1fico se indica la altura sobre el nivel del mar a la que se encuentra el corredor <strong>en funci\u00f3n de<\/strong> la distancia recorrida.<\/p>\n<p style=\"text-align: justify\">A modo de ejemplo, \u00e9ste es el perfil de una etapa de la Vuelta Ciclista a Espa\u00f1a entre las localidades de Sabi\u00f1\u00e1nigo y Cerler:<\/p>\n<p><img loading=\"lazy\" decoding=\"async\" class=\"aligncenter wp-image-1792 size-full\" src=\"https:\/\/blogsaverroes.juntadeandalucia.es\/elojodeeuler\/files\/2022\/08\/Perfil-Etapa.png\" alt=\"\" width=\"475\" height=\"222\" srcset=\"https:\/\/blogsaverroes.juntadeandalucia.es\/elojodeeuler\/files\/2022\/08\/Perfil-Etapa.png 475w, https:\/\/blogsaverroes.juntadeandalucia.es\/elojodeeuler\/files\/2022\/08\/Perfil-Etapa-300x140.png 300w, https:\/\/blogsaverroes.juntadeandalucia.es\/elojodeeuler\/files\/2022\/08\/Perfil-Etapa-332x155.png 332w\" sizes=\"(max-width: 475px) 100vw, 475px\" \/><\/p>\n<p style=\"text-align: justify\">a) \u00bfCu\u00e1ntos kil\u00f3metros de recorrido tiene la etapa?<\/p>\n<p style=\"text-align: justify\">b) \u00bfQu\u00e9 localidad acaba de dejar atr\u00e1s un ciclista despu\u00e9s de 20 km recorridos?\u00bfEn qu\u00e9 lugar se encuentra un ciclista despu\u00e9s de 160 km recorridos?<\/p>\n<p style=\"text-align: justify\">c) \u00bfCu\u00e1les son los \u00abm\u00e1ximos\u00bb de la gr\u00e1fica, es decir, los puertos de monta\u00f1a y a qu\u00e9 altura se encuentran? \u00bfCu\u00e1l es el \u00abm\u00ednimo absoluto\u00bb de la gr\u00e1fica, es decir, el punto m\u00e1s bajo del recorrido y a qu\u00e9 altura se encuentra?<\/p>\n<p style=\"text-align: justify\">d) \u00bfCu\u00e1ntos metros de desnivel existen entre Puerto de Cotefablo y Ainsa? \u00bfEn qu\u00e9 sentido se recorren: en sentido creciente o decreciente?<\/p>\n<p style=\"text-align: justify\">e) \u00bfCu\u00e1ntos metros de desnivel existen entre Ainsa y Puerto de la Foradada? \u00bfEn qu\u00e9 sentido se recorren: en sentido creciente o decreciente? \u00bfY entre Cerler y Alto de Ampriu?<\/p>\n<p style=\"text-align: justify\">f) \u00bfCrees que esta etapa es de mucha o de poca dureza? \u00bfPor qu\u00e9?<\/p>\n","protected":false},"excerpt":{"rendered":"<p>La vuelta ciclista a Espa\u00f1a va cobrando m\u00e1s importancia cada a\u00f1o. En concreto, la vuelta del a\u00f1o 1996 tuvo especial&#46;&#46;&#46;<\/p>\n","protected":false},"author":12306,"featured_media":1792,"comment_status":"open","ping_status":"open","sticky":false,"template":"","format":"standard","meta":{"_exactmetrics_skip_tracking":false,"_exactmetrics_sitenote_active":false,"_exactmetrics_sitenote_note":"","_exactmetrics_sitenote_category":0,"ngg_post_thumbnail":0,"footnotes":""},"categories":[29,18],"tags":[],"aioseo_notices":[],"_links":{"self":[{"href":"https:\/\/blogsaverroes.juntadeandalucia.es\/elojodeeuler\/wp-json\/wp\/v2\/posts\/1791"}],"collection":[{"href":"https:\/\/blogsaverroes.juntadeandalucia.es\/elojodeeuler\/wp-json\/wp\/v2\/posts"}],"about":[{"href":"https:\/\/blogsaverroes.juntadeandalucia.es\/elojodeeuler\/wp-json\/wp\/v2\/types\/post"}],"author":[{"embeddable":true,"href":"https:\/\/blogsaverroes.juntadeandalucia.es\/elojodeeuler\/wp-json\/wp\/v2\/users\/12306"}],"replies":[{"embeddable":true,"href":"https:\/\/blogsaverroes.juntadeandalucia.es\/elojodeeuler\/wp-json\/wp\/v2\/comments?post=1791"}],"version-history":[{"count":3,"href":"https:\/\/blogsaverroes.juntadeandalucia.es\/elojodeeuler\/wp-json\/wp\/v2\/posts\/1791\/revisions"}],"predecessor-version":[{"id":4720,"href":"https:\/\/blogsaverroes.juntadeandalucia.es\/elojodeeuler\/wp-json\/wp\/v2\/posts\/1791\/revisions\/4720"}],"wp:featuredmedia":[{"embeddable":true,"href":"https:\/\/blogsaverroes.juntadeandalucia.es\/elojodeeuler\/wp-json\/wp\/v2\/media\/1792"}],"wp:attachment":[{"href":"https:\/\/blogsaverroes.juntadeandalucia.es\/elojodeeuler\/wp-json\/wp\/v2\/media?parent=1791"}],"wp:term":[{"taxonomy":"category","embeddable":true,"href":"https:\/\/blogsaverroes.juntadeandalucia.es\/elojodeeuler\/wp-json\/wp\/v2\/categories?post=1791"},{"taxonomy":"post_tag","embeddable":true,"href":"https:\/\/blogsaverroes.juntadeandalucia.es\/elojodeeuler\/wp-json\/wp\/v2\/tags?post=1791"}],"curies":[{"name":"wp","href":"https:\/\/api.w.org\/{rel}","templated":true}]}}