{"id":613,"date":"2022-02-18T18:24:47","date_gmt":"2022-02-18T17:24:47","guid":{"rendered":"https:\/\/blogsaverroes.juntadeandalucia.es\/elojodeeuler\/?p=613"},"modified":"2022-07-30T17:49:16","modified_gmt":"2022-07-30T16:49:16","slug":"temperaturas-medias","status":"publish","type":"post","link":"https:\/\/blogsaverroes.juntadeandalucia.es\/elojodeeuler\/2022\/02\/18\/temperaturas-medias\/","title":{"rendered":"Temperaturas medias"},"content":{"rendered":"<p style=\"text-align: justify\">En el siguiente gr\u00e1fico se recogen las temperaturas medias registradas en Pe\u00f1achica durante el mes de junio desde 2000 hasta 2009.<\/p>\n<p><img loading=\"lazy\" decoding=\"async\" class=\"aligncenter wp-image-614\" src=\"https:\/\/blogsaverroes.juntadeandalucia.es\/elojodeeuler\/files\/2022\/02\/A\u00f1o-Temperatura.png\" alt=\"\" width=\"494\" height=\"250\" srcset=\"https:\/\/blogsaverroes.juntadeandalucia.es\/elojodeeuler\/files\/2022\/02\/A\u00f1o-Temperatura.png 687w, https:\/\/blogsaverroes.juntadeandalucia.es\/elojodeeuler\/files\/2022\/02\/A\u00f1o-Temperatura-300x152.png 300w, https:\/\/blogsaverroes.juntadeandalucia.es\/elojodeeuler\/files\/2022\/02\/A\u00f1o-Temperatura-332x168.png 332w\" sizes=\"(max-width: 494px) 100vw, 494px\" \/><\/p>\n<p>a) \u00bfCu\u00e1l ha sido la temperatura media m\u00e1s baja desde 2000 hasta 2009 durante el mes de junio en Pe\u00f1achica? \u00bfEn qu\u00e9 a\u00f1o ocurri\u00f3?<\/p>\n<p>b) Calcula el promedio de las temperaturas entre 2000 y 2009. Redondea a una cifra decimal.<\/p>\n<p>c) Imagina que contin\u00faa la tendencia de las temperaturas entre 2006 y 2009. \u00bfQu\u00e9 se podr\u00eda decir sobre la previsi\u00f3n de temperatura media para junio del a\u00f1o 2010 en Pe\u00f1achica?<\/p>\n<p>d) \u00bfCu\u00e1l de los siguientes gr\u00e1ficos representa mejor los datos recogidos en el gr\u00e1fico inicial?<\/p>\n<p><img loading=\"lazy\" decoding=\"async\" class=\"aligncenter wp-image-620 size-full\" src=\"https:\/\/blogsaverroes.juntadeandalucia.es\/elojodeeuler\/files\/2022\/02\/Temperaturas-medias.png\" alt=\"\" width=\"521\" height=\"86\" srcset=\"https:\/\/blogsaverroes.juntadeandalucia.es\/elojodeeuler\/files\/2022\/02\/Temperaturas-medias.png 521w, https:\/\/blogsaverroes.juntadeandalucia.es\/elojodeeuler\/files\/2022\/02\/Temperaturas-medias-300x50.png 300w, https:\/\/blogsaverroes.juntadeandalucia.es\/elojodeeuler\/files\/2022\/02\/Temperaturas-medias-332x55.png 332w\" sizes=\"(max-width: 521px) 100vw, 521px\" \/>e) Si se elige un a\u00f1o al azar de 2000 al 2009, \u00bfes poco probable o es muy probable que la temperatura media en el mes de junio haya estado entre 19\u00baC y 24\u00baC?<\/p>\n<p>f) \u00bfQu\u00e9 porcentaje de las temperaturas medias en el mes de junio desde 2000 a 2009, estuvo entre 15\u00baC y 20\u00baC? \u00bfY entre 20\u00baC y 25\u00baC?<\/p>\n","protected":false},"excerpt":{"rendered":"<p>En el siguiente gr\u00e1fico se recogen las temperaturas medias registradas en Pe\u00f1achica durante el mes de junio desde 2000 hasta&#46;&#46;&#46;<\/p>\n","protected":false},"author":12306,"featured_media":0,"comment_status":"open","ping_status":"open","sticky":false,"template":"","format":"standard","meta":{"_exactmetrics_skip_tracking":false,"_exactmetrics_sitenote_active":false,"_exactmetrics_sitenote_note":"","_exactmetrics_sitenote_category":0,"ngg_post_thumbnail":0,"footnotes":""},"categories":[19],"tags":[],"aioseo_notices":[],"_links":{"self":[{"href":"https:\/\/blogsaverroes.juntadeandalucia.es\/elojodeeuler\/wp-json\/wp\/v2\/posts\/613"}],"collection":[{"href":"https:\/\/blogsaverroes.juntadeandalucia.es\/elojodeeuler\/wp-json\/wp\/v2\/posts"}],"about":[{"href":"https:\/\/blogsaverroes.juntadeandalucia.es\/elojodeeuler\/wp-json\/wp\/v2\/types\/post"}],"author":[{"embeddable":true,"href":"https:\/\/blogsaverroes.juntadeandalucia.es\/elojodeeuler\/wp-json\/wp\/v2\/users\/12306"}],"replies":[{"embeddable":true,"href":"https:\/\/blogsaverroes.juntadeandalucia.es\/elojodeeuler\/wp-json\/wp\/v2\/comments?post=613"}],"version-history":[{"count":4,"href":"https:\/\/blogsaverroes.juntadeandalucia.es\/elojodeeuler\/wp-json\/wp\/v2\/posts\/613\/revisions"}],"predecessor-version":[{"id":621,"href":"https:\/\/blogsaverroes.juntadeandalucia.es\/elojodeeuler\/wp-json\/wp\/v2\/posts\/613\/revisions\/621"}],"wp:attachment":[{"href":"https:\/\/blogsaverroes.juntadeandalucia.es\/elojodeeuler\/wp-json\/wp\/v2\/media?parent=613"}],"wp:term":[{"taxonomy":"category","embeddable":true,"href":"https:\/\/blogsaverroes.juntadeandalucia.es\/elojodeeuler\/wp-json\/wp\/v2\/categories?post=613"},{"taxonomy":"post_tag","embeddable":true,"href":"https:\/\/blogsaverroes.juntadeandalucia.es\/elojodeeuler\/wp-json\/wp\/v2\/tags?post=613"}],"curies":[{"name":"wp","href":"https:\/\/api.w.org\/{rel}","templated":true}]}}