{"id":862,"date":"2022-07-08T16:42:09","date_gmt":"2022-07-08T15:42:09","guid":{"rendered":"https:\/\/blogsaverroes.juntadeandalucia.es\/elojodeeuler\/?p=862"},"modified":"2022-07-08T16:44:32","modified_gmt":"2022-07-08T15:44:32","slug":"emisiones-de-dioxido-de-carbono","status":"publish","type":"post","link":"https:\/\/blogsaverroes.juntadeandalucia.es\/elojodeeuler\/2022\/07\/08\/emisiones-de-dioxido-de-carbono\/","title":{"rendered":"Emisiones de di\u00f3xido de carbono"},"content":{"rendered":"<p style=\"text-align: justify\"><img loading=\"lazy\" decoding=\"async\" class=\"alignright wp-image-863\" src=\"https:\/\/blogsaverroes.juntadeandalucia.es\/elojodeeuler\/files\/2022\/07\/Emisi\u00f3n-CO2-300x207.png\" alt=\"\" width=\"225\" height=\"155\" srcset=\"https:\/\/blogsaverroes.juntadeandalucia.es\/elojodeeuler\/files\/2022\/07\/Emisi\u00f3n-CO2-300x207.png 300w, https:\/\/blogsaverroes.juntadeandalucia.es\/elojodeeuler\/files\/2022\/07\/Emisi\u00f3n-CO2-332x229.png 332w, https:\/\/blogsaverroes.juntadeandalucia.es\/elojodeeuler\/files\/2022\/07\/Emisi\u00f3n-CO2.png 479w\" sizes=\"(max-width: 225px) 100vw, 225px\" \/>Muchos cient\u00edficos temen que el aumento del nivel de gas CO<sub>2<\/sub> en nuestra atm\u00f3sfera est\u00e9 causando un cambio clim\u00e1tico.<\/p>\n<p style=\"text-align: justify\">La tabla siguiente muestra los niveles de emisi\u00f3n de CO<sub>2<\/sub>&nbsp; en 1990 de varios pa\u00edses o regiones, los niveles de emisi\u00f3n en 1998 (ambos en millones de toneladas) y el porcentaje de cambio en los niveles de emisi\u00f3n entre 1990 y 1998.<\/p>\n<table style=\"border-collapse: collapse;width: 100%\">\n<tbody>\n<tr>\n<td style=\"width: 22.0454%\">&nbsp;<\/td>\n<td style=\"width: 11.894%\">EEUU<\/td>\n<td style=\"width: 9.62126%\">RUSIA<\/td>\n<td style=\"width: 10.8334%\">JAP\u00d3N<\/td>\n<td style=\"width: 10.5302%\">CANAD\u00c1<\/td>\n<td style=\"width: 14.7728%\">AUSTRALIA<\/td>\n<td style=\"width: 7.80303%\">UE<\/td>\n<td style=\"width: 12.5%\">ALEMANIA<\/td>\n<\/tr>\n<tr>\n<td style=\"width: 22.0454%\">Niveles de emisi\u00f3n en 1990<\/td>\n<td style=\"width: 11.894%;text-align: center;vertical-align: middle\">6049<\/td>\n<td style=\"width: 9.62126%;text-align: center;vertical-align: middle\">3040<\/td>\n<td style=\"width: 10.8334%;text-align: center;vertical-align: middle\">1213<\/td>\n<td style=\"width: 10.5302%;text-align: center;vertical-align: middle\">612<\/td>\n<td style=\"width: 14.7728%;text-align: center;vertical-align: middle\">423<\/td>\n<td style=\"width: 7.80303%;text-align: center;vertical-align: middle\">4208<\/td>\n<td style=\"width: 12.5%;text-align: center;vertical-align: middle\">1209<\/td>\n<\/tr>\n<tr>\n<td style=\"width: 22.0454%\">Niveles de emisi\u00f3n en 1998<\/td>\n<td style=\"width: 11.894%;text-align: center;vertical-align: middle\">6727<\/td>\n<td style=\"width: 9.62126%;text-align: center;vertical-align: middle\">1962<\/td>\n<td style=\"width: 10.8334%;text-align: center;vertical-align: middle\">1331<\/td>\n<td style=\"width: 10.5302%;text-align: center;vertical-align: middle\">692<\/td>\n<td style=\"width: 14.7728%;text-align: center;vertical-align: middle\">485<\/td>\n<td style=\"width: 7.80303%;text-align: center;vertical-align: middle\">4041<\/td>\n<td style=\"width: 12.5%;text-align: center;vertical-align: middle\">1020<\/td>\n<\/tr>\n<tr>\n<td style=\"width: 22.0454%\">Porcentaje de cambio entre 1990 y 1998<\/td>\n<td style=\"width: 11.894%;text-align: center;vertical-align: middle\">+11%<\/td>\n<td style=\"width: 9.62126%;text-align: center;vertical-align: middle\">\u201335%<\/td>\n<td style=\"width: 10.8334%;text-align: center;vertical-align: middle\">+10%<\/td>\n<td style=\"width: 10.5302%;text-align: center;vertical-align: middle\">+13%<\/td>\n<td style=\"width: 14.7728%;text-align: center;vertical-align: middle\">+15%<\/td>\n<td style=\"width: 7.80303%;text-align: center;vertical-align: middle\">\u20134%<\/td>\n<td style=\"width: 12.5%;text-align: center;vertical-align: middle\">\u201316%<\/td>\n<\/tr>\n<\/tbody>\n<\/table>\n<p style=\"text-align: justify\">En la tabla se puede leer que el aumento de emisiones de CO<sub>2<\/sub>&nbsp; en Estados Unidos entre 1990 y 1998 fue del 11%. Escribe los c\u00e1lculos que hay que hacer para obtener este 11%.<\/p>\n","protected":false},"excerpt":{"rendered":"<p>Muchos cient\u00edficos temen que el aumento del nivel de gas CO2 en nuestra atm\u00f3sfera est\u00e9 causando un cambio clim\u00e1tico. La&#46;&#46;&#46;<\/p>\n","protected":false},"author":12306,"featured_media":0,"comment_status":"open","ping_status":"open","sticky":false,"template":"","format":"standard","meta":{"_exactmetrics_skip_tracking":false,"_exactmetrics_sitenote_active":false,"_exactmetrics_sitenote_note":"","_exactmetrics_sitenote_category":0,"ngg_post_thumbnail":0,"footnotes":""},"categories":[15],"tags":[],"aioseo_notices":[],"_links":{"self":[{"href":"https:\/\/blogsaverroes.juntadeandalucia.es\/elojodeeuler\/wp-json\/wp\/v2\/posts\/862"}],"collection":[{"href":"https:\/\/blogsaverroes.juntadeandalucia.es\/elojodeeuler\/wp-json\/wp\/v2\/posts"}],"about":[{"href":"https:\/\/blogsaverroes.juntadeandalucia.es\/elojodeeuler\/wp-json\/wp\/v2\/types\/post"}],"author":[{"embeddable":true,"href":"https:\/\/blogsaverroes.juntadeandalucia.es\/elojodeeuler\/wp-json\/wp\/v2\/users\/12306"}],"replies":[{"embeddable":true,"href":"https:\/\/blogsaverroes.juntadeandalucia.es\/elojodeeuler\/wp-json\/wp\/v2\/comments?post=862"}],"version-history":[{"count":3,"href":"https:\/\/blogsaverroes.juntadeandalucia.es\/elojodeeuler\/wp-json\/wp\/v2\/posts\/862\/revisions"}],"predecessor-version":[{"id":866,"href":"https:\/\/blogsaverroes.juntadeandalucia.es\/elojodeeuler\/wp-json\/wp\/v2\/posts\/862\/revisions\/866"}],"wp:attachment":[{"href":"https:\/\/blogsaverroes.juntadeandalucia.es\/elojodeeuler\/wp-json\/wp\/v2\/media?parent=862"}],"wp:term":[{"taxonomy":"category","embeddable":true,"href":"https:\/\/blogsaverroes.juntadeandalucia.es\/elojodeeuler\/wp-json\/wp\/v2\/categories?post=862"},{"taxonomy":"post_tag","embeddable":true,"href":"https:\/\/blogsaverroes.juntadeandalucia.es\/elojodeeuler\/wp-json\/wp\/v2\/tags?post=862"}],"curies":[{"name":"wp","href":"https:\/\/api.w.org\/{rel}","templated":true}]}}