{"id":909,"date":"2022-07-17T18:03:11","date_gmt":"2022-07-17T17:03:11","guid":{"rendered":"https:\/\/blogsaverroes.juntadeandalucia.es\/elojodeeuler\/?p=909"},"modified":"2024-11-02T12:55:30","modified_gmt":"2024-11-02T11:55:30","slug":"el-sueno-de-volar","status":"publish","type":"post","link":"https:\/\/blogsaverroes.juntadeandalucia.es\/elojodeeuler\/2022\/07\/17\/el-sueno-de-volar\/","title":{"rendered":"El sue\u00f1o de volar"},"content":{"rendered":"<p style=\"text-align: justify\">Volar ha sido, desde los tiempos m\u00e1s remotos, un sue\u00f1o perseguido por el ser humano. Las m\u00e1s antiguas leyendas de todas las culturas relatan c\u00f3mo sus h\u00e9roes consegu\u00edan elevarse por los aires como Hermes, el mensajero de los dioses con alas en los pies o D\u00e9dalo, que construy\u00f3 unas alas para escapar del laberinto de Creta \u2026<\/p>\n<p style=\"text-align: justify\"><img loading=\"lazy\" decoding=\"async\" class=\"alignright wp-image-910\" src=\"https:\/\/blogsaverroes.juntadeandalucia.es\/elojodeeuler\/files\/2022\/07\/Cometa.png\" alt=\"\" width=\"114\" height=\"175\" srcset=\"https:\/\/blogsaverroes.juntadeandalucia.es\/elojodeeuler\/files\/2022\/07\/Cometa.png 252w, https:\/\/blogsaverroes.juntadeandalucia.es\/elojodeeuler\/files\/2022\/07\/Cometa-195x300.png 195w\" sizes=\"(max-width: 114px) 100vw, 114px\" \/>Muchos sabios de la antig\u00fcedad pensaban que para volar ser\u00eda necesario imitar el movimiento de las alas de los p\u00e1jaros. Gracias al desarrollo de la F\u00edsica y las Matem\u00e1ticas, los primeros vuelos controlados y sostenidos en el tiempo se hicieron posible en el siglo XX.<\/p>\n<p style=\"text-align: justify\">El primer aparato volador fue la <strong>cometa<\/strong>. Las cometas se inventaron en la antigua China. Se sabe que alrededor del a\u00f1o 1200 a.C. ya se utilizaban como dispositivo de se\u00f1alizaci\u00f3n militar.<\/p>\n<p style=\"text-align: justify\">En el siglo XV, el cient\u00edfico e inventor italiano Leonardo da Vinci dise\u00f1\u00f3 un artefacto con alas que nunca se lleg\u00f3 a construir. A finales del siglo XVIII, los hermanos Montgolfier construyeron un <strong>globo<\/strong> que, al llenarlo de aire caliente, se elevaba soportando una cesta con pasajeros.<\/p>\n<p style=\"text-align: justify\"><img loading=\"lazy\" decoding=\"async\" class=\"alignleft wp-image-911\" src=\"https:\/\/blogsaverroes.juntadeandalucia.es\/elojodeeuler\/files\/2022\/07\/Aeroplano-H-Wright.png\" alt=\"\" width=\"251\" height=\"100\" srcset=\"https:\/\/blogsaverroes.juntadeandalucia.es\/elojodeeuler\/files\/2022\/07\/Aeroplano-H-Wright.png 311w, https:\/\/blogsaverroes.juntadeandalucia.es\/elojodeeuler\/files\/2022\/07\/Aeroplano-H-Wright-300x120.png 300w\" sizes=\"(max-width: 251px) 100vw, 251px\" \/>El 17 de diciembre de 1903, cerca de Kitty Hawk, en Carolina del Norte (EEUU), los hermanos estadounidenses Wilbur y Orville Wright, hicieron un vuelo ondulante de 36 m en 12 segundos. Acababa de tener lugar el primer vuelo sostenido y controlado de una aeronave propulsada por motor de la historia.<\/p>\n<p style=\"text-align: justify\">En 1920, el espa\u00f1ol Juan de la Cierva (1895 \u2013 1936)&nbsp; invent\u00f3 el <strong>autogiro<\/strong>, aparato precursor del <strong>helic\u00f3ptero<\/strong>. \u00c9ste es utilizado en variedad de situaciones por su capacidad para permanecer suspendido en el aire sobre un determinado punto. Tienen m\u00faltiples dise\u00f1os, variando el n\u00famero de aspas de sus h\u00e9lices.<\/p>\n<p><img loading=\"lazy\" decoding=\"async\" class=\"aligncenter wp-image-912 size-full\" src=\"https:\/\/blogsaverroes.juntadeandalucia.es\/elojodeeuler\/files\/2022\/07\/Helic\u00f3pteros.png\" alt=\"\" width=\"1072\" height=\"204\" srcset=\"https:\/\/blogsaverroes.juntadeandalucia.es\/elojodeeuler\/files\/2022\/07\/Helic\u00f3pteros.png 1072w, https:\/\/blogsaverroes.juntadeandalucia.es\/elojodeeuler\/files\/2022\/07\/Helic\u00f3pteros-300x57.png 300w, https:\/\/blogsaverroes.juntadeandalucia.es\/elojodeeuler\/files\/2022\/07\/Helic\u00f3pteros-1024x195.png 1024w, https:\/\/blogsaverroes.juntadeandalucia.es\/elojodeeuler\/files\/2022\/07\/Helic\u00f3pteros-768x146.png 768w, https:\/\/blogsaverroes.juntadeandalucia.es\/elojodeeuler\/files\/2022\/07\/Helic\u00f3pteros-700x133.png 700w, https:\/\/blogsaverroes.juntadeandalucia.es\/elojodeeuler\/files\/2022\/07\/Helic\u00f3pteros-332x63.png 332w\" sizes=\"(max-width: 1072px) 100vw, 1072px\" \/><\/p>\n<p style=\"text-align: justify\">a) \u00bfQu\u00e9 nombre recibe el pol\u00edgono que forma la cometa? \u00bfCu\u00e1nto miden aproximadamente los \u00e1ngulos que forman sus lados? \u00bfC\u00f3mo son los segmentos formados por las dos varillas que se cruzan en medio? \u00bfQu\u00e9 tipo de \u00e1ngulos forman las varillas en el punto de corte?<\/p>\n<p style=\"text-align: justify\">b) \u00bfQu\u00e9 posici\u00f3n tienen las varillas del aeroplano de los hermanos Wright respecto a los planos de las alas? \u00bfC\u00f3mo son esas varillas entre s\u00ed?<\/p>\n<p style=\"text-align: justify\">c) \u00bfCu\u00e1ntas aspas tiene cada uno de los helic\u00f3pteros de las fotograf\u00edas anteriores? \u00bfQu\u00e9 \u00e1ngulo forman una pareja cualquiera de aspas en cada uno de ellos?<\/p>\n","protected":false},"excerpt":{"rendered":"<p>Volar ha sido, desde los tiempos m\u00e1s remotos, un sue\u00f1o perseguido por el ser humano. Las m\u00e1s antiguas leyendas de&#46;&#46;&#46;<\/p>\n","protected":false},"author":12306,"featured_media":0,"comment_status":"open","ping_status":"open","sticky":false,"template":"","format":"standard","meta":{"_exactmetrics_skip_tracking":false,"_exactmetrics_sitenote_active":false,"_exactmetrics_sitenote_note":"","_exactmetrics_sitenote_category":0,"ngg_post_thumbnail":0,"footnotes":""},"categories":[27],"tags":[],"aioseo_notices":[],"_links":{"self":[{"href":"https:\/\/blogsaverroes.juntadeandalucia.es\/elojodeeuler\/wp-json\/wp\/v2\/posts\/909"}],"collection":[{"href":"https:\/\/blogsaverroes.juntadeandalucia.es\/elojodeeuler\/wp-json\/wp\/v2\/posts"}],"about":[{"href":"https:\/\/blogsaverroes.juntadeandalucia.es\/elojodeeuler\/wp-json\/wp\/v2\/types\/post"}],"author":[{"embeddable":true,"href":"https:\/\/blogsaverroes.juntadeandalucia.es\/elojodeeuler\/wp-json\/wp\/v2\/users\/12306"}],"replies":[{"embeddable":true,"href":"https:\/\/blogsaverroes.juntadeandalucia.es\/elojodeeuler\/wp-json\/wp\/v2\/comments?post=909"}],"version-history":[{"count":4,"href":"https:\/\/blogsaverroes.juntadeandalucia.es\/elojodeeuler\/wp-json\/wp\/v2\/posts\/909\/revisions"}],"predecessor-version":[{"id":3476,"href":"https:\/\/blogsaverroes.juntadeandalucia.es\/elojodeeuler\/wp-json\/wp\/v2\/posts\/909\/revisions\/3476"}],"wp:attachment":[{"href":"https:\/\/blogsaverroes.juntadeandalucia.es\/elojodeeuler\/wp-json\/wp\/v2\/media?parent=909"}],"wp:term":[{"taxonomy":"category","embeddable":true,"href":"https:\/\/blogsaverroes.juntadeandalucia.es\/elojodeeuler\/wp-json\/wp\/v2\/categories?post=909"},{"taxonomy":"post_tag","embeddable":true,"href":"https:\/\/blogsaverroes.juntadeandalucia.es\/elojodeeuler\/wp-json\/wp\/v2\/tags?post=909"}],"curies":[{"name":"wp","href":"https:\/\/api.w.org\/{rel}","templated":true}]}}