{"id":916,"date":"2022-07-17T18:12:32","date_gmt":"2022-07-17T17:12:32","guid":{"rendered":"https:\/\/blogsaverroes.juntadeandalucia.es\/elojodeeuler\/?p=916"},"modified":"2022-07-17T18:13:40","modified_gmt":"2022-07-17T17:13:40","slug":"la-antartida","status":"publish","type":"post","link":"https:\/\/blogsaverroes.juntadeandalucia.es\/elojodeeuler\/2022\/07\/17\/la-antartida\/","title":{"rendered":"La Ant\u00e1rtida"},"content":{"rendered":"<p style=\"text-align: justify\">Observa el siguiente mapa de la Ant\u00e1rtida, incluida la escala:<\/p>\n<p><img loading=\"lazy\" decoding=\"async\" class=\"aligncenter wp-image-917 size-full\" src=\"https:\/\/blogsaverroes.juntadeandalucia.es\/elojodeeuler\/files\/2022\/07\/Ant\u00e1rtida.png\" alt=\"\" width=\"406\" height=\"432\" srcset=\"https:\/\/blogsaverroes.juntadeandalucia.es\/elojodeeuler\/files\/2022\/07\/Ant\u00e1rtida.png 406w, https:\/\/blogsaverroes.juntadeandalucia.es\/elojodeeuler\/files\/2022\/07\/Ant\u00e1rtida-282x300.png 282w, https:\/\/blogsaverroes.juntadeandalucia.es\/elojodeeuler\/files\/2022\/07\/Ant\u00e1rtida-332x353.png 332w\" sizes=\"(max-width: 406px) 100vw, 406px\" \/><\/p>\n<p style=\"text-align: justify\">a) Utilizando la escala, averigua la distancia en km entre el Polo Sur y Monte Menzies.<\/p>\n<p style=\"text-align: justify\">b) Calcula de forma aproximada el \u00e1rea de la Ant\u00e1rtida utilizando la escala incluida en el mapa. Indica c\u00f3mo has hecho los c\u00e1lculos y explica c\u00f3mo has hecho tu estimaci\u00f3n.<\/p>\n","protected":false},"excerpt":{"rendered":"<p>Observa el siguiente mapa de la Ant\u00e1rtida, incluida la escala: a) Utilizando la escala, averigua la distancia en km entre&#46;&#46;&#46;<\/p>\n","protected":false},"author":12306,"featured_media":0,"comment_status":"open","ping_status":"open","sticky":false,"template":"","format":"standard","meta":{"_exactmetrics_skip_tracking":false,"_exactmetrics_sitenote_active":false,"_exactmetrics_sitenote_note":"","_exactmetrics_sitenote_category":0,"ngg_post_thumbnail":0,"footnotes":""},"categories":[17],"tags":[],"aioseo_notices":[],"_links":{"self":[{"href":"https:\/\/blogsaverroes.juntadeandalucia.es\/elojodeeuler\/wp-json\/wp\/v2\/posts\/916"}],"collection":[{"href":"https:\/\/blogsaverroes.juntadeandalucia.es\/elojodeeuler\/wp-json\/wp\/v2\/posts"}],"about":[{"href":"https:\/\/blogsaverroes.juntadeandalucia.es\/elojodeeuler\/wp-json\/wp\/v2\/types\/post"}],"author":[{"embeddable":true,"href":"https:\/\/blogsaverroes.juntadeandalucia.es\/elojodeeuler\/wp-json\/wp\/v2\/users\/12306"}],"replies":[{"embeddable":true,"href":"https:\/\/blogsaverroes.juntadeandalucia.es\/elojodeeuler\/wp-json\/wp\/v2\/comments?post=916"}],"version-history":[{"count":3,"href":"https:\/\/blogsaverroes.juntadeandalucia.es\/elojodeeuler\/wp-json\/wp\/v2\/posts\/916\/revisions"}],"predecessor-version":[{"id":920,"href":"https:\/\/blogsaverroes.juntadeandalucia.es\/elojodeeuler\/wp-json\/wp\/v2\/posts\/916\/revisions\/920"}],"wp:attachment":[{"href":"https:\/\/blogsaverroes.juntadeandalucia.es\/elojodeeuler\/wp-json\/wp\/v2\/media?parent=916"}],"wp:term":[{"taxonomy":"category","embeddable":true,"href":"https:\/\/blogsaverroes.juntadeandalucia.es\/elojodeeuler\/wp-json\/wp\/v2\/categories?post=916"},{"taxonomy":"post_tag","embeddable":true,"href":"https:\/\/blogsaverroes.juntadeandalucia.es\/elojodeeuler\/wp-json\/wp\/v2\/tags?post=916"}],"curies":[{"name":"wp","href":"https:\/\/api.w.org\/{rel}","templated":true}]}}