{"id":998,"date":"2022-07-20T17:46:23","date_gmt":"2022-07-20T16:46:23","guid":{"rendered":"https:\/\/blogsaverroes.juntadeandalucia.es\/elojodeeuler\/?p=998"},"modified":"2022-07-20T17:53:01","modified_gmt":"2022-07-20T16:53:01","slug":"perihelio-y-afelio","status":"publish","type":"post","link":"https:\/\/blogsaverroes.juntadeandalucia.es\/elojodeeuler\/2022\/07\/20\/perihelio-y-afelio\/","title":{"rendered":"Perihelio y afelio"},"content":{"rendered":"<p style=\"text-align: justify\"><img loading=\"lazy\" decoding=\"async\" class=\"alignright wp-image-999\" src=\"https:\/\/blogsaverroes.juntadeandalucia.es\/elojodeeuler\/files\/2022\/07\/\u00d3rbita-terrestre-300x153.png\" alt=\"\" width=\"254\" height=\"130\" srcset=\"https:\/\/blogsaverroes.juntadeandalucia.es\/elojodeeuler\/files\/2022\/07\/\u00d3rbita-terrestre-300x153.png 300w, https:\/\/blogsaverroes.juntadeandalucia.es\/elojodeeuler\/files\/2022\/07\/\u00d3rbita-terrestre.png 307w\" sizes=\"(max-width: 254px) 100vw, 254px\" \/>Un art\u00edculo publicado en una revista de astronom\u00eda afirma lo siguiente: \u00abLa Tierra describe una \u00f3rbita ligeramente el\u00edptica alrededor del Sol. En esa elipse trazada por la Tierra, el Sol est\u00e1 situado en uno de los focos. El punto m\u00e1s cercano al Sol, el <strong>perihelio<\/strong>, lo alcanza la Tierra el tres de enero, y el m\u00e1s lejano, el <strong>afelio<\/strong>, el d\u00eda cuatro de julio.<\/p>\n<p style=\"text-align: justify\">En el perihelio, la distancia entre la Tierra y el Sol es aproximadamente 147 000 000 km, mientras que en el afelio es de unos 152 000 000 km. Con el paso del tiempo, las fechas del perihelio y del afelio han cambiado. Hace 11 000 a\u00f1os, el perihelio se produc\u00eda en junio y el afelio, en diciembre\u00bb.<\/p>\n<p style=\"text-align: justify\">a) La distancia media entre la Tierra y el Sol es aproximadamente 149 600 000 km y se denomina Unidad Astron\u00f3mica. Convierte las distancias del perihelio y del afelio a unidades astron\u00f3micas, redondeando los resultados a las diezmil\u00e9simas.<\/p>\n<p style=\"text-align: justify\">b) La excentricidad de la \u00f3rbita de la Tierra alrededor del Sol, es el resultado de dividir la distancia del Sol al centro de la elipse entre la distancia del perihelio (o afelio) al centro de la elipse. Calcula el valor de la excentricidad de esta \u00f3rbita, redondeando a las mil\u00e9simas.<\/p>\n","protected":false},"excerpt":{"rendered":"<p>Un art\u00edculo publicado en una revista de astronom\u00eda afirma lo siguiente: \u00abLa Tierra describe una \u00f3rbita ligeramente el\u00edptica alrededor del&#46;&#46;&#46;<\/p>\n","protected":false},"author":12306,"featured_media":0,"comment_status":"open","ping_status":"open","sticky":false,"template":"","format":"standard","meta":{"_exactmetrics_skip_tracking":false,"_exactmetrics_sitenote_active":false,"_exactmetrics_sitenote_note":"","_exactmetrics_sitenote_category":0,"ngg_post_thumbnail":0,"footnotes":""},"categories":[17],"tags":[],"aioseo_notices":[],"_links":{"self":[{"href":"https:\/\/blogsaverroes.juntadeandalucia.es\/elojodeeuler\/wp-json\/wp\/v2\/posts\/998"}],"collection":[{"href":"https:\/\/blogsaverroes.juntadeandalucia.es\/elojodeeuler\/wp-json\/wp\/v2\/posts"}],"about":[{"href":"https:\/\/blogsaverroes.juntadeandalucia.es\/elojodeeuler\/wp-json\/wp\/v2\/types\/post"}],"author":[{"embeddable":true,"href":"https:\/\/blogsaverroes.juntadeandalucia.es\/elojodeeuler\/wp-json\/wp\/v2\/users\/12306"}],"replies":[{"embeddable":true,"href":"https:\/\/blogsaverroes.juntadeandalucia.es\/elojodeeuler\/wp-json\/wp\/v2\/comments?post=998"}],"version-history":[{"count":9,"href":"https:\/\/blogsaverroes.juntadeandalucia.es\/elojodeeuler\/wp-json\/wp\/v2\/posts\/998\/revisions"}],"predecessor-version":[{"id":1008,"href":"https:\/\/blogsaverroes.juntadeandalucia.es\/elojodeeuler\/wp-json\/wp\/v2\/posts\/998\/revisions\/1008"}],"wp:attachment":[{"href":"https:\/\/blogsaverroes.juntadeandalucia.es\/elojodeeuler\/wp-json\/wp\/v2\/media?parent=998"}],"wp:term":[{"taxonomy":"category","embeddable":true,"href":"https:\/\/blogsaverroes.juntadeandalucia.es\/elojodeeuler\/wp-json\/wp\/v2\/categories?post=998"},{"taxonomy":"post_tag","embeddable":true,"href":"https:\/\/blogsaverroes.juntadeandalucia.es\/elojodeeuler\/wp-json\/wp\/v2\/tags?post=998"}],"curies":[{"name":"wp","href":"https:\/\/api.w.org\/{rel}","templated":true}]}}