{"id":1069,"date":"2021-11-03T12:01:52","date_gmt":"2021-11-03T12:01:52","guid":{"rendered":"https:\/\/blogsaverroes.juntadeandalucia.es\/elorientadordelinstituto\/?p=1069"},"modified":"2022-01-11T11:48:26","modified_gmt":"2022-01-11T11:48:26","slug":"programas-de-refuerzo-del-aprendizaje","status":"publish","type":"post","link":"https:\/\/blogsaverroes.juntadeandalucia.es\/elorientadordelinstituto\/2021\/11\/03\/programas-de-refuerzo-del-aprendizaje\/","title":{"rendered":"Programas de Refuerzo del Aprendizaje"},"content":{"rendered":"<p style=\"text-align: justify\"><span style=\"font-family: 'book antiqua', palatino, serif;font-size: 14pt\">&nbsp; &nbsp; &nbsp; &nbsp; &nbsp; Con la nueva <em><strong>Orden de 15 de enero de 2021<\/strong> <strong><span style=\"font-size: 12pt\">(mencionada completa al final de este post)&nbsp;<\/span><\/strong><\/em><span style=\"font-size: 12pt\"><span style=\"font-size: 14pt\">las Adaptaciones Curriculares No Significativas (ACNS) se modifican por los actuales Programas de Refuerzo del Aprendizaje (PRA).<\/span><\/span><\/span><\/p>\n<p style=\"text-align: justify\"><em><strong><span style=\"font-size: 14pt\">PRA vs ACNS<\/span><\/strong><\/em><\/p>\n<p style=\"text-align: justify\">&nbsp; &nbsp; &nbsp; &nbsp; &nbsp; Si nos vamos a la visi\u00f3n m\u00e1s pr\u00e1ctica, no existen cambios significativos en la forma de llevar a cabo dicha medida, ya que tanto su registro en la plataforma S\u00e9neca, en su elaboraci\u00f3n y en su seguimiento se sigue realizando de la misma forma que las ya antiguas ACNS.<\/p>\n<p style=\"text-align: justify\">&nbsp; &nbsp; &nbsp; &nbsp; &nbsp; Sigue siendo una media que se adopta para favorecer el proceso de aprendizaje del alumnado, permitiendo la realizaci\u00f3n de modificaciones de aspectos metodol\u00f3gicos, organizativos, de temporalizaci\u00f3n, presentaci\u00f3n de contenidos, procedimientos e instrumentos, pero <strong>NO<\/strong> se hacen modificaciones en los contenidos, criterios y objetivos.<\/p>\n<p>&nbsp;<\/p>\n<p style=\"text-align: center\"><strong>Aqu\u00ed os dejo una presentaci\u00f3n interactiva que he realizado para los\/as compa\u00f1eros\/as docentes de mi centro, para que pod\u00e1is tener una informaci\u00f3n breve y r\u00e1pida sobre diferentes aspectos que os puedan ocasionar alguna pregunta a la hora de iniciar dicha medida.<\/strong><\/p>\n<p>&nbsp;<\/p>\n<p style=\"text-align: center\"><em><strong><span style=\"font-size: 14pt\">Aqu\u00ed tienes procedimientos para abrir la medida en S\u00e9neca como tutor\/a y que rellenar como docente.<\/span><\/strong><\/em><\/p>\n<p>&nbsp;<\/p>\n<p>&nbsp;<\/p>\n<div style=\"width: 100%\">\n<div style=\"padding-bottom: 56.25%;padding-top: 0;height: 0\"><iframe loading=\"lazy\" src=\"https:\/\/view.genial.ly\/61712088306e730dc1be9c6d\" width=\"800px\" height=\"505px\" frameborder=\"0\" scrolling=\"yes\"><\/iframe><\/div>\n<\/div>\n","protected":false},"excerpt":{"rendered":"<p>&nbsp; &nbsp; &nbsp; &nbsp; &nbsp; Con la nueva Orden de 15 de enero de 2021 (mencionada completa al final de&#46;&#46;&#46;<\/p>\n","protected":false},"author":11979,"featured_media":1122,"comment_status":"open","ping_status":"open","sticky":false,"template":"","format":"standard","meta":{"ngg_post_thumbnail":0,"footnotes":""},"categories":[25,16,1],"tags":[28,40,27,32,39,37],"aioseo_notices":[],"_links":{"self":[{"href":"https:\/\/blogsaverroes.juntadeandalucia.es\/elorientadordelinstituto\/wp-json\/wp\/v2\/posts\/1069"}],"collection":[{"href":"https:\/\/blogsaverroes.juntadeandalucia.es\/elorientadordelinstituto\/wp-json\/wp\/v2\/posts"}],"about":[{"href":"https:\/\/blogsaverroes.juntadeandalucia.es\/elorientadordelinstituto\/wp-json\/wp\/v2\/types\/post"}],"author":[{"embeddable":true,"href":"https:\/\/blogsaverroes.juntadeandalucia.es\/elorientadordelinstituto\/wp-json\/wp\/v2\/users\/11979"}],"replies":[{"embeddable":true,"href":"https:\/\/blogsaverroes.juntadeandalucia.es\/elorientadordelinstituto\/wp-json\/wp\/v2\/comments?post=1069"}],"version-history":[{"count":9,"href":"https:\/\/blogsaverroes.juntadeandalucia.es\/elorientadordelinstituto\/wp-json\/wp\/v2\/posts\/1069\/revisions"}],"predecessor-version":[{"id":1078,"href":"https:\/\/blogsaverroes.juntadeandalucia.es\/elorientadordelinstituto\/wp-json\/wp\/v2\/posts\/1069\/revisions\/1078"}],"wp:featuredmedia":[{"embeddable":true,"href":"https:\/\/blogsaverroes.juntadeandalucia.es\/elorientadordelinstituto\/wp-json\/wp\/v2\/media\/1122"}],"wp:attachment":[{"href":"https:\/\/blogsaverroes.juntadeandalucia.es\/elorientadordelinstituto\/wp-json\/wp\/v2\/media?parent=1069"}],"wp:term":[{"taxonomy":"category","embeddable":true,"href":"https:\/\/blogsaverroes.juntadeandalucia.es\/elorientadordelinstituto\/wp-json\/wp\/v2\/categories?post=1069"},{"taxonomy":"post_tag","embeddable":true,"href":"https:\/\/blogsaverroes.juntadeandalucia.es\/elorientadordelinstituto\/wp-json\/wp\/v2\/tags?post=1069"}],"curies":[{"name":"wp","href":"https:\/\/api.w.org\/{rel}","templated":true}]}}