{"id":1149,"date":"2017-11-28T17:18:32","date_gmt":"2017-11-28T17:18:32","guid":{"rendered":"https:\/\/blogsaverroes.juntadeandalucia.es\/emprendetuvida\/?p=1149"},"modified":"2017-12-28T23:31:48","modified_gmt":"2017-12-28T23:31:48","slug":"espiritu-emprendedor","status":"publish","type":"post","link":"https:\/\/blogsaverroes.juntadeandalucia.es\/emprendetuvida\/2017\/11\/28\/espiritu-emprendedor\/","title":{"rendered":"ESP\u00cdRITU EMPRENDEDOR"},"content":{"rendered":"<p><em><span style=\"color: #800080\"><strong><span style=\"font-size: 10pt\">Hola de nuevo compa\u00f1eros, soy Munay y\u00a0<\/span><span style=\"font-size: 10pt\">os comparto mi experiencia del\u00a0 \u00a0 \u00a0 \u00a0 \u00a0 \u00a0 \u00a0 SELFIE-EMPRENDEDOR.\u00a0 \u00a0 \u00a0 \u00a0<\/span><\/strong><\/span><\/em><span style=\"font-size: 10pt\"><em><span style=\"color: #993366\"><span style=\"color: #800080\"><strong>\u00a1Espero que os guste!<\/strong>\u00a0 \u00a0<\/span> \u00a0 \u00a0<\/span><\/em><\/span><\/p>\n<p><img loading=\"lazy\" decoding=\"async\" class=\"alignnone size-full wp-image-1949\" src=\"https:\/\/blogsaverroes.juntadeandalucia.es\/emprendetuvida\/files\/2017\/12\/Selfiemprendedor.png\" alt=\"\" width=\"828\" height=\"619\" srcset=\"https:\/\/blogsaverroes.juntadeandalucia.es\/emprendetuvida\/files\/2017\/12\/Selfiemprendedor.png 828w, https:\/\/blogsaverroes.juntadeandalucia.es\/emprendetuvida\/files\/2017\/12\/Selfiemprendedor-300x224.png 300w, https:\/\/blogsaverroes.juntadeandalucia.es\/emprendetuvida\/files\/2017\/12\/Selfiemprendedor-768x574.png 768w, https:\/\/blogsaverroes.juntadeandalucia.es\/emprendetuvida\/files\/2017\/12\/Selfiemprendedor-24x18.png 24w, https:\/\/blogsaverroes.juntadeandalucia.es\/emprendetuvida\/files\/2017\/12\/Selfiemprendedor-36x27.png 36w, https:\/\/blogsaverroes.juntadeandalucia.es\/emprendetuvida\/files\/2017\/12\/Selfiemprendedor-48x36.png 48w\" sizes=\"(max-width: 828px) 100vw, 828px\" \/><\/p>\n<p><span style=\"font-size: 10pt\"><img loading=\"lazy\" decoding=\"async\" class=\"alignnone size-large wp-image-1156\" src=\"https:\/\/blogsaverroes.juntadeandalucia.es\/emprendetuvida\/files\/2017\/11\/IMG_20171128_170851_473-1024x768.jpg\" alt=\"\" width=\"474\" height=\"356\" \/> \u00a0 \u00a0 \u00a0 \u00a0 \u00a0 \u00a0\u00a0<\/span><span style=\"font-size: 10pt\"><em>( Con Don Pedro en su despacho tras realizar la entrevista)<\/em><\/span><\/p>\n<p style=\"text-align: justify\"><span style=\"font-size: 10pt\"><strong><em>Buenos d\u00edas, antes de nada\u00a0 quer\u00eda agradecerle que me\u00a0 permita\u00a0 parte de su tiempo\u00a0 concedi\u00e9ndome esta entrevista.<\/em><\/strong><\/span><span style=\"font-size: 10pt\"><strong><em>Si le parece, vamos a dar comienzo a la entrevista con la siguiente pregunta:<\/em><\/strong><\/span><\/p>\n<p style=\"text-align: justify\"><span style=\"font-size: 10pt\"><strong><span style=\"color: #000000\">1.\u00a0 \u00bfC\u00f3mo definir\u00eda con sus palabras ser\u00a0\u00a0<u>EMPRENDEDOR?<\/u><\/span><\/strong><\/span><\/p>\n<p style=\"text-align: justify\"><span style=\"color: #3366ff;font-size: 10pt\"><em>Para m\u00ed, en primer lugar, es emprendedor aquella persona que es capaz de <strong>arriesgarse <\/strong>para desarrollar y materializar aquel proyecto o idea en el que cree y que tiene un valor para el mercado al que te diriges. Y, en segundo lugar, tiene que<strong> tener el valor para hacerlo<\/strong> puesto que no tienes la certeza de que vaya a salir bien.<\/em><\/span><\/p>\n<p style=\"text-align: justify\"><span style=\"font-size: 10pt\"><strong>2.\u00a0 \u00bfQu\u00e9 habilidades\u00a0y <u>CAPACIDADES<\/u>\u00a0se requieren para llegar a ser\u00a0 un <span style=\"text-decoration: underline\">BUEN EMPRENDEDOR<\/span>?<\/strong><\/span><\/p>\n<p style=\"text-align: justify\"><span style=\"color: #3366ff;font-size: 10pt\"><em>Primero se requiere ser <strong>bueno profesionalmente en alg\u00fan \u00e1mbito<\/strong> o sector que te permita crecer y, despu\u00e9s, tienes que <strong>diversificar los conocimientos en otros campos<\/strong>. Por ejemplo, yo soy psic\u00f3logo, pero a estas alturas tengo conocimientos de la rama fiscal, contable, marketing, laboral, entro otras. Cosas que, en principio, no tienen nada que ver con mi profesi\u00f3n. <\/em><\/span><\/p>\n<p style=\"text-align: justify\"><span style=\"font-size: 10pt\"><strong>3.\u00a0 \u00bfSe considera emprendedor? ,\u00bfCu\u00e1l cree qu\u00e9 ha sido la <u>HABILIDAD M\u00c1S IMPORTANTE<\/u>\u00a0que le ha permitido llegar a serlo?<\/strong><\/span><\/p>\n<p style=\"text-align: justify\"><span style=\"color: #3366ff;font-size: 10pt\"><em>S\u00ed me considero emprendedor\u00a0 y profesionalmente si tengo un<span style=\"color: #3366ff\">a habilidad,<\/span> dejando la modestia a un lado, que es trabajar bien con el autismo. Y a partir de ah\u00ed, lo he hecho todo muy progresivo y paulatino. Seg\u00fan evolucionan y me demandan mis clientes voy dando respuesta de manera controlada y despacio para acertar todo lo posible y conseguir cubrir sus necesidades.<\/em><\/span><\/p>\n<p style=\"text-align: justify\"><span style=\"font-size: 10pt\"><strong>4.\u00a0 \u00bfQue <u>CARGO y FUNCIONES<\/u> desempe\u00f1a en esta empresa?<\/strong><\/span><\/p>\n<p style=\"text-align: justify\"><span style=\"color: #3366ff;font-size: 10pt\"><em>Soy la persona responsable de esta empresa y de todo su equipo como director y gerente de E. Sidi , pero lo que m\u00e1s me gusta es el ejercicio de la psicolog\u00eda, especializada en atenci\u00f3n temprana . Esta es una empresa mediana de 30 trabajadores y\u00a0esto implica un trabajo muy intenso . Lo cual reconozco, que a veces me agobia al ver que sigue creciendo y el volumen que va adquiriendo por la responsabilidad que esto implica, con los trabajadores, familias y lo m\u00e1s importante con cada uno de los ni\u00f1os y sus propias vidas.Tanto es as\u00ed que me juego mi propio patrimonio si las cosas no evolucionan bien.<\/em><\/span><\/p>\n<p style=\"text-align: justify\"><span style=\"font-size: 10pt\"><strong>5.\u00a0 \u00bfCon tantos empleados como es el <span style=\"text-decoration: underline\">TRABAJO en EQUIPO<\/span>?<\/strong><\/span><\/p>\n<p style=\"text-align: justify\"><span style=\"font-size: 10pt\"><span style=\"color: #3366ff\"><em>El trabajo en equipo f\u00edjate si es relevante que nos llamamos EQUIPO SIDI. Tu conocimiento m\u00e1s lo que yo te puedo aportar da como resultado un conocimiento mucho m\u00e1s enriquecido.\u00a0<\/em><\/span><span style=\"color: #3366ff\"><em>Trabajamos de forma\u00a0<strong>transdisciplinar\u00a0<\/strong>\u00a0donde hay un profesional de referencia para cada familia y esto es posible gracias a que todo el equipo formado por grandes profesionales suman y comparten sus capacidades y conocimientos para el enriquecimiento y aprendizaje de todo el equipo.<\/em><\/span><\/span><\/p>\n<p style=\"text-align: justify\"><span style=\"font-size: 10pt\"><strong>6.\u00a0 \u00a0\u00bfHacia que nuevos <u>PROYECTOS<\/u>\u00a0se dirige?<\/strong><\/span><\/p>\n<p style=\"text-align: justify\"><span style=\"font-size: 10pt\"><em><span style=\"color: #3366ff\">La columna vertebral de mi empresa es atender a las personas con autismo y atenci\u00f3n temprana con ni\u00f1os y ni\u00f1as. Pero no podemos seguir creciendo atiendo s\u00f3lo a ni\u00f1os. Atendemos actualmente cerca de cuatrocientas familias pero llegar\u00e1 un momento en que se agote este mercado y, adem\u00e1s, hay otras empresas que trabajan los mismo en M\u00e1laga.<\/span><\/em><\/span><\/p>\n<p style=\"text-align: justify\"><span style=\"font-size: 10pt\"><em><span style=\"color: #3366ff\">M\u00e1s de una vez nos hemos planteado hacer algo diferente, como seguir creciendo en el \u00e1mbito de la <strong>formaci\u00f3n<\/strong><strong>.<\/strong> Que lo hacemos pero en estos momentos muy parcialmente .\u00a0<\/span><\/em><\/span><\/p>\n<p style=\"text-align: justify\"><span style=\"font-size: 10pt\"><em><span style=\"color: #3366ff\">Estamos siendo pioneros en la <strong>innovaci\u00f3n tecnol\u00f3gica<\/strong> a nivel de Espa\u00f1a en atenci\u00f3n temprana del autismo. Tambi\u00e9n hemos dise\u00f1ado un <strong>sistema inform\u00e1tico<\/strong> de gesti\u00f3n de la informaci\u00f3n y comunicaci\u00f3n entre las familias y nosotros, el cual s\u00ed lo estamos comercializando con empresas y en el empleo de los m\u00f3viles para el seguimiento de las familias y las sesiones. Porque software de este tipo no hay actualmente en Espa\u00f1a, con estas caracter\u00edsticas espec\u00edficas de atenci\u00f3n temprana es algo muy innovador .<\/span><\/em><\/span><\/p>\n<p style=\"text-align: justify\"><span style=\"font-size: 10pt\"><strong>7.\u00a0 \u00bfPara usted es vital contar con un <u>CAPITAL INICIAL<\/u>?<\/strong><\/span><\/p>\n<p style=\"text-align: justify\"><span style=\"color: #3366ff;font-size: 10pt\"><em>Yo creo que <strong>m\u00e1s que un capital inicial es la imaginaci\u00f3n<\/strong>. No siempre hace falta un capital inicial. Nosotros al inicio hablamos con la Consejer\u00eda de Educaci\u00f3n y nos cedieron dos espacios gratuitos, uno en Fuengirola y otro en Antequera. Tambi\u00e9n llegamos hablar con Ayuntamientos, hasta hemos llegado a trabajar en los s\u00f3tanos de una iglesia.<\/em><\/span><\/p>\n<p style=\"text-align: justify\"><span style=\"font-size: 10pt\"><strong>8.\u00a0 \u00bfQue <span style=\"text-decoration: underline\">PRESUPUESTO<\/span> fue necesario para la creaci\u00f3n de Sidi?<\/strong><\/span><\/p>\n<p style=\"text-align: justify\"><span style=\"color: #3366ff;font-size: 10pt\"><em>Lleg\u00f3 el momento en que <span style=\"color: #3366ff\">fue necesario un capital <\/span>para adquirir el actual local y <strong>acudimos a un banco<\/strong> que si confi\u00f3 en nuestro proyecto, <strong>prest\u00e1ndonos un buen capital 600.000\u00a0\u20ac<\/strong> , que todav\u00eda estamos pagando. Pero tambi\u00e9n creo que hubiera sido posible continuar con los espacios cedidos pero esto da mucho mayor comodidad, pues de la otra manera ten\u00eda que hacer muchos desplazamientos y siempre hay una inseguridad de hasta cu\u00e1ndo podr\u00e1s disponer de esos espacios.<\/em><\/span><\/p>\n<p style=\"text-align: justify\"><span style=\"font-size: 10pt\"><strong>9.\u00a0 Para finalizar dos preguntas estrella:\u00a0<\/strong><strong><span style=\"text-decoration: underline\">EMPRENDEDOR<\/span> ,\u00bfSe nace o se hace?<\/strong><\/span><\/p>\n<p style=\"text-align: justify\"><span style=\"color: #3366ff;font-size: 10pt\"><em>En mi caso, las circunstancias me han hecho. Yo en principio no quer\u00eda serlo, pero la vida me ha llevad a serlo y estoy satisfecho de ello.<\/em><\/span><\/p>\n<p style=\"text-align: justify\"><span style=\"font-size: 10pt\"><strong>10 .\u00a0 <span style=\"text-decoration: underline\">CONSEJOS:<\/span> YO QUIERO EMPRENDER, \u00bfQu\u00e9 me aconsejas?<\/strong><\/span><\/p>\n<p style=\"text-align: justify\"><span style=\"color: #3366ff;font-size: 10pt\"><em>\u00a0 \u00a0 \u00a0 \u00a0 \u00a0 \u00a01 \u00ba Encontrar tu mejor capacidad y habilidad.<\/em><\/span><\/p>\n<p style=\"text-align: justify\"><span style=\"color: #3366ff;font-size: 10pt\"><em>\u00a0 \u00a0 \u00a0 \u00a0 \u00a0 \u00a02 \u00ba Ser muy bueno en algo y destacar, otorg\u00e1ndole un valor.<\/em><\/span><\/p>\n<p style=\"text-align: justify\"><span style=\"font-size: 10pt\"><span style=\"color: #3366ff\"><em>\u00a0 \u00a0 \u00a0 \u00a0 \u00a0 \u00a03 \u00ba Asumir el riesgo teniendo iniciativa, y\u00a0 ser capaz de desarrollar tus ideas<\/em><\/span>.<\/span><\/p>\n<p style=\"text-align: justify\"><span style=\"font-size: 10pt\">Muchas gracias\u00a0 Don Pedro, aqu\u00ed finaliza la entrevista.Gracias por compartir el fruto de su experiencia, ha sido un gusto poder aprender con cada una de sus respuestas y me quedo con la siguiente<i>\u00a0<strong><span style=\"text-decoration: underline\">REFLEXI\u00d3N\u00a0 DE LO APRENDIDO<\/span>:<\/strong><\/i><\/span><\/p>\n<blockquote>\n<p style=\"text-align: justify\"><span style=\"color: #800080;font-size: 10pt\"><strong>Emprender es un camino, un proceso que implica valent\u00eda , ser creativo e innovador, predicar con el ejemplo, tener claro tu potencial y atreverte a desarrollarlo. Saber trabajar en equipo con aptitud y actitud y realizar una formaci\u00f3n continua para enriquecerte personal y profesionalmente. Munay.<\/strong><\/span><\/p>\n<p><img loading=\"lazy\" decoding=\"async\" class=\"alignnone wp-image-1224\" src=\"https:\/\/blogsaverroes.juntadeandalucia.es\/emprendetuvida\/files\/2017\/11\/emprendedorz.png\" alt=\"\" width=\"436\" height=\"314\" srcset=\"https:\/\/blogsaverroes.juntadeandalucia.es\/emprendetuvida\/files\/2017\/11\/emprendedorz.png 380w, https:\/\/blogsaverroes.juntadeandalucia.es\/emprendetuvida\/files\/2017\/11\/emprendedorz-300x216.png 300w, https:\/\/blogsaverroes.juntadeandalucia.es\/emprendetuvida\/files\/2017\/11\/emprendedorz-24x17.png 24w, https:\/\/blogsaverroes.juntadeandalucia.es\/emprendetuvida\/files\/2017\/11\/emprendedorz-36x26.png 36w, https:\/\/blogsaverroes.juntadeandalucia.es\/emprendetuvida\/files\/2017\/11\/emprendedorz-48x34.png 48w\" sizes=\"(max-width: 436px) 100vw, 436px\" \/><\/p>\n<p style=\"text-align: justify\"><span style=\"color: #993366\">\u00a0 \u00a0 \u00a0 \u00a0 \u00a0 \u00a0 \u00a0 \u00a0 \u00a0 \u00a0 \u00a0 \u00a0 \u00a0 \u00a0 \u00a0 \u00a0 \u00a0 \u00a0 \u00a0\u00a0<strong>\u00a1Nos vemos pronto!<\/strong><\/span><\/p>\n<\/blockquote>\n<p>&nbsp;<\/p>\n<p>&nbsp;<\/p>\n<p>&nbsp;<\/p>\n","protected":false},"excerpt":{"rendered":"<p>Hola de nuevo compa\u00f1eros, soy Munay y\u00a0os comparto mi experiencia del\u00a0 \u00a0 \u00a0 \u00a0 \u00a0 \u00a0 \u00a0 SELFIE-EMPRENDEDOR.\u00a0 \u00a0 \u00a0 \u00a0\u00a1Espero que os guste!\u00a0 \u00a0 \u00a0 \u00a0 \u00a0 \u00a0 \u00a0 \u00a0 \u00a0 \u00a0\u00a0( Con Don Pedro en su despacho tras realizar la entrevista) Buenos d\u00edas, antes de nada\u00a0 quer\u00eda agradecerle que me\u00a0 permita\u00a0 parte de &hellip; <a href=\"https:\/\/blogsaverroes.juntadeandalucia.es\/emprendetuvida\/2017\/11\/28\/espiritu-emprendedor\/\" class=\"more-link\">Seguir leyendo <span class=\"screen-reader-text\">ESP\u00cdRITU EMPRENDEDOR<\/span> <span class=\"meta-nav\">&rarr;<\/span><\/a><\/p>\n","protected":false},"author":5531,"featured_media":1241,"comment_status":"open","ping_status":"open","sticky":false,"template":"","format":"image","meta":{"ngg_post_thumbnail":0,"footnotes":""},"categories":[168,10591],"tags":[1211975,453315,8709,355,581920,1211912,841582,13411],"aioseo_notices":[],"_links":{"self":[{"href":"https:\/\/blogsaverroes.juntadeandalucia.es\/emprendetuvida\/wp-json\/wp\/v2\/posts\/1149"}],"collection":[{"href":"https:\/\/blogsaverroes.juntadeandalucia.es\/emprendetuvida\/wp-json\/wp\/v2\/posts"}],"about":[{"href":"https:\/\/blogsaverroes.juntadeandalucia.es\/emprendetuvida\/wp-json\/wp\/v2\/types\/post"}],"author":[{"embeddable":true,"href":"https:\/\/blogsaverroes.juntadeandalucia.es\/emprendetuvida\/wp-json\/wp\/v2\/users\/5531"}],"replies":[{"embeddable":true,"href":"https:\/\/blogsaverroes.juntadeandalucia.es\/emprendetuvida\/wp-json\/wp\/v2\/comments?post=1149"}],"version-history":[{"count":15,"href":"https:\/\/blogsaverroes.juntadeandalucia.es\/emprendetuvida\/wp-json\/wp\/v2\/posts\/1149\/revisions"}],"predecessor-version":[{"id":1950,"href":"https:\/\/blogsaverroes.juntadeandalucia.es\/emprendetuvida\/wp-json\/wp\/v2\/posts\/1149\/revisions\/1950"}],"wp:featuredmedia":[{"embeddable":true,"href":"https:\/\/blogsaverroes.juntadeandalucia.es\/emprendetuvida\/wp-json\/wp\/v2\/media\/1241"}],"wp:attachment":[{"href":"https:\/\/blogsaverroes.juntadeandalucia.es\/emprendetuvida\/wp-json\/wp\/v2\/media?parent=1149"}],"wp:term":[{"taxonomy":"category","embeddable":true,"href":"https:\/\/blogsaverroes.juntadeandalucia.es\/emprendetuvida\/wp-json\/wp\/v2\/categories?post=1149"},{"taxonomy":"post_tag","embeddable":true,"href":"https:\/\/blogsaverroes.juntadeandalucia.es\/emprendetuvida\/wp-json\/wp\/v2\/tags?post=1149"}],"curies":[{"name":"wp","href":"https:\/\/api.w.org\/{rel}","templated":true}]}}