{"id":1417,"date":"2017-12-04T13:16:54","date_gmt":"2017-12-04T13:16:54","guid":{"rendered":"https:\/\/blogsaverroes.juntadeandalucia.es\/emprendetuvida\/?p=1417"},"modified":"2017-12-04T15:45:35","modified_gmt":"2017-12-04T15:45:35","slug":"speaker-corners","status":"publish","type":"post","link":"https:\/\/blogsaverroes.juntadeandalucia.es\/emprendetuvida\/2017\/12\/04\/speaker-corners\/","title":{"rendered":"SPEAKER CORNER\u00b4S"},"content":{"rendered":"<p style=\"text-align: justify\"><span style=\"font-size: 18pt;color: #ff00ff\"><em>Speaker corner\u00b4s<\/em><\/span>, llamado \u00abel rinc\u00f3n del orador\u00bb en Espa\u00f1ol<\/p>\n<p style=\"text-align: justify\">Es una zona donde se permite hablar en p\u00fablico a los oradores siempre que la polic\u00eda no considere que sus discursos no violan la ley.\u00a0\u00a0En la pr\u00e1ctica, la polic\u00eda tiende a ser bastante tolerante y s\u00f3lo interviene cuando recibe quejas o si se utiliza lenguaje ofensivo.<\/p>\n<p style=\"text-align: justify\"><img loading=\"lazy\" decoding=\"async\" class=\"mimg vimgld aligncenter\" src=\"https:\/\/tse3.mm.bing.net\/th?id=OIP.6deBqv3TImxd9r1iXWb04QEsDh&amp;w=264&amp;h=197&amp;c=7&amp;qlt=90&amp;o=4&amp;pid=1.7\" alt=\"Resultado de imagen de speaker corners\" width=\"327\" height=\"244\" \/><\/p>\n<p style=\"text-align: justify\">Hace un par de semanas, realizamos una din\u00e1mica en clase, llamada speaker corner\u00b4s, El rinc\u00f3n del orador\u00bb.<\/p>\n<p style=\"text-align: justify\">Dibujamos en dos folios grandes con dibujos y colores la frase speaker corner\u00b4s y los pegamos en la pared en una esquina de la clase. Pusimos justo abajo del cartel una silla, y nos sentamos todos al rededor. El profesor con una aplicaci\u00f3n especial iba d\u00e1ndonos a cada uno una palabra al azar, y al que le tocara salir tenia que subirse en la silla de abajo del cartel y explicar durante dos minutos la palabra elegida sin decir la palabra.<\/p>\n<p style=\"text-align: justify\">A mi me toc\u00f3 una palabra que no sabia su significado por lo tanto no pod\u00eda hablar de ella, y el profesor me asign\u00f3 otra palabra: <span style=\"color: #99cc00\">caim\u00e1n.<\/span><\/p>\n<p style=\"text-align: justify\">Me cost\u00f3 much\u00edsimo hablar sobre los caimanes sin decir la palabra, <strong><span style=\"color: #3366ff\">hablar en p\u00fablico<\/span> <\/strong>me pone muy nerviosa y aparte no hay mucho de que hablar sobre ello. Comenc\u00e9 hablando sobre el color y su piel, luego sobre lo peligrosos que son, y por \u00faltimo me desvi\u00e9 del tema y termin\u00e9 hablando sobre los pantanos.<\/p>\n<p style=\"text-align: justify\">Cuando hicimos esta actividad, vi lo dif\u00edcil que es hablar en p\u00fablico, <strong><span style=\"color: #ff6600\">expresarte bien y definir una palabra<\/span><\/strong> en un momento as\u00ed, desde entonces me pongo en el lugar de las personas que dan charlas, discursos e incluso me pongo en el pellejo de\u00a0los profesores al tener que explicar el temario o cualquier otra duda a un alumno.<\/p>\n<p style=\"text-align: justify\"><img loading=\"lazy\" decoding=\"async\" class=\"size-medium wp-image-1433 aligncenter\" src=\"https:\/\/blogsaverroes.juntadeandalucia.es\/emprendetuvida\/files\/2017\/12\/kk-300x164.jpg\" alt=\"\" width=\"300\" height=\"164\" srcset=\"https:\/\/blogsaverroes.juntadeandalucia.es\/emprendetuvida\/files\/2017\/12\/kk-300x164.jpg 300w, https:\/\/blogsaverroes.juntadeandalucia.es\/emprendetuvida\/files\/2017\/12\/kk-24x13.jpg 24w, https:\/\/blogsaverroes.juntadeandalucia.es\/emprendetuvida\/files\/2017\/12\/kk-36x20.jpg 36w, https:\/\/blogsaverroes.juntadeandalucia.es\/emprendetuvida\/files\/2017\/12\/kk-48x26.jpg 48w, https:\/\/blogsaverroes.juntadeandalucia.es\/emprendetuvida\/files\/2017\/12\/kk.jpg 304w\" sizes=\"(max-width: 300px) 100vw, 300px\" \/><\/p>\n<p style=\"text-align: justify\">Me ha parecido interesante\u00a0 realizar esta actividad ya que con ella he aprendido lo importante que es tener buena pronunciaci\u00f3n, tranquilidad, vocabulario, iniciativa y sobre todo tener <span style=\"font-size: 14pt;color: #ff99cc\"><strong>recursos expresivos<\/strong><\/span>\u00a0a la hora de hablar en p\u00fablico y en la vida en general.<\/p>\n<p style=\"text-align: justify\"><img loading=\"lazy\" decoding=\"async\" class=\"size-full wp-image-1435 aligncenter\" src=\"https:\/\/blogsaverroes.juntadeandalucia.es\/emprendetuvida\/files\/2017\/12\/lll.jpg\" alt=\"\" width=\"284\" height=\"178\" srcset=\"https:\/\/blogsaverroes.juntadeandalucia.es\/emprendetuvida\/files\/2017\/12\/lll.jpg 284w, https:\/\/blogsaverroes.juntadeandalucia.es\/emprendetuvida\/files\/2017\/12\/lll-24x15.jpg 24w, https:\/\/blogsaverroes.juntadeandalucia.es\/emprendetuvida\/files\/2017\/12\/lll-36x23.jpg 36w, https:\/\/blogsaverroes.juntadeandalucia.es\/emprendetuvida\/files\/2017\/12\/lll-48x30.jpg 48w\" sizes=\"(max-width: 284px) 100vw, 284px\" \/><\/p>\n<p style=\"text-align: justify\">Hasta la pr\u00f3xima!!!!!!<\/p>\n<p style=\"text-align: justify\"><img loading=\"lazy\" decoding=\"async\" class=\"rg_ic rg_i aligncenter\" src=\"https:\/\/encrypted-tbn0.gstatic.com\/images?q=tbn:ANd9GcQ34h0arbq8zXhUcxquIQpxNnuUtiBVIFHEUWH1xtkqHmDyOfI_\" alt=\"Resultado de imagen de adios\" width=\"434\" height=\"209\" \/><\/p>\n<p>&nbsp;<\/p>\n","protected":false},"excerpt":{"rendered":"<p>Speaker corner\u00b4s, llamado \u00abel rinc\u00f3n del orador\u00bb en Espa\u00f1ol Es una zona donde se permite hablar en p\u00fablico a los oradores siempre que la polic\u00eda no considere que sus discursos no violan la ley.\u00a0\u00a0En la pr\u00e1ctica, la polic\u00eda tiende a ser bastante tolerante y s\u00f3lo interviene cuando recibe quejas o si se utiliza lenguaje ofensivo. &hellip; <a href=\"https:\/\/blogsaverroes.juntadeandalucia.es\/emprendetuvida\/2017\/12\/04\/speaker-corners\/\" class=\"more-link\">Seguir leyendo <span class=\"screen-reader-text\">SPEAKER CORNER\u00b4S<\/span> <span class=\"meta-nav\">&rarr;<\/span><\/a><\/p>\n","protected":false},"author":5430,"featured_media":1485,"comment_status":"open","ping_status":"open","sticky":false,"template":"","format":"standard","meta":{"ngg_post_thumbnail":0,"footnotes":""},"categories":[124,11201,168],"tags":[8709,993,1211912,10163,1278038],"aioseo_notices":[],"_links":{"self":[{"href":"https:\/\/blogsaverroes.juntadeandalucia.es\/emprendetuvida\/wp-json\/wp\/v2\/posts\/1417"}],"collection":[{"href":"https:\/\/blogsaverroes.juntadeandalucia.es\/emprendetuvida\/wp-json\/wp\/v2\/posts"}],"about":[{"href":"https:\/\/blogsaverroes.juntadeandalucia.es\/emprendetuvida\/wp-json\/wp\/v2\/types\/post"}],"author":[{"embeddable":true,"href":"https:\/\/blogsaverroes.juntadeandalucia.es\/emprendetuvida\/wp-json\/wp\/v2\/users\/5430"}],"replies":[{"embeddable":true,"href":"https:\/\/blogsaverroes.juntadeandalucia.es\/emprendetuvida\/wp-json\/wp\/v2\/comments?post=1417"}],"version-history":[{"count":6,"href":"https:\/\/blogsaverroes.juntadeandalucia.es\/emprendetuvida\/wp-json\/wp\/v2\/posts\/1417\/revisions"}],"predecessor-version":[{"id":1486,"href":"https:\/\/blogsaverroes.juntadeandalucia.es\/emprendetuvida\/wp-json\/wp\/v2\/posts\/1417\/revisions\/1486"}],"wp:featuredmedia":[{"embeddable":true,"href":"https:\/\/blogsaverroes.juntadeandalucia.es\/emprendetuvida\/wp-json\/wp\/v2\/media\/1485"}],"wp:attachment":[{"href":"https:\/\/blogsaverroes.juntadeandalucia.es\/emprendetuvida\/wp-json\/wp\/v2\/media?parent=1417"}],"wp:term":[{"taxonomy":"category","embeddable":true,"href":"https:\/\/blogsaverroes.juntadeandalucia.es\/emprendetuvida\/wp-json\/wp\/v2\/categories?post=1417"},{"taxonomy":"post_tag","embeddable":true,"href":"https:\/\/blogsaverroes.juntadeandalucia.es\/emprendetuvida\/wp-json\/wp\/v2\/tags?post=1417"}],"curies":[{"name":"wp","href":"https:\/\/api.w.org\/{rel}","templated":true}]}}