{"id":1445,"date":"2017-12-04T15:27:38","date_gmt":"2017-12-04T15:27:38","guid":{"rendered":"https:\/\/blogsaverroes.juntadeandalucia.es\/emprendetuvida\/?p=1445"},"modified":"2017-12-04T15:49:23","modified_gmt":"2017-12-04T15:49:23","slug":"speaker-corners-2","status":"publish","type":"post","link":"https:\/\/blogsaverroes.juntadeandalucia.es\/emprendetuvida\/2017\/12\/04\/speaker-corners-2\/","title":{"rendered":"SPEAKER\u00b4S CORNER"},"content":{"rendered":"<header class=\"entry-header\">\n<h1 class=\"entry-title\" style=\"text-align: justify\"><em style=\"font-size: 16px;font-weight: 400\"><span style=\"color: #cc99ff\">S<\/span><span style=\"color: #99ccff\">p<\/span><span style=\"color: #ccffff\">e<\/span><span style=\"color: #ccffcc\">a<\/span><span style=\"color: #ffff99\">k<\/span><span style=\"color: #ffcc99\">e<\/span><span style=\"color: #ff99cc\">r<\/span> <span style=\"color: #ff00ff\">c<\/span><span style=\"color: #ffcc00\">o<\/span><span style=\"color: #ffff00\">r<\/span><span style=\"color: #00ff00\">n<\/span><span style=\"color: #00ffff\">e<\/span><span style=\"color: #00ccff\">r<\/span><\/em><span style=\"font-size: 16px;font-weight: 400\">, llamado \u201c<span style=\"color: #ff0000\">el rinc\u00f3n del orador<\/span>\u201d en Espa\u00f1ol<\/span><\/h1>\n<\/header>\n<div class=\"entry-content\">\n<p style=\"text-align: justify\"><span style=\"color: #993366\"><b>Speakers&#8217; Corner<\/b><\/span>\u00a0(<span style=\"color: #ff0000\">el \u00abRinc\u00f3n del orador\u00bb en espa\u00f1ol<\/span>) es una zona donde se permite\u00a0<a class=\"mw-redirect\" title=\"Hablar en p\u00fablico\" href=\"https:\/\/es.wikipedia.org\/wiki\/Hablar_en_p%C3%BAblico\">hablar en p\u00fablico<\/a>, la misma se encuentra ubicada en el extremo noreste de\u00a0<a title=\"Hyde Park\" href=\"https:\/\/es.wikipedia.org\/wiki\/Hyde_Park\">Hyde Park<\/a>\u00a0en\u00a0<a title=\"Londres\" href=\"https:\/\/es.wikipedia.org\/wiki\/Londres\">Londres<\/a>,\u00a0<a title=\"Inglaterra\" href=\"https:\/\/es.wikipedia.org\/wiki\/Inglaterra\">Inglaterra<\/a>. Se les permite hablar a los oradores siempre que la polic\u00eda considere que sus discursos no violan la ley. Contrariamente a la creencia popular no existe inmunidad ante la ley ni existen temas proscritos. En la pr\u00e1ctica la polic\u00eda tiende a ser bastante tolerante y s\u00f3lo interviene cuando recibe quejas o si se utiliza lenguaje ofensivo.<\/p>\n<p><img loading=\"lazy\" decoding=\"async\" class=\"alignnone size-medium wp-image-1473\" src=\"https:\/\/blogsaverroes.juntadeandalucia.es\/emprendetuvida\/files\/2017\/12\/nabmSPEAKER23315e_2x-1-300x200.jpg\" alt=\"\" width=\"300\" height=\"200\" srcset=\"https:\/\/blogsaverroes.juntadeandalucia.es\/emprendetuvida\/files\/2017\/12\/nabmSPEAKER23315e_2x-1-300x200.jpg 300w, https:\/\/blogsaverroes.juntadeandalucia.es\/emprendetuvida\/files\/2017\/12\/nabmSPEAKER23315e_2x-1-24x16.jpg 24w, https:\/\/blogsaverroes.juntadeandalucia.es\/emprendetuvida\/files\/2017\/12\/nabmSPEAKER23315e_2x-1-36x24.jpg 36w, https:\/\/blogsaverroes.juntadeandalucia.es\/emprendetuvida\/files\/2017\/12\/nabmSPEAKER23315e_2x-1-48x32.jpg 48w, https:\/\/blogsaverroes.juntadeandalucia.es\/emprendetuvida\/files\/2017\/12\/nabmSPEAKER23315e_2x-1.jpg 763w\" sizes=\"(max-width: 300px) 100vw, 300px\" \/><\/p>\n<p style=\"text-align: justify\">Hace un par de semanas, mis compa\u00f1eros realizaron una din\u00e1mica en clase, llamada <span style=\"color: #993366\">speaker\u00b4s corner<\/span>, EL\u00a0\u00a0<span style=\"color: #00ffff\">(Os cuento como fue ya que yo no pude asistir por temas personales<\/span>).<\/p>\n<\/div>\n<div class=\"entry-content\">\n<p style=\"text-align: justify\">Dibujaron en dos folios grandes con dibujos y colores la frase speaker corner\u00b4s y los pegaron en la pared en una esquina de la clase. Pusieron justo de abajo del cartel una silla, y se sentaron todos al rededor. El profesor con una aplicaci\u00f3n especial iba d\u00e1ndole a cada uno una palabra al azar, y al que le tocara salir tenia que subirse en la silla y explicar durante dos minutos la palabra elegida sin decir la palabra. (<span style=\"color: #00ffff\">Una actividad la cual muy entretenida y que saca el nerviosismo de cada uno de los compa\u00f1eros, ya que 2 minutos no es mucho pero cuando esta en esa situaci\u00f3n eso 2 minutos es como si no pasaran<\/span>).<\/p>\n<p><img loading=\"lazy\" decoding=\"async\" class=\"alignnone size-medium wp-image-1488\" src=\"https:\/\/blogsaverroes.juntadeandalucia.es\/emprendetuvida\/files\/2017\/12\/speakerscorner-1-300x178.jpg\" alt=\"\" width=\"300\" height=\"178\" srcset=\"https:\/\/blogsaverroes.juntadeandalucia.es\/emprendetuvida\/files\/2017\/12\/speakerscorner-1-300x178.jpg 300w, https:\/\/blogsaverroes.juntadeandalucia.es\/emprendetuvida\/files\/2017\/12\/speakerscorner-1-768x456.jpg 768w, https:\/\/blogsaverroes.juntadeandalucia.es\/emprendetuvida\/files\/2017\/12\/speakerscorner-1-24x14.jpg 24w, https:\/\/blogsaverroes.juntadeandalucia.es\/emprendetuvida\/files\/2017\/12\/speakerscorner-1-36x21.jpg 36w, https:\/\/blogsaverroes.juntadeandalucia.es\/emprendetuvida\/files\/2017\/12\/speakerscorner-1-48x28.jpg 48w, https:\/\/blogsaverroes.juntadeandalucia.es\/emprendetuvida\/files\/2017\/12\/speakerscorner-1.jpg 900w\" sizes=\"(max-width: 300px) 100vw, 300px\" \/><\/p>\n<p style=\"text-align: justify\">\u00abEl rinc\u00f3n del orador\u201d<\/p>\n<p style=\"text-align: justify\">A m\u00ed me hubiese costado much\u00edsimo hablar sobre una palabra en concreto durante<span style=\"color: #808000\"> <strong>2 minutos,<\/strong>\u00a0<\/span><strong><span style=\"color: #808000\">hablar en p\u00fablico<\/span>\u00a0<\/strong>me pone muy nervioso y aparte no hay mucho de que hablar sobre una palabra en concreto.<\/p>\n<p style=\"text-align: justify\">Cuando me contaron la actividad, vi lo dif\u00edcil que es hablar en p\u00fablico,\u00a0<span style=\"color: #33cccc\"><strong>expresarte bien y definir una palabra<\/strong>\u00a0<\/span>en un momento as\u00ed, discursos e incluso me pongo en el pellejo de\u00a0los profesores al tener que explicar el temario o cualquier otra duda a un alumno.<\/p>\n<p style=\"text-align: justify\">Me ha parecido interesante\u00a0 esa actividad que me perd\u00ed ya que con ella hubiese aprendido lo importante que es tener buena tranquilidad, vocabulario, iniciativa y sobre todo tener<span style=\"color: #808080\">\u00a0<strong>recursos expresivos<\/strong><\/span>\u00a0a la hora de hablar en p\u00fablico y en la vida en general.<\/p>\n<p style=\"text-align: justify\"><span style=\"color: #00ffff\">Nos vemos por la zonas comunes!!<\/span><\/p>\n<p>&nbsp;<\/p>\n<p>&nbsp;<\/p>\n<\/div>\n","protected":false},"excerpt":{"rendered":"<p>Speaker corner, llamado \u201cel rinc\u00f3n del orador\u201d en Espa\u00f1ol Speakers&#8217; Corner\u00a0(el \u00abRinc\u00f3n del orador\u00bb en espa\u00f1ol) es una zona donde se permite\u00a0hablar en p\u00fablico, la misma se encuentra ubicada en el extremo noreste de\u00a0Hyde Park\u00a0en\u00a0Londres,\u00a0Inglaterra. Se les permite hablar a los oradores siempre que la polic\u00eda considere que sus discursos no violan la ley. Contrariamente &hellip; <a href=\"https:\/\/blogsaverroes.juntadeandalucia.es\/emprendetuvida\/2017\/12\/04\/speaker-corners-2\/\" class=\"more-link\">Seguir leyendo <span class=\"screen-reader-text\">SPEAKER\u00b4S CORNER<\/span> <span class=\"meta-nav\">&rarr;<\/span><\/a><\/p>\n","protected":false},"author":5411,"featured_media":1472,"comment_status":"open","ping_status":"open","sticky":false,"template":"","format":"standard","meta":{"ngg_post_thumbnail":0,"footnotes":""},"categories":[124,11201,926,168],"tags":[1212022,1212024,1212023],"aioseo_notices":[],"_links":{"self":[{"href":"https:\/\/blogsaverroes.juntadeandalucia.es\/emprendetuvida\/wp-json\/wp\/v2\/posts\/1445"}],"collection":[{"href":"https:\/\/blogsaverroes.juntadeandalucia.es\/emprendetuvida\/wp-json\/wp\/v2\/posts"}],"about":[{"href":"https:\/\/blogsaverroes.juntadeandalucia.es\/emprendetuvida\/wp-json\/wp\/v2\/types\/post"}],"author":[{"embeddable":true,"href":"https:\/\/blogsaverroes.juntadeandalucia.es\/emprendetuvida\/wp-json\/wp\/v2\/users\/5411"}],"replies":[{"embeddable":true,"href":"https:\/\/blogsaverroes.juntadeandalucia.es\/emprendetuvida\/wp-json\/wp\/v2\/comments?post=1445"}],"version-history":[{"count":5,"href":"https:\/\/blogsaverroes.juntadeandalucia.es\/emprendetuvida\/wp-json\/wp\/v2\/posts\/1445\/revisions"}],"predecessor-version":[{"id":1479,"href":"https:\/\/blogsaverroes.juntadeandalucia.es\/emprendetuvida\/wp-json\/wp\/v2\/posts\/1445\/revisions\/1479"}],"wp:featuredmedia":[{"embeddable":true,"href":"https:\/\/blogsaverroes.juntadeandalucia.es\/emprendetuvida\/wp-json\/wp\/v2\/media\/1472"}],"wp:attachment":[{"href":"https:\/\/blogsaverroes.juntadeandalucia.es\/emprendetuvida\/wp-json\/wp\/v2\/media?parent=1445"}],"wp:term":[{"taxonomy":"category","embeddable":true,"href":"https:\/\/blogsaverroes.juntadeandalucia.es\/emprendetuvida\/wp-json\/wp\/v2\/categories?post=1445"},{"taxonomy":"post_tag","embeddable":true,"href":"https:\/\/blogsaverroes.juntadeandalucia.es\/emprendetuvida\/wp-json\/wp\/v2\/tags?post=1445"}],"curies":[{"name":"wp","href":"https:\/\/api.w.org\/{rel}","templated":true}]}}