{"id":1530,"date":"2017-12-05T22:48:40","date_gmt":"2017-12-05T22:48:40","guid":{"rendered":"https:\/\/blogsaverroes.juntadeandalucia.es\/emprendetuvida\/?p=1530"},"modified":"2017-12-05T22:48:40","modified_gmt":"2017-12-05T22:48:40","slug":"talento-emprendedor-3","status":"publish","type":"post","link":"https:\/\/blogsaverroes.juntadeandalucia.es\/emprendetuvida\/2017\/12\/05\/talento-emprendedor-3\/","title":{"rendered":"talento emprendedor"},"content":{"rendered":"<p style=\"text-align: center\"><span style=\"font-size: 18pt\">\u00bf podr\u00edas saber decir asta donde puede llegar tu creatividad en 48 horas?<\/span><\/p>\n<p style=\"text-align: center\">a trav\u00e9s de una charla en la clase, de empresas, sobre el talento emprendedor nos tuvimos que presentar a un concurso en el que cada persona presentase una idea sobre un proyecto y despu\u00e9s eras seleccionado para pasar dos d\u00edas en grupo de 5 personas a las que no conoces .<\/p>\n<p style=\"text-align: center\">despu\u00e9s de esta peque\u00f1a introducci\u00f3n comienzo a contaros mi gran historia de creatividad:<\/p>\n<p style=\"text-align: center\">todo comenz\u00f3 un lunes a las 9:00 de la ma\u00f1ana con una bella presentaci\u00f3n de lo que consiste el concurso , la siguiente hora nos reunieron a todos en la biblioteca en la cual ten\u00edamos cada uno asignado un numero de mesa cada mesa tenia 5 integrantes en la que los cuales ninguno se conoc\u00edan.<\/p>\n<p style=\"text-align: center\">constaba de unas cuantas fases y la primera comenz\u00f3 con conocernos entre nosotros y elegir a un portavoz . una vez seleccionado exponemos cada uno nuestro proyecto y se elige por votaci\u00f3n el mas creativo. ( en mi caso la ganadora fue una App. para podernos comunicar con las personas sordas).<\/p>\n<p style=\"text-align: center\">a continuaci\u00f3n tuvimos que hacer un twitter resumiendo nuestro proyecto elegido y ponerlo en unos paneles que hab\u00eda de cada fase.<\/p>\n<p style=\"text-align: center\">luego tuvimos que programar nuestra aplicaci\u00f3n y empezar a crearla. mirando detalles de empresa como empleados y gastos .<\/p>\n<p style=\"text-align: center\">y despu\u00e9s de de pasar tanto juntos llego la fase final grabarnos 2 min explicando nuestro proyecto.<\/p>\n<p style=\"text-align: center\">y la verdad es que\u00a0 no ganamos pero me quedo en que esos dos d\u00edas conoc\u00ed a gente maravillosa con la que me quedo en mi vida.<\/p>\n<p style=\"text-align: center\">con respecto al concurso en mi vida me ha ayudado a saber conocer asta donde puede llegar mi creatividad, y me ha gustado mucho , con lo que lo asocio a no rendirme nunca a un que no gane no siempre es ganar no se puede ganar si no se coge experiencia.<\/p>\n<p>\u00abnunca se pierde siempre es experiencia adquirida. \u00ab<img loading=\"lazy\" decoding=\"async\" class=\"alignnone size-medium wp-image-1586 aligncenter\" src=\"https:\/\/blogsaverroes.juntadeandalucia.es\/emprendetuvida\/files\/2017\/12\/IMG-20171130-WA0010-300x200.jpg\" alt=\"\" width=\"300\" height=\"200\" srcset=\"https:\/\/blogsaverroes.juntadeandalucia.es\/emprendetuvida\/files\/2017\/12\/IMG-20171130-WA0010-300x200.jpg 300w, https:\/\/blogsaverroes.juntadeandalucia.es\/emprendetuvida\/files\/2017\/12\/IMG-20171130-WA0010-768x512.jpg 768w, https:\/\/blogsaverroes.juntadeandalucia.es\/emprendetuvida\/files\/2017\/12\/IMG-20171130-WA0010-1024x682.jpg 1024w, https:\/\/blogsaverroes.juntadeandalucia.es\/emprendetuvida\/files\/2017\/12\/IMG-20171130-WA0010-24x16.jpg 24w, https:\/\/blogsaverroes.juntadeandalucia.es\/emprendetuvida\/files\/2017\/12\/IMG-20171130-WA0010-36x24.jpg 36w, https:\/\/blogsaverroes.juntadeandalucia.es\/emprendetuvida\/files\/2017\/12\/IMG-20171130-WA0010-48x32.jpg 48w, https:\/\/blogsaverroes.juntadeandalucia.es\/emprendetuvida\/files\/2017\/12\/IMG-20171130-WA0010.jpg 1600w\" sizes=\"(max-width: 300px) 100vw, 300px\" \/><\/p>\n","protected":false},"excerpt":{"rendered":"<p>\u00bf podr\u00edas saber decir asta donde puede llegar tu creatividad en 48 horas? a trav\u00e9s de una charla en la clase, de empresas, sobre el talento emprendedor nos tuvimos que presentar a un concurso en el que cada persona presentase una idea sobre un proyecto y despu\u00e9s eras seleccionado para pasar dos d\u00edas en grupo &hellip; <a href=\"https:\/\/blogsaverroes.juntadeandalucia.es\/emprendetuvida\/2017\/12\/05\/talento-emprendedor-3\/\" class=\"more-link\">Seguir leyendo <span class=\"screen-reader-text\">talento emprendedor<\/span> <span class=\"meta-nav\">&rarr;<\/span><\/a><\/p>\n","protected":false},"author":5414,"featured_media":0,"comment_status":"open","ping_status":"open","sticky":false,"template":"","format":"standard","meta":{"ngg_post_thumbnail":0,"footnotes":""},"categories":[11909],"tags":[11273],"aioseo_notices":[],"_links":{"self":[{"href":"https:\/\/blogsaverroes.juntadeandalucia.es\/emprendetuvida\/wp-json\/wp\/v2\/posts\/1530"}],"collection":[{"href":"https:\/\/blogsaverroes.juntadeandalucia.es\/emprendetuvida\/wp-json\/wp\/v2\/posts"}],"about":[{"href":"https:\/\/blogsaverroes.juntadeandalucia.es\/emprendetuvida\/wp-json\/wp\/v2\/types\/post"}],"author":[{"embeddable":true,"href":"https:\/\/blogsaverroes.juntadeandalucia.es\/emprendetuvida\/wp-json\/wp\/v2\/users\/5414"}],"replies":[{"embeddable":true,"href":"https:\/\/blogsaverroes.juntadeandalucia.es\/emprendetuvida\/wp-json\/wp\/v2\/comments?post=1530"}],"version-history":[{"count":2,"href":"https:\/\/blogsaverroes.juntadeandalucia.es\/emprendetuvida\/wp-json\/wp\/v2\/posts\/1530\/revisions"}],"predecessor-version":[{"id":1684,"href":"https:\/\/blogsaverroes.juntadeandalucia.es\/emprendetuvida\/wp-json\/wp\/v2\/posts\/1530\/revisions\/1684"}],"wp:attachment":[{"href":"https:\/\/blogsaverroes.juntadeandalucia.es\/emprendetuvida\/wp-json\/wp\/v2\/media?parent=1530"}],"wp:term":[{"taxonomy":"category","embeddable":true,"href":"https:\/\/blogsaverroes.juntadeandalucia.es\/emprendetuvida\/wp-json\/wp\/v2\/categories?post=1530"},{"taxonomy":"post_tag","embeddable":true,"href":"https:\/\/blogsaverroes.juntadeandalucia.es\/emprendetuvida\/wp-json\/wp\/v2\/tags?post=1530"}],"curies":[{"name":"wp","href":"https:\/\/api.w.org\/{rel}","templated":true}]}}