{"id":1644,"date":"2017-12-05T20:01:22","date_gmt":"2017-12-05T20:01:22","guid":{"rendered":"https:\/\/blogsaverroes.juntadeandalucia.es\/emprendetuvida\/?p=1644"},"modified":"2017-12-06T15:52:52","modified_gmt":"2017-12-06T15:52:52","slug":"speakers-corner-4","status":"publish","type":"post","link":"https:\/\/blogsaverroes.juntadeandalucia.es\/emprendetuvida\/2017\/12\/05\/speakers-corner-4\/","title":{"rendered":"SPEAKERS\u00b4 CORNER"},"content":{"rendered":"<p style=\"text-align: justify\"><span style=\"font-size: 14pt\"><strong><span style=\"color: #993366;font-family: georgia,palatino,serif\">INTRODUCCI\u00d3N <\/span><\/strong><\/span><br \/>\n<span style=\"font-family: georgia,palatino,serif\">En <span style=\"color: #003366\"><em><strong>1855<\/strong><\/em>,<\/span> en la famosa esquina del <span style=\"font-family: comic sans ms,sans-serif\"><strong><span style=\"color: #800000\">Hyde Park<\/span><\/strong><\/span> londinense tuvo lugar una gran manifestaci\u00f3n contra la ley que regulaba las actividades comerciales dominicales (Sunday Trading Bill) que afectaba principalmente a los pobres.<a id=\"set-post-thumbnail\" class=\"thickbox\" href=\"https:\/\/blogsaverroes.juntadeandalucia.es\/emprendetuvida\/wp-admin\/media-upload.php?post_id=1644&amp;type=image&amp;TB_iframe=1\"><img loading=\"lazy\" decoding=\"async\" class=\"attachment-post-thumbnail alignright\" src=\"https:\/\/blogsaverroes.juntadeandalucia.es\/emprendetuvida\/files\/2017\/12\/images-1.jpg\" alt=\"\" width=\"164\" height=\"92\" \/><\/a><\/span><\/p>\n<p style=\"text-align: justify\"><span style=\"font-family: georgia,palatino,serif\">En <span style=\"color: #008080\"><em><strong>1872<\/strong><\/em><\/span> el Parlamento brit\u00e1nico cedi\u00f3 ante las presiones del pueblo y dict\u00f3 una ley en la que reconoc\u00eda a <span style=\"color: #ff6600;font-family: comic sans ms,sans-serif\">S<strong>peakers\u2019 Corner<\/strong> <\/span>como un lugar para el debate p\u00fablico. Desde entonces, miles de personas han expresado all\u00ed sus opiniones, explicando su disconformidad y luchando por sus derechos.<\/span><\/p>\n<p style=\"text-align: justify\"><span style=\"font-family: georgia,palatino,serif\">Seg\u00fan cuenta <span style=\"color: #ff0000;font-family: comic sans ms,sans-serif\"><strong>la historia<\/strong><\/span>, los activistas iban a Hyde Park con una escalera met\u00e1lica, una silla, un taburete, o cualquier objeto que les separara del suelo. <em><span style=\"color: #993366;font-family: comic sans ms,sans-serif\">Una vez subidos en estos objetos, no pisaban suelo ingl\u00e9s, y por ello no pod\u00edan atentar contra la ley<\/span>.<\/em> Esto era cierto siempre y cuando no faltasen al respeto a los oyentes o no generaran bronca.<\/span><\/p>\n<p style=\"text-align: justify\"><span style=\"font-family: georgia,palatino,serif\">Hoy, un par de siglos despu\u00e9s, la esquina de la comunicaci\u00f3n <span style=\"font-family: comic sans ms,sans-serif\"><em><span style=\"color: #008080\">sigue siendo un importante baluarte de la libertad de expresi\u00f3n<\/span><\/em><\/span>, donde las personas formulan sus protestas ante injusticias sociales o pol\u00edticas, sus visiones trascendentes de la vida o cualquier otro tema que promueva el debate p\u00fablico.<\/span><\/p>\n<p style=\"text-align: justify\"><span style=\"font-size: 14pt;font-family: georgia,palatino,serif\"><strong><span style=\"color: #993366\">DIN\u00c1MICA :\u00a0 Speakers\u00b4corner<\/span><\/strong><\/span><br \/>\n<span style=\"font-family: georgia,palatino,serif\"><strong>&#8211; OBJETIVO:<\/strong> Practicar la oratoria en p\u00fablico.<\/span><br \/>\n<span style=\"font-family: georgia,palatino,serif\"><strong>&#8211; MATERIALES:<\/strong> Una silla, papel y boli.<\/span><br \/>\n<span style=\"font-family: georgia,palatino,serif\"><strong>&#8211; N\u00ba DE PARTICIPANTES:<\/strong> Un orador y p\u00fablico ilimitado.<\/span><br \/>\n<span style=\"font-family: georgia,palatino,serif\"><strong>&#8211; DURACI\u00d3N:<\/strong> 2 minutos.<\/span><br \/>\n<span style=\"font-family: georgia,palatino,serif\"><strong>&#8211; NORMAS:<\/strong> Subirse a la silla y no parar de hablar.<\/span><br \/>\n<span style=\"font-family: georgia,palatino,serif\"><strong>&#8211; DESARROLLO:<\/strong> Se adjudica una palabra al orador y \u00e9ste se debe hacer un discurso durante 2 minutos sin parar de hablar sobre dicha palabra. El p\u00fablico debe apuntar en un papel algo positivo de cada discurso. <\/span><\/p>\n<p style=\"text-align: justify\"><span style=\"font-family: georgia,palatino,serif\">Me pareci\u00f3 una forma divertida de iniciar las exposiciones orales y, sobre todo cuando sabes que la valoraci\u00f3n de todo el p\u00fablico va a ser positiva. Esta situaci\u00f3n hace que te <span style=\"font-family: comic sans ms,sans-serif\"><strong><span style=\"color: #003300\">desinhibidas<\/span><\/strong><\/span>, aunque no tengas ni idea de que decir respecto a ese tema. <\/span><\/p>\n<p style=\"text-align: justify\"><span style=\"font-family: georgia,palatino,serif\">Adem\u00e1s, <span style=\"font-family: comic sans ms,sans-serif\"><strong><span style=\"color: #0000ff\">la valoraci\u00f3n positiva<\/span><\/strong><\/span> te ayuda a observar a tu compa\u00f1ero\/a y quedarte con lo que m\u00e1s te gusta de su exposici\u00f3n para que en el futuro puedas aplic<a id=\"set-post-thumbnail\" class=\"thickbox\" href=\"https:\/\/blogsaverroes.juntadeandalucia.es\/emprendetuvida\/wp-admin\/media-upload.php?post_id=1644&amp;type=image&amp;TB_iframe=1\"><img loading=\"lazy\" decoding=\"async\" class=\"attachment-post-thumbnail alignleft\" src=\"https:\/\/blogsaverroes.juntadeandalucia.es\/emprendetuvida\/files\/2017\/11\/20171107_211843-672x372.jpg\" alt=\"\" width=\"266\" height=\"148\" \/><\/a>arlo a tu propio discurso. <\/span><\/p>\n<p style=\"text-align: justify\"><span style=\"font-family: georgia,palatino,serif\">Lo que m\u00e1s me sorprendi\u00f3 fue que, pese a que <span style=\"font-family: comic sans ms,sans-serif\"><strong><span style=\"color: #33cccc\">2 minutos<\/span><\/strong><\/span> pasan muy <a id=\"set-post-thumbnail\" class=\"thickbox\" href=\"https:\/\/blogsaverroes.juntadeandalucia.es\/emprendetuvida\/wp-admin\/media-upload.php?post_id=1644&amp;type=image&amp;TB_iframe=1\"><\/a>r\u00e1pido, justo cuando me encontr\u00e9 encima de la silla y con <span style=\"font-family: comic sans ms,sans-serif\"><strong><span style=\"color: #1ac49c\">p\u00fablico delante<\/span><\/strong><\/span>, los dos minutos se me hicieron eternos. Adem\u00e1s, pude observar que era frecuente sufrir bloqueos mentales debido a tener que improvisar un discurso sobre un tema sin preparar. <\/span><\/p>\n<p style=\"text-align: justify\"><span style=\"font-family: georgia,palatino,serif\">Las anotaciones que posteriormente recibimos de nuestros compa\u00f1eros\/as <span style=\"font-family: comic sans ms,sans-serif\"><strong><span style=\"color: #c30dd4\">fue lo mas bonito<\/span><\/strong><\/span> de esta din\u00e1mica, debido a que estas notitas provocaron un efecto positivo en cada uno de nosotros. En mi opini\u00f3n, esto proporciona seguridad para volvernos a subir a esa asombrosa silla.<\/span><\/p>\n<p style=\"text-align: justify\"><span style=\"font-family: georgia,palatino,serif\">Considero que esta din\u00e1mica es una <span style=\"font-family: comic sans ms,sans-serif\"><strong><span style=\"color: #1ac49c\">buena manera de trabajar la oratoria<\/span><\/strong><\/span>, ya que \u00e9sta no se practica con frecuencia. En mi opini\u00f3n, es un error que dentro de las horas lectivas no se fomente m\u00e1s este tipo de actividades, puesto que se trata de una herramienta necesaria tanto para la vida laboral como diaria.<\/span><\/p>\n","protected":false},"excerpt":{"rendered":"<p>INTRODUCCI\u00d3N En 1855, en la famosa esquina del Hyde Park londinense tuvo lugar una gran manifestaci\u00f3n contra la ley que regulaba las actividades comerciales dominicales (Sunday Trading Bill) que afectaba principalmente a los pobres. En 1872 el Parlamento brit\u00e1nico cedi\u00f3 ante las presiones del pueblo y dict\u00f3 una ley en la que reconoc\u00eda a Speakers\u2019 &hellip; <a href=\"https:\/\/blogsaverroes.juntadeandalucia.es\/emprendetuvida\/2017\/12\/05\/speakers-corner-4\/\" class=\"more-link\">Seguir leyendo <span class=\"screen-reader-text\">SPEAKERS\u00b4 CORNER<\/span> <span class=\"meta-nav\">&rarr;<\/span><\/a><\/p>\n","protected":false},"author":5503,"featured_media":1650,"comment_status":"open","ping_status":"open","sticky":false,"template":"","format":"standard","meta":{"ngg_post_thumbnail":0,"footnotes":""},"categories":[11201,926],"tags":[1212023],"aioseo_notices":[],"_links":{"self":[{"href":"https:\/\/blogsaverroes.juntadeandalucia.es\/emprendetuvida\/wp-json\/wp\/v2\/posts\/1644"}],"collection":[{"href":"https:\/\/blogsaverroes.juntadeandalucia.es\/emprendetuvida\/wp-json\/wp\/v2\/posts"}],"about":[{"href":"https:\/\/blogsaverroes.juntadeandalucia.es\/emprendetuvida\/wp-json\/wp\/v2\/types\/post"}],"author":[{"embeddable":true,"href":"https:\/\/blogsaverroes.juntadeandalucia.es\/emprendetuvida\/wp-json\/wp\/v2\/users\/5503"}],"replies":[{"embeddable":true,"href":"https:\/\/blogsaverroes.juntadeandalucia.es\/emprendetuvida\/wp-json\/wp\/v2\/comments?post=1644"}],"version-history":[{"count":4,"href":"https:\/\/blogsaverroes.juntadeandalucia.es\/emprendetuvida\/wp-json\/wp\/v2\/posts\/1644\/revisions"}],"predecessor-version":[{"id":1839,"href":"https:\/\/blogsaverroes.juntadeandalucia.es\/emprendetuvida\/wp-json\/wp\/v2\/posts\/1644\/revisions\/1839"}],"wp:featuredmedia":[{"embeddable":true,"href":"https:\/\/blogsaverroes.juntadeandalucia.es\/emprendetuvida\/wp-json\/wp\/v2\/media\/1650"}],"wp:attachment":[{"href":"https:\/\/blogsaverroes.juntadeandalucia.es\/emprendetuvida\/wp-json\/wp\/v2\/media?parent=1644"}],"wp:term":[{"taxonomy":"category","embeddable":true,"href":"https:\/\/blogsaverroes.juntadeandalucia.es\/emprendetuvida\/wp-json\/wp\/v2\/categories?post=1644"},{"taxonomy":"post_tag","embeddable":true,"href":"https:\/\/blogsaverroes.juntadeandalucia.es\/emprendetuvida\/wp-json\/wp\/v2\/tags?post=1644"}],"curies":[{"name":"wp","href":"https:\/\/api.w.org\/{rel}","templated":true}]}}