{"id":477,"date":"2017-10-25T18:05:02","date_gmt":"2017-10-25T18:05:02","guid":{"rendered":"https:\/\/blogsaverroes.juntadeandalucia.es\/emprendetuvida\/?p=477"},"modified":"2017-10-25T18:05:02","modified_gmt":"2017-10-25T18:05:02","slug":"hola-a-tods","status":"publish","type":"post","link":"https:\/\/blogsaverroes.juntadeandalucia.es\/emprendetuvida\/2017\/10\/25\/hola-a-tods\/","title":{"rendered":"HOLA A TOD@S!!!"},"content":{"rendered":"<p style=\"text-align: justify\">Soy Noelia,de C\u00e1diz,\u00a0 tengo 28 a\u00f1os y estudio segundo de mediaci\u00f3n comunicativa, para que me conozcais un poco mejor os doy algunos detalles sobre mi personita&#8230;<\/p>\n<p style=\"text-align: justify\">Me encanta la m\u00fasica, viajar, la escalada, pintar,\u00a0 por supuesto, el trabajo con personas con necesidades especiales, las personas mayores, los ni\u00f1@s, la gente clara, sincera y humilde,\u00a0 \u00a0el caf\u00e9, el vino rojo,\u00a0 el campo, la playa y estar con mi familia y amigos.<\/p>\n<p style=\"text-align: justify\">No me gusta nada el regaeton, ni todo lo que tenga que ver con el machismo o alg\u00fan tipo de\u00a0 discriminaci\u00f3n por sexo, raza, condici\u00f3n o religi\u00f3n.<\/p>\n<p style=\"text-align: justify\">Supongo que nos iremos conociendo tod@s un poco m\u00e1s a lo largo del curso o eso espero!<\/p>\n<p style=\"text-align: justify\">Un Abrazo compis!!<\/p>\n<p style=\"text-align: justify\"><img loading=\"lazy\" decoding=\"async\" class=\"alignnone size-medium wp-image-481\" src=\"https:\/\/blogsaverroes.juntadeandalucia.es\/emprendetuvida\/files\/2017\/10\/blog-empre2-300x225.jpg\" alt=\"\" width=\"300\" height=\"225\" srcset=\"https:\/\/blogsaverroes.juntadeandalucia.es\/emprendetuvida\/files\/2017\/10\/blog-empre2-300x225.jpg 300w, https:\/\/blogsaverroes.juntadeandalucia.es\/emprendetuvida\/files\/2017\/10\/blog-empre2-768x576.jpg 768w, https:\/\/blogsaverroes.juntadeandalucia.es\/emprendetuvida\/files\/2017\/10\/blog-empre2-24x18.jpg 24w, https:\/\/blogsaverroes.juntadeandalucia.es\/emprendetuvida\/files\/2017\/10\/blog-empre2-36x27.jpg 36w, https:\/\/blogsaverroes.juntadeandalucia.es\/emprendetuvida\/files\/2017\/10\/blog-empre2-48x36.jpg 48w, https:\/\/blogsaverroes.juntadeandalucia.es\/emprendetuvida\/files\/2017\/10\/blog-empre2.jpg 1000w\" sizes=\"(max-width: 300px) 100vw, 300px\" \/><\/p>\n<p>&nbsp;<\/p>\n","protected":false},"excerpt":{"rendered":"<p>Soy Noelia,de C\u00e1diz,\u00a0 tengo 28 a\u00f1os y estudio segundo de mediaci\u00f3n comunicativa, para que me conozcais un poco mejor os doy algunos detalles sobre mi personita&#8230; Me encanta la m\u00fasica, viajar, la escalada, pintar,\u00a0 por supuesto, el trabajo con personas con necesidades especiales, las personas mayores, los ni\u00f1@s, la gente clara, sincera y humilde,\u00a0 \u00a0el &hellip; <a href=\"https:\/\/blogsaverroes.juntadeandalucia.es\/emprendetuvida\/2017\/10\/25\/hola-a-tods\/\" class=\"more-link\">Seguir leyendo <span class=\"screen-reader-text\">HOLA A TOD@S!!!<\/span> <span class=\"meta-nav\">&rarr;<\/span><\/a><\/p>\n","protected":false},"author":5489,"featured_media":0,"comment_status":"open","ping_status":"open","sticky":false,"template":"","format":"standard","meta":{"ngg_post_thumbnail":0,"footnotes":""},"categories":[212],"tags":[1211912],"aioseo_notices":[],"_links":{"self":[{"href":"https:\/\/blogsaverroes.juntadeandalucia.es\/emprendetuvida\/wp-json\/wp\/v2\/posts\/477"}],"collection":[{"href":"https:\/\/blogsaverroes.juntadeandalucia.es\/emprendetuvida\/wp-json\/wp\/v2\/posts"}],"about":[{"href":"https:\/\/blogsaverroes.juntadeandalucia.es\/emprendetuvida\/wp-json\/wp\/v2\/types\/post"}],"author":[{"embeddable":true,"href":"https:\/\/blogsaverroes.juntadeandalucia.es\/emprendetuvida\/wp-json\/wp\/v2\/users\/5489"}],"replies":[{"embeddable":true,"href":"https:\/\/blogsaverroes.juntadeandalucia.es\/emprendetuvida\/wp-json\/wp\/v2\/comments?post=477"}],"version-history":[{"count":1,"href":"https:\/\/blogsaverroes.juntadeandalucia.es\/emprendetuvida\/wp-json\/wp\/v2\/posts\/477\/revisions"}],"predecessor-version":[{"id":482,"href":"https:\/\/blogsaverroes.juntadeandalucia.es\/emprendetuvida\/wp-json\/wp\/v2\/posts\/477\/revisions\/482"}],"wp:attachment":[{"href":"https:\/\/blogsaverroes.juntadeandalucia.es\/emprendetuvida\/wp-json\/wp\/v2\/media?parent=477"}],"wp:term":[{"taxonomy":"category","embeddable":true,"href":"https:\/\/blogsaverroes.juntadeandalucia.es\/emprendetuvida\/wp-json\/wp\/v2\/categories?post=477"},{"taxonomy":"post_tag","embeddable":true,"href":"https:\/\/blogsaverroes.juntadeandalucia.es\/emprendetuvida\/wp-json\/wp\/v2\/tags?post=477"}],"curies":[{"name":"wp","href":"https:\/\/api.w.org\/{rel}","templated":true}]}}