{"id":662,"date":"2017-10-31T17:01:07","date_gmt":"2017-10-31T17:01:07","guid":{"rendered":"https:\/\/blogsaverroes.juntadeandalucia.es\/emprendetuvida\/?p=662"},"modified":"2017-10-31T17:01:07","modified_gmt":"2017-10-31T17:01:07","slug":"todos-formamos-parte","status":"publish","type":"post","link":"https:\/\/blogsaverroes.juntadeandalucia.es\/emprendetuvida\/2017\/10\/31\/todos-formamos-parte\/","title":{"rendered":"TodoS FormamoS PartE&#8230;"},"content":{"rendered":"<p style=\"text-align: justify\">Hola a todos mi nombre es Sonia, y formo parte del grupo de 2\u00ba Mediaci\u00f3n Comunicativa en M\u00e1laga.<\/p>\n<p style=\"text-align: justify\">A continuaci\u00f3n quisiera resaltar una din\u00e1mica realizada en el aula el primer d\u00eda que dio comienzo la asignatura de Empresas e Iniciativa Emprendedora, cuya presentaci\u00f3n pas\u00f3 a rompernos los esquemas.<\/p>\n<p style=\"text-align: justify\">Tanto como Patricia como Jose, pasaron a repartirnos unas tarjetas donde aparec\u00edan fotograf\u00edas de alimentos, y nos pidieron que nos agrup\u00e1ramos en grupos peque\u00f1os formando recetas con los distintos ingredientes de cada uno.\u00a0Nos dividimos en tres grupos de los cuales salieron unas recetas muy creativas.<\/p>\n<p style=\"text-align: justify\">El fin de dicha din\u00e1mica fue conocernos de forma individual, present\u00e1ndonos de uno en uno a Patricia y Jose, para darnos a conocer, haciendo alusi\u00f3n al ingredientes que \u00e9ramos cada uno.<\/p>\n<p style=\"text-align: justify\">A modo de reflexi\u00f3n, dicha din\u00e1mica me llevo a pensar que todos formamos parte\/ingredientes del aula, donde cada alumno\/a formamos parte de una gran receta, receta la cual vamos a ser \u00fatiles para muchas personas que quieren consumir ingredientes que sean importantes para su d\u00eda a d\u00eda. Con esto quiero decir, que somos personas en continua formaci\u00f3n y personas con ganas de formar parte de grandes proyectos,\u00a0 proyectos a los cuales aportaremos grandes cosas y ellos a nosotros.<\/p>\n<p style=\"text-align: justify\">Una vez mas a trav\u00e9s de esta din\u00e1mica podemos ver la importancia de formar parte de un grupo, de una receta de la cual tu ingrediente es indispensable para la misma, por ello siempre debemos dar lo mejor de nosotros mismos.<\/p>\n<p><img loading=\"lazy\" decoding=\"async\" class=\"size-medium wp-image-663 aligncenter\" src=\"https:\/\/blogsaverroes.juntadeandalucia.es\/emprendetuvida\/files\/2017\/10\/Comunidad6-1-300x271.jpg\" alt=\"\" width=\"300\" height=\"271\" srcset=\"https:\/\/blogsaverroes.juntadeandalucia.es\/emprendetuvida\/files\/2017\/10\/Comunidad6-1-300x271.jpg 300w, https:\/\/blogsaverroes.juntadeandalucia.es\/emprendetuvida\/files\/2017\/10\/Comunidad6-1-768x693.jpg 768w, https:\/\/blogsaverroes.juntadeandalucia.es\/emprendetuvida\/files\/2017\/10\/Comunidad6-1-24x22.jpg 24w, https:\/\/blogsaverroes.juntadeandalucia.es\/emprendetuvida\/files\/2017\/10\/Comunidad6-1-36x32.jpg 36w, https:\/\/blogsaverroes.juntadeandalucia.es\/emprendetuvida\/files\/2017\/10\/Comunidad6-1-48x43.jpg 48w, https:\/\/blogsaverroes.juntadeandalucia.es\/emprendetuvida\/files\/2017\/10\/Comunidad6-1.jpg 871w\" sizes=\"(max-width: 300px) 100vw, 300px\" \/><\/p>\n","protected":false},"excerpt":{"rendered":"<p>Hola a todos mi nombre es Sonia, y formo parte del grupo de 2\u00ba Mediaci\u00f3n Comunicativa en M\u00e1laga. A continuaci\u00f3n quisiera resaltar una din\u00e1mica realizada en el aula el primer d\u00eda que dio comienzo la asignatura de Empresas e Iniciativa Emprendedora, cuya presentaci\u00f3n pas\u00f3 a rompernos los esquemas. Tanto como Patricia como Jose, pasaron a &hellip; <a href=\"https:\/\/blogsaverroes.juntadeandalucia.es\/emprendetuvida\/2017\/10\/31\/todos-formamos-parte\/\" class=\"more-link\">Seguir leyendo <span class=\"screen-reader-text\">TodoS FormamoS PartE&#8230;<\/span> <span class=\"meta-nav\">&rarr;<\/span><\/a><\/p>\n","protected":false},"author":5505,"featured_media":485,"comment_status":"open","ping_status":"open","sticky":false,"template":"","format":"standard","meta":{"ngg_post_thumbnail":0,"footnotes":""},"categories":[124,11201,926,212,168],"tags":[841491,8849,20294,1211955,30,9781],"aioseo_notices":[],"_links":{"self":[{"href":"https:\/\/blogsaverroes.juntadeandalucia.es\/emprendetuvida\/wp-json\/wp\/v2\/posts\/662"}],"collection":[{"href":"https:\/\/blogsaverroes.juntadeandalucia.es\/emprendetuvida\/wp-json\/wp\/v2\/posts"}],"about":[{"href":"https:\/\/blogsaverroes.juntadeandalucia.es\/emprendetuvida\/wp-json\/wp\/v2\/types\/post"}],"author":[{"embeddable":true,"href":"https:\/\/blogsaverroes.juntadeandalucia.es\/emprendetuvida\/wp-json\/wp\/v2\/users\/5505"}],"replies":[{"embeddable":true,"href":"https:\/\/blogsaverroes.juntadeandalucia.es\/emprendetuvida\/wp-json\/wp\/v2\/comments?post=662"}],"version-history":[{"count":4,"href":"https:\/\/blogsaverroes.juntadeandalucia.es\/emprendetuvida\/wp-json\/wp\/v2\/posts\/662\/revisions"}],"predecessor-version":[{"id":667,"href":"https:\/\/blogsaverroes.juntadeandalucia.es\/emprendetuvida\/wp-json\/wp\/v2\/posts\/662\/revisions\/667"}],"wp:featuredmedia":[{"embeddable":true,"href":"https:\/\/blogsaverroes.juntadeandalucia.es\/emprendetuvida\/wp-json\/wp\/v2\/media\/485"}],"wp:attachment":[{"href":"https:\/\/blogsaverroes.juntadeandalucia.es\/emprendetuvida\/wp-json\/wp\/v2\/media?parent=662"}],"wp:term":[{"taxonomy":"category","embeddable":true,"href":"https:\/\/blogsaverroes.juntadeandalucia.es\/emprendetuvida\/wp-json\/wp\/v2\/categories?post=662"},{"taxonomy":"post_tag","embeddable":true,"href":"https:\/\/blogsaverroes.juntadeandalucia.es\/emprendetuvida\/wp-json\/wp\/v2\/tags?post=662"}],"curies":[{"name":"wp","href":"https:\/\/api.w.org\/{rel}","templated":true}]}}