{"id":671,"date":"2017-11-03T19:55:45","date_gmt":"2017-11-03T19:55:45","guid":{"rendered":"https:\/\/blogsaverroes.juntadeandalucia.es\/emprendetuvida\/?p=671"},"modified":"2017-11-30T19:36:30","modified_gmt":"2017-11-30T19:36:30","slug":"hola-a-todos","status":"publish","type":"post","link":"https:\/\/blogsaverroes.juntadeandalucia.es\/emprendetuvida\/2017\/11\/03\/hola-a-todos\/","title":{"rendered":"\u00a1HOLA A TODOS!"},"content":{"rendered":"<p style=\"text-align: justify\"><span style=\"font-family: 'comic sans ms', sans-serif\">Mi nombre es \u00darsula, soy de Bobadilla Estaci\u00f3n-Antequera,\u00a0aunque hace ya mucho que vivo en M\u00e1laga. Me vine para estudiar Psicopedagog\u00eda y, excepto algunos per\u00edodos intermitentes, he estado siempre por aqu\u00ed. Hace a\u00f1os que trabajo llevando el papeleo en una tienda de motos por las tardes y ahora por las ma\u00f1anas estudio 2\u00ba de Mediaci\u00f3n Comunicativa.<\/span><\/p>\n<p style=\"text-align: justify\"><span style=\"font-family: 'comic sans ms', sans-serif\">Estudiando y trabajando, la verdad es que tengo muy muy poquito tiempo para m\u00ed. Me encanta la educaci\u00f3n, el cine, ir al pueblo con toda la familia, el olor a libro nuevo, los gatos&#8230; Odio pasar fr\u00edo, los dobles raseros y a la gente que lleva encendidas las luces antinieblas\u00a0por gusto. Y me encantar\u00eda tener una estabilidad, trabajar de lo que me gusta, vivir en un sitio tranquilo, viajar y crecer.<\/span><\/p>\n<p style=\"text-align: justify\"><span style=\"font-family: 'comic sans ms', sans-serif\">\u00a1Nos vemos por clase o por aqu\u00ed!<\/span><img loading=\"lazy\" decoding=\"async\" class=\"alignright size-thumbnail wp-image-773\" src=\"https:\/\/blogsaverroes.juntadeandalucia.es\/emprendetuvida\/files\/2017\/11\/mafalda-y-la-lluvia-150x150.jpg\" alt=\"\" width=\"150\" height=\"150\" srcset=\"https:\/\/blogsaverroes.juntadeandalucia.es\/emprendetuvida\/files\/2017\/11\/mafalda-y-la-lluvia-150x150.jpg 150w, https:\/\/blogsaverroes.juntadeandalucia.es\/emprendetuvida\/files\/2017\/11\/mafalda-y-la-lluvia-100x100.jpg 100w\" sizes=\"(max-width: 150px) 100vw, 150px\" \/><\/p>\n","protected":false},"excerpt":{"rendered":"<p>Mi nombre es \u00darsula, soy de Bobadilla Estaci\u00f3n-Antequera,\u00a0aunque hace ya mucho que vivo en M\u00e1laga. Me vine para estudiar Psicopedagog\u00eda y, excepto algunos per\u00edodos intermitentes, he estado siempre por aqu\u00ed. Hace a\u00f1os que trabajo llevando el papeleo en una tienda de motos por las tardes y ahora por las ma\u00f1anas estudio 2\u00ba de Mediaci\u00f3n Comunicativa. &hellip; <a href=\"https:\/\/blogsaverroes.juntadeandalucia.es\/emprendetuvida\/2017\/11\/03\/hola-a-todos\/\" class=\"more-link\">Seguir leyendo <span class=\"screen-reader-text\">\u00a1HOLA A TODOS!<\/span> <span class=\"meta-nav\">&rarr;<\/span><\/a><\/p>\n","protected":false},"author":5490,"featured_media":1236,"comment_status":"open","ping_status":"open","sticky":false,"template":"","format":"standard","meta":{"ngg_post_thumbnail":0,"footnotes":""},"categories":[212],"tags":[1211912,212],"aioseo_notices":[],"_links":{"self":[{"href":"https:\/\/blogsaverroes.juntadeandalucia.es\/emprendetuvida\/wp-json\/wp\/v2\/posts\/671"}],"collection":[{"href":"https:\/\/blogsaverroes.juntadeandalucia.es\/emprendetuvida\/wp-json\/wp\/v2\/posts"}],"about":[{"href":"https:\/\/blogsaverroes.juntadeandalucia.es\/emprendetuvida\/wp-json\/wp\/v2\/types\/post"}],"author":[{"embeddable":true,"href":"https:\/\/blogsaverroes.juntadeandalucia.es\/emprendetuvida\/wp-json\/wp\/v2\/users\/5490"}],"replies":[{"embeddable":true,"href":"https:\/\/blogsaverroes.juntadeandalucia.es\/emprendetuvida\/wp-json\/wp\/v2\/comments?post=671"}],"version-history":[{"count":20,"href":"https:\/\/blogsaverroes.juntadeandalucia.es\/emprendetuvida\/wp-json\/wp\/v2\/posts\/671\/revisions"}],"predecessor-version":[{"id":1237,"href":"https:\/\/blogsaverroes.juntadeandalucia.es\/emprendetuvida\/wp-json\/wp\/v2\/posts\/671\/revisions\/1237"}],"wp:featuredmedia":[{"embeddable":true,"href":"https:\/\/blogsaverroes.juntadeandalucia.es\/emprendetuvida\/wp-json\/wp\/v2\/media\/1236"}],"wp:attachment":[{"href":"https:\/\/blogsaverroes.juntadeandalucia.es\/emprendetuvida\/wp-json\/wp\/v2\/media?parent=671"}],"wp:term":[{"taxonomy":"category","embeddable":true,"href":"https:\/\/blogsaverroes.juntadeandalucia.es\/emprendetuvida\/wp-json\/wp\/v2\/categories?post=671"},{"taxonomy":"post_tag","embeddable":true,"href":"https:\/\/blogsaverroes.juntadeandalucia.es\/emprendetuvida\/wp-json\/wp\/v2\/tags?post=671"}],"curies":[{"name":"wp","href":"https:\/\/api.w.org\/{rel}","templated":true}]}}