{"id":10201,"date":"2025-05-13T19:55:07","date_gmt":"2025-05-13T17:55:07","guid":{"rendered":"https:\/\/blogsaverroes.juntadeandalucia.es\/entresierras\/?p=10201"},"modified":"2025-05-13T20:02:19","modified_gmt":"2025-05-13T18:02:19","slug":"10201","status":"publish","type":"post","link":"https:\/\/blogsaverroes.juntadeandalucia.es\/entresierras\/2025\/05\/13\/10201\/","title":{"rendered":"XIII JORNADAS DE CIENCIAS Y HUMANIDADES DEL IES ENTRESIERRAS"},"content":{"rendered":"<p>XIII edici\u00f3n de estas jornadas interdisciplinares en cuya organizaci\u00f3n se involucran todos los Departamentos Did\u00e1cticos del IES Entresierras, a trav\u00e9s de diversas actividades motivadoras dirigidas al aprendizaje pr\u00e1ctico y l\u00fadico del alumnado de nuestro centro educativo.<\/p>\n<p>La tem\u00e1tica com\u00fan de estas jornadas (y la de todos nuestros planes y proyectos) ha sido <strong>ENTRESIERRAS-ENTRECULTURAS.<\/strong><\/p>\n<p>A lo largo de todo el curso y desde el Plan de Igualdad, Programa Escuela Espacio de Paz, Programa Biling\u00fce, Plan de convivencia\u2026, hemos ido realizando diversas actividades con la interculturalidad como protagonista com\u00fan, para acabar con estas XIII Jornadas de Ciencias y Humanidades.<\/p>\n<p>1\u00ba D\u00cdA: Viaje a las Cuevas de Sorbas (aplazado por el apag\u00f3n)<\/p>\n<p>2\u00ba D\u00cdA: Talleres interculturales_<\/p>\n<ul>\n<li>Taller de Lat\u00f3n.<\/li>\n<li>Taller de Henna<\/li>\n<li>Taller de Trenzas<\/li>\n<li>Taller de Juegos Tradicionales.<\/li>\n<li>Taller de Idiomas.<\/li>\n<li>Taller de Jab\u00f3n.<\/li>\n<li>Taller del Ciclo Formativo de Grado B\u00e1sico Mantenimiento de Viviendas.<\/li>\n<li>Taller de impresi\u00f3n 3D.<\/li>\n<li>Canci\u00f3n en Lengua de Signos.<\/li>\n<li>Exposiciones.<\/li>\n<li>Arroz del AMPA Alto Almanzora.<\/li>\n<\/ul>\n<p>Fant\u00e1stico d\u00eda de convivencia el vivido, con gran participaci\u00f3n de alumnado, profesorado y familias. Gracias como siempre al AMPA Alto Almanzora por participar y elaborar un rico arroz para nuestros alumnos.<\/p>\nngg_shortcode_0_placeholder\n","protected":false},"excerpt":{"rendered":"<p>XIII edici\u00f3n de estas jornadas interdisciplinares en cuya organizaci\u00f3n se involucran todos los Departamentos Did\u00e1cticos del IES Entresierras, a trav\u00e9s de diversas actividades motivadoras dirigidas al aprendizaje pr\u00e1ctico y l\u00fadico del alumnado de nuestro&#46;&#46;&#46;<\/p>\n","protected":false},"author":7709,"featured_media":10216,"comment_status":"open","ping_status":"open","sticky":false,"template":"","format":"standard","meta":{"ngg_post_thumbnail":0,"footnotes":""},"categories":[3],"tags":[],"aioseo_notices":[],"_links":{"self":[{"href":"https:\/\/blogsaverroes.juntadeandalucia.es\/entresierras\/wp-json\/wp\/v2\/posts\/10201"}],"collection":[{"href":"https:\/\/blogsaverroes.juntadeandalucia.es\/entresierras\/wp-json\/wp\/v2\/posts"}],"about":[{"href":"https:\/\/blogsaverroes.juntadeandalucia.es\/entresierras\/wp-json\/wp\/v2\/types\/post"}],"author":[{"embeddable":true,"href":"https:\/\/blogsaverroes.juntadeandalucia.es\/entresierras\/wp-json\/wp\/v2\/users\/7709"}],"replies":[{"embeddable":true,"href":"https:\/\/blogsaverroes.juntadeandalucia.es\/entresierras\/wp-json\/wp\/v2\/comments?post=10201"}],"version-history":[{"count":6,"href":"https:\/\/blogsaverroes.juntadeandalucia.es\/entresierras\/wp-json\/wp\/v2\/posts\/10201\/revisions"}],"predecessor-version":[{"id":10253,"href":"https:\/\/blogsaverroes.juntadeandalucia.es\/entresierras\/wp-json\/wp\/v2\/posts\/10201\/revisions\/10253"}],"wp:featuredmedia":[{"embeddable":true,"href":"https:\/\/blogsaverroes.juntadeandalucia.es\/entresierras\/wp-json\/wp\/v2\/media\/10216"}],"wp:attachment":[{"href":"https:\/\/blogsaverroes.juntadeandalucia.es\/entresierras\/wp-json\/wp\/v2\/media?parent=10201"}],"wp:term":[{"taxonomy":"category","embeddable":true,"href":"https:\/\/blogsaverroes.juntadeandalucia.es\/entresierras\/wp-json\/wp\/v2\/categories?post=10201"},{"taxonomy":"post_tag","embeddable":true,"href":"https:\/\/blogsaverroes.juntadeandalucia.es\/entresierras\/wp-json\/wp\/v2\/tags?post=10201"}],"curies":[{"name":"wp","href":"https:\/\/api.w.org\/{rel}","templated":true}]}}