{"id":10594,"date":"2025-11-25T14:00:42","date_gmt":"2025-11-25T12:00:42","guid":{"rendered":"https:\/\/blogsaverroes.juntadeandalucia.es\/entresierras\/?p=10594"},"modified":"2025-11-25T14:02:26","modified_gmt":"2025-11-25T12:02:26","slug":"nuestro-alumnado-recibe-formacion-en-primeros-auxilios","status":"publish","type":"post","link":"https:\/\/blogsaverroes.juntadeandalucia.es\/entresierras\/2025\/11\/25\/nuestro-alumnado-recibe-formacion-en-primeros-auxilios\/","title":{"rendered":"NUESTRO ALUMNADO RECIBE FORMACI\u00d3N EN PRIMEROS AUXILIOS"},"content":{"rendered":"<div class=\"xdj266r x14z9mp xat24cr x1lziwak x1vvkbs x126k92a\">\n<div dir=\"auto\"><img loading=\"lazy\" decoding=\"async\" class=\"alignleft wp-image-10596\" src=\"https:\/\/blogsaverroes.juntadeandalucia.es\/entresierras\/files\/2025\/11\/1000038135-300x225.jpg\" alt=\"\" width=\"243\" height=\"182\" srcset=\"https:\/\/blogsaverroes.juntadeandalucia.es\/entresierras\/files\/2025\/11\/1000038135-300x225.jpg 300w, https:\/\/blogsaverroes.juntadeandalucia.es\/entresierras\/files\/2025\/11\/1000038135-1024x768.jpg 1024w, https:\/\/blogsaverroes.juntadeandalucia.es\/entresierras\/files\/2025\/11\/1000038135-768x576.jpg 768w, https:\/\/blogsaverroes.juntadeandalucia.es\/entresierras\/files\/2025\/11\/1000038135-1536x1152.jpg 1536w, https:\/\/blogsaverroes.juntadeandalucia.es\/entresierras\/files\/2025\/11\/1000038135.jpg 2040w\" sizes=\"(max-width: 243px) 100vw, 243px\" \/> Por segundo curso consecutivo, y dentro del programa de H\u00e1bitos de Vida Saludables, nuestro alumnado ha recibido formaci\u00f3n en Primeros Auxilios de la mano de nuestra siempre comprometida enfermera de referencia Carmen Cano. Esta gran profesional ha transmitido a nuestro alumnado, una vez m\u00e1s y de forma clara, amena y cercana, conocimientos fundamentales sobre c\u00f3mo actuar en caso de emergencia, cu\u00e1ndo y c\u00f3mo realizar una RCP y qu\u00e9 pasos seguir ante situaciones cr\u00edticas.<\/div>\n<div dir=\"auto\">Queremos dar las gracias a nuestra querida Carmen por la excelente labor que viene realizando en nuestro centro educativo, nuestro m\u00e1s sincero agradecimiento por compartir con nuestra comunidad educativa su experiencia y saber.<\/div>\n<\/div>\n<div dir=\"auto\">&nbsp;<\/div>\n<div dir=\"auto\">&nbsp;<\/div>\n<div dir=\"auto\">&nbsp;<\/div>\n<div class=\"xdj266r x14z9mp xat24cr x1lziwak x1vvkbs x126k92a\">\n<div dir=\"auto\"><img loading=\"lazy\" decoding=\"async\" class=\"size-medium wp-image-10598 alignleft\" src=\"https:\/\/blogsaverroes.juntadeandalucia.es\/entresierras\/files\/2025\/11\/1000038141-300x169.jpg\" alt=\"\" width=\"300\" height=\"169\" srcset=\"https:\/\/blogsaverroes.juntadeandalucia.es\/entresierras\/files\/2025\/11\/1000038141-300x169.jpg 300w, https:\/\/blogsaverroes.juntadeandalucia.es\/entresierras\/files\/2025\/11\/1000038141-1024x576.jpg 1024w, https:\/\/blogsaverroes.juntadeandalucia.es\/entresierras\/files\/2025\/11\/1000038141-768x432.jpg 768w, https:\/\/blogsaverroes.juntadeandalucia.es\/entresierras\/files\/2025\/11\/1000038141-1536x864.jpg 1536w, https:\/\/blogsaverroes.juntadeandalucia.es\/entresierras\/files\/2025\/11\/1000038141.jpg 1920w\" sizes=\"(max-width: 300px) 100vw, 300px\" \/> <img loading=\"lazy\" decoding=\"async\" class=\"alignleft size-medium wp-image-10597\" src=\"https:\/\/blogsaverroes.juntadeandalucia.es\/entresierras\/files\/2025\/11\/1000038138-300x225.jpg\" alt=\"\" width=\"300\" height=\"225\" srcset=\"https:\/\/blogsaverroes.juntadeandalucia.es\/entresierras\/files\/2025\/11\/1000038138-300x225.jpg 300w, https:\/\/blogsaverroes.juntadeandalucia.es\/entresierras\/files\/2025\/11\/1000038138-1024x768.jpg 1024w, https:\/\/blogsaverroes.juntadeandalucia.es\/entresierras\/files\/2025\/11\/1000038138-768x576.jpg 768w, https:\/\/blogsaverroes.juntadeandalucia.es\/entresierras\/files\/2025\/11\/1000038138-1536x1152.jpg 1536w, https:\/\/blogsaverroes.juntadeandalucia.es\/entresierras\/files\/2025\/11\/1000038138.jpg 2048w\" sizes=\"(max-width: 300px) 100vw, 300px\" \/><\/div>\n<\/div>\n<div class=\"x14z9mp xat24cr x1lziwak x1vvkbs xtlvy1s x126k92a\">\n<div dir=\"auto\">&nbsp;<\/div>\n<\/div>\n<div class=\"x14z9mp xat24cr x1lziwak x1vvkbs xtlvy1s x126k92a\">&nbsp;<\/div>\n","protected":false},"excerpt":{"rendered":"<p>Por segundo curso consecutivo, y dentro del programa de H\u00e1bitos de Vida Saludables, nuestro alumnado ha recibido formaci\u00f3n en Primeros Auxilios de la mano de nuestra siempre comprometida enfermera de referencia Carmen Cano. Esta&#46;&#46;&#46;<\/p>\n","protected":false},"author":7709,"featured_media":10596,"comment_status":"open","ping_status":"open","sticky":false,"template":"","format":"standard","meta":{"ngg_post_thumbnail":0,"footnotes":""},"categories":[68,1],"tags":[],"aioseo_notices":[],"_links":{"self":[{"href":"https:\/\/blogsaverroes.juntadeandalucia.es\/entresierras\/wp-json\/wp\/v2\/posts\/10594"}],"collection":[{"href":"https:\/\/blogsaverroes.juntadeandalucia.es\/entresierras\/wp-json\/wp\/v2\/posts"}],"about":[{"href":"https:\/\/blogsaverroes.juntadeandalucia.es\/entresierras\/wp-json\/wp\/v2\/types\/post"}],"author":[{"embeddable":true,"href":"https:\/\/blogsaverroes.juntadeandalucia.es\/entresierras\/wp-json\/wp\/v2\/users\/7709"}],"replies":[{"embeddable":true,"href":"https:\/\/blogsaverroes.juntadeandalucia.es\/entresierras\/wp-json\/wp\/v2\/comments?post=10594"}],"version-history":[{"count":2,"href":"https:\/\/blogsaverroes.juntadeandalucia.es\/entresierras\/wp-json\/wp\/v2\/posts\/10594\/revisions"}],"predecessor-version":[{"id":10605,"href":"https:\/\/blogsaverroes.juntadeandalucia.es\/entresierras\/wp-json\/wp\/v2\/posts\/10594\/revisions\/10605"}],"wp:featuredmedia":[{"embeddable":true,"href":"https:\/\/blogsaverroes.juntadeandalucia.es\/entresierras\/wp-json\/wp\/v2\/media\/10596"}],"wp:attachment":[{"href":"https:\/\/blogsaverroes.juntadeandalucia.es\/entresierras\/wp-json\/wp\/v2\/media?parent=10594"}],"wp:term":[{"taxonomy":"category","embeddable":true,"href":"https:\/\/blogsaverroes.juntadeandalucia.es\/entresierras\/wp-json\/wp\/v2\/categories?post=10594"},{"taxonomy":"post_tag","embeddable":true,"href":"https:\/\/blogsaverroes.juntadeandalucia.es\/entresierras\/wp-json\/wp\/v2\/tags?post=10594"}],"curies":[{"name":"wp","href":"https:\/\/api.w.org\/{rel}","templated":true}]}}