{"id":10792,"date":"2026-03-23T14:39:28","date_gmt":"2026-03-23T12:39:28","guid":{"rendered":"https:\/\/blogsaverroes.juntadeandalucia.es\/entresierras\/?p=10792"},"modified":"2026-03-23T15:17:18","modified_gmt":"2026-03-23T13:17:18","slug":"bailamos","status":"publish","type":"post","link":"https:\/\/blogsaverroes.juntadeandalucia.es\/entresierras\/2026\/03\/23\/bailamos\/","title":{"rendered":"\u00bfBAILAMOS?"},"content":{"rendered":"<p>En clase de Educaci\u00f3n F\u00edsica y con la inestimable colaboraci\u00f3n del Excmo. Ayuntamiento de Purchena y de la Mejor Biblioteca P\u00fablica de Purchena, a trav\u00e9s de&nbsp; la figura de los voluntarios europeos, nuestro alumnado de 3\u00ba ESO ha recibido unas lecciones b\u00e1sicas de Salsa, Bachata y Tango. Entretenidas sesiones de expresi\u00f3n corporal incorporadas a una situaci\u00f3n de aprendizaje \u00ab\u00bfBailamos?\u00bb, cuyo producto final era el dominio de pasos sencillos de bailes latinos, a la vez que se trabajaban valores como la identificaci\u00f3n y aceptaci\u00f3n de estereotipos sociales asociados al g\u00e9nero y diversidad vinculados a la actividad f\u00edsica y deportiva. Cuantas m\u00e1s elementos culturales diferentes se conocen, mayor es la aceptaci\u00f3n a la diversidad de todas ellas, por lo que es primordial conocer las tradiciones y formas de expresi\u00f3n corporal y motriz de otras partes del mundo.<\/p>\n<p>En este caso, el alumnado ha participado en tres sesiones, cada una dedicada al aprendizaje de un baile latino diferente, con ritmos y estilos tan conocidos como la bachata, la salsa o el tango, trabajando el compa\u00f1erismo a trav\u00e9s del baile en pareja, la complicidad, coordinaci\u00f3n, sentido r\u00edtmico y la expresividad entre otras muchas destrezas, siempre buscando <span class=\"d-block\">una relaci\u00f3n sana y positiva con el resto de alumnos al hacer uso efectivo de habilidades sociales de di\u00e1logo en la resoluci\u00f3n de conflictos y respeto.<\/span><\/p>\n<p>Como siempre agradecemos al Excmo. Ayuntamiento de Purchena y a los voluntarios europeos su inestimable ayuda.<\/p>\n<p>&nbsp;<\/p>\n<p><img loading=\"lazy\" decoding=\"async\" class=\"alignnone size-medium wp-image-10794\" src=\"https:\/\/blogsaverroes.juntadeandalucia.es\/entresierras\/files\/2026\/03\/20260312_122611-300x300.jpg\" alt=\"\" width=\"300\" height=\"300\" srcset=\"https:\/\/blogsaverroes.juntadeandalucia.es\/entresierras\/files\/2026\/03\/20260312_122611-300x300.jpg 300w, https:\/\/blogsaverroes.juntadeandalucia.es\/entresierras\/files\/2026\/03\/20260312_122611-1024x1024.jpg 1024w, https:\/\/blogsaverroes.juntadeandalucia.es\/entresierras\/files\/2026\/03\/20260312_122611-150x150.jpg 150w, https:\/\/blogsaverroes.juntadeandalucia.es\/entresierras\/files\/2026\/03\/20260312_122611-768x768.jpg 768w, https:\/\/blogsaverroes.juntadeandalucia.es\/entresierras\/files\/2026\/03\/20260312_122611-1536x1536.jpg 1536w, https:\/\/blogsaverroes.juntadeandalucia.es\/entresierras\/files\/2026\/03\/20260312_122611-80x80.jpg 80w, https:\/\/blogsaverroes.juntadeandalucia.es\/entresierras\/files\/2026\/03\/20260312_122611-320x320.jpg 320w, https:\/\/blogsaverroes.juntadeandalucia.es\/entresierras\/files\/2026\/03\/20260312_122611.jpg 1920w\" sizes=\"(max-width: 300px) 100vw, 300px\" \/> <img loading=\"lazy\" decoding=\"async\" class=\"alignnone size-medium wp-image-10795\" src=\"https:\/\/blogsaverroes.juntadeandalucia.es\/entresierras\/files\/2026\/03\/20260320_095211-300x300.jpg\" alt=\"\" width=\"300\" height=\"300\" srcset=\"https:\/\/blogsaverroes.juntadeandalucia.es\/entresierras\/files\/2026\/03\/20260320_095211-300x300.jpg 300w, https:\/\/blogsaverroes.juntadeandalucia.es\/entresierras\/files\/2026\/03\/20260320_095211-1024x1024.jpg 1024w, https:\/\/blogsaverroes.juntadeandalucia.es\/entresierras\/files\/2026\/03\/20260320_095211-150x150.jpg 150w, https:\/\/blogsaverroes.juntadeandalucia.es\/entresierras\/files\/2026\/03\/20260320_095211-768x768.jpg 768w, https:\/\/blogsaverroes.juntadeandalucia.es\/entresierras\/files\/2026\/03\/20260320_095211-1536x1536.jpg 1536w, https:\/\/blogsaverroes.juntadeandalucia.es\/entresierras\/files\/2026\/03\/20260320_095211-80x80.jpg 80w, https:\/\/blogsaverroes.juntadeandalucia.es\/entresierras\/files\/2026\/03\/20260320_095211-320x320.jpg 320w, https:\/\/blogsaverroes.juntadeandalucia.es\/entresierras\/files\/2026\/03\/20260320_095211.jpg 1920w\" sizes=\"(max-width: 300px) 100vw, 300px\" \/> <img loading=\"lazy\" decoding=\"async\" class=\"alignnone size-medium wp-image-10796\" src=\"https:\/\/blogsaverroes.juntadeandalucia.es\/entresierras\/files\/2026\/03\/20260320_095347-300x300.jpg\" alt=\"\" width=\"300\" height=\"300\" srcset=\"https:\/\/blogsaverroes.juntadeandalucia.es\/entresierras\/files\/2026\/03\/20260320_095347-300x300.jpg 300w, https:\/\/blogsaverroes.juntadeandalucia.es\/entresierras\/files\/2026\/03\/20260320_095347-1024x1024.jpg 1024w, https:\/\/blogsaverroes.juntadeandalucia.es\/entresierras\/files\/2026\/03\/20260320_095347-150x150.jpg 150w, https:\/\/blogsaverroes.juntadeandalucia.es\/entresierras\/files\/2026\/03\/20260320_095347-768x768.jpg 768w, https:\/\/blogsaverroes.juntadeandalucia.es\/entresierras\/files\/2026\/03\/20260320_095347-1536x1536.jpg 1536w, https:\/\/blogsaverroes.juntadeandalucia.es\/entresierras\/files\/2026\/03\/20260320_095347-2048x2048.jpg 2048w, https:\/\/blogsaverroes.juntadeandalucia.es\/entresierras\/files\/2026\/03\/20260320_095347-80x80.jpg 80w, https:\/\/blogsaverroes.juntadeandalucia.es\/entresierras\/files\/2026\/03\/20260320_095347-320x320.jpg 320w\" sizes=\"(max-width: 300px) 100vw, 300px\" \/> <img loading=\"lazy\" decoding=\"async\" class=\"alignnone size-medium wp-image-10797\" src=\"https:\/\/blogsaverroes.juntadeandalucia.es\/entresierras\/files\/2026\/03\/20260320_095923-300x300.jpg\" alt=\"\" width=\"300\" height=\"300\" srcset=\"https:\/\/blogsaverroes.juntadeandalucia.es\/entresierras\/files\/2026\/03\/20260320_095923-300x300.jpg 300w, https:\/\/blogsaverroes.juntadeandalucia.es\/entresierras\/files\/2026\/03\/20260320_095923-1024x1024.jpg 1024w, https:\/\/blogsaverroes.juntadeandalucia.es\/entresierras\/files\/2026\/03\/20260320_095923-150x150.jpg 150w, https:\/\/blogsaverroes.juntadeandalucia.es\/entresierras\/files\/2026\/03\/20260320_095923-768x768.jpg 768w, https:\/\/blogsaverroes.juntadeandalucia.es\/entresierras\/files\/2026\/03\/20260320_095923-1536x1536.jpg 1536w, https:\/\/blogsaverroes.juntadeandalucia.es\/entresierras\/files\/2026\/03\/20260320_095923-80x80.jpg 80w, https:\/\/blogsaverroes.juntadeandalucia.es\/entresierras\/files\/2026\/03\/20260320_095923-320x320.jpg 320w, https:\/\/blogsaverroes.juntadeandalucia.es\/entresierras\/files\/2026\/03\/20260320_095923.jpg 1920w\" sizes=\"(max-width: 300px) 100vw, 300px\" \/><\/p>\n<div id=\"modal-calificacion\" class=\"text-center d-inline-flex\">\n<div class=\"form-group\">\n<div>&nbsp;<\/div>\n<\/div>\n<\/div>\n","protected":false},"excerpt":{"rendered":"<p>En clase de Educaci\u00f3n F\u00edsica y con la inestimable colaboraci\u00f3n del Excmo. Ayuntamiento de Purchena y de la Mejor Biblioteca P\u00fablica de Purchena, a trav\u00e9s de&nbsp; la figura de los voluntarios europeos, nuestro alumnado&#46;&#46;&#46;<\/p>\n","protected":false},"author":7709,"featured_media":10797,"comment_status":"open","ping_status":"open","sticky":false,"template":"","format":"standard","meta":{"ngg_post_thumbnail":0,"footnotes":""},"categories":[19,1],"tags":[],"aioseo_notices":[],"_links":{"self":[{"href":"https:\/\/blogsaverroes.juntadeandalucia.es\/entresierras\/wp-json\/wp\/v2\/posts\/10792"}],"collection":[{"href":"https:\/\/blogsaverroes.juntadeandalucia.es\/entresierras\/wp-json\/wp\/v2\/posts"}],"about":[{"href":"https:\/\/blogsaverroes.juntadeandalucia.es\/entresierras\/wp-json\/wp\/v2\/types\/post"}],"author":[{"embeddable":true,"href":"https:\/\/blogsaverroes.juntadeandalucia.es\/entresierras\/wp-json\/wp\/v2\/users\/7709"}],"replies":[{"embeddable":true,"href":"https:\/\/blogsaverroes.juntadeandalucia.es\/entresierras\/wp-json\/wp\/v2\/comments?post=10792"}],"version-history":[{"count":10,"href":"https:\/\/blogsaverroes.juntadeandalucia.es\/entresierras\/wp-json\/wp\/v2\/posts\/10792\/revisions"}],"predecessor-version":[{"id":10807,"href":"https:\/\/blogsaverroes.juntadeandalucia.es\/entresierras\/wp-json\/wp\/v2\/posts\/10792\/revisions\/10807"}],"wp:featuredmedia":[{"embeddable":true,"href":"https:\/\/blogsaverroes.juntadeandalucia.es\/entresierras\/wp-json\/wp\/v2\/media\/10797"}],"wp:attachment":[{"href":"https:\/\/blogsaverroes.juntadeandalucia.es\/entresierras\/wp-json\/wp\/v2\/media?parent=10792"}],"wp:term":[{"taxonomy":"category","embeddable":true,"href":"https:\/\/blogsaverroes.juntadeandalucia.es\/entresierras\/wp-json\/wp\/v2\/categories?post=10792"},{"taxonomy":"post_tag","embeddable":true,"href":"https:\/\/blogsaverroes.juntadeandalucia.es\/entresierras\/wp-json\/wp\/v2\/tags?post=10792"}],"curies":[{"name":"wp","href":"https:\/\/api.w.org\/{rel}","templated":true}]}}