{"id":1550,"date":"2016-01-27T21:25:20","date_gmt":"2016-01-27T19:25:20","guid":{"rendered":"https:\/\/iesentresierras.wordpress.com\/?p=1550"},"modified":"2016-01-27T21:25:20","modified_gmt":"2016-01-27T19:25:20","slug":"conoces-nuestros-planes-y-programas","status":"publish","type":"post","link":"https:\/\/blogsaverroes.juntadeandalucia.es\/entresierras\/2016\/01\/27\/conoces-nuestros-planes-y-programas\/","title":{"rendered":"PLANES Y PROYECTOS CURSO 2016\/2017"},"content":{"rendered":"<p style=\"text-align:left\">La cada vez m\u00e1s compleja realidad social de nuestro tiempo hace que sea necesario abordar, desde los centros educativos, todos aquellos aspectos de la misma que puedan ser mejorados a trav\u00e9s de la educaci\u00f3n, para ello disponemos de un programa de actuaciones para desarrollar las distintas tem\u00e1ticas y aspectos que preocupan a nuestra sociedad.<\/p>\n<p id=\"aui_3_2_0_1178\" style=\"text-align:left\">Abarcan desde la salud y la prevenci\u00f3n a la seguridad vial, desde el medio ambiente y el consumo responsable hasta la lectura y las bibliotecas escolares, las conmemoraciones de hechos o personajes relevantes, etc. Todo ello agrupado por tem\u00e1ticas para facilitar su organizaci\u00f3n y desarrollado.<\/p>\n<p style=\"text-align:left\">Para complementar la educaci\u00f3n integral de nuestro alumnado, y de forma transversal al curr\u00edculo, el I.E.S. Entresierras dispone este curso 2016\/2017 de los siguientes planes y programas.<\/p>\n<p>&nbsp;<\/p>\n<p><!-- \t\t@page { margin: 2cm } \t\tTD P { margin-bottom: 0cm } \t\tP { margin-bottom: 0.21cm } \t--><\/p>\n<dl>\n<dd>\n<table border=\"1\" width=\"100%\" cellspacing=\"0\" cellpadding=\"4\">\n<colgroup>\n<col width=\"82*\" \/>\n<col width=\"91*\" \/>\n<col width=\"83*\" \/> <\/colgroup>\n<tbody>\n<tr>\n<td width=\"32%\">\n<p align=\"CENTER\"><span style=\"font-size:large\"><b>TEM\u00c1TICAS<\/b><\/span><\/p>\n<\/td>\n<td width=\"36%\">\n<p align=\"CENTER\"><span style=\"font-size:large\"><b>PLAN\/PROYECTO<\/b><\/span><\/p>\n<\/td>\n<td width=\"32%\">\n<p align=\"CENTER\"><span style=\"font-size:large\"><b>COORDINADOR\/A<\/b><\/span><\/p>\n<\/td>\n<\/tr>\n<tr>\n<td rowspan=\"3\" bgcolor=\"#ff99ff\" width=\"32%\">\n<p align=\"CENTER\"><b>CONVIVENCIA Y COEDUCACI\u00d3N<\/b><\/p>\n<\/td>\n<td bgcolor=\"#ff99ff\" width=\"36%\">\n<p align=\"CENTER\"><b>PLAN DE IGUALDAD<\/b><\/p>\n<\/td>\n<td bgcolor=\"#ff99ff\" width=\"32%\">\n<p align=\"CENTER\">DOLORES MESAS CARRIZO<\/p>\n<\/td>\n<\/tr>\n<tr>\n<td bgcolor=\"#ff99ff\" width=\"36%\">\n<p align=\"CENTER\"><b>CONVIVENCIA ESCOLAR<\/b><\/p>\n<\/td>\n<td bgcolor=\"#ff99ff\" width=\"32%\">\n<p align=\"CENTER\">FRANCISCO CID BAREA<\/p>\n<\/td>\n<\/tr>\n<tr>\n<td bgcolor=\"#ff99ff\" width=\"36%\">\n<p align=\"CENTER\"><b>ESCUELAS ESPACIO DE PAZ <\/b><\/p>\n<\/td>\n<td bgcolor=\"#ff99ff\" width=\"32%\">\n<p align=\"CENTER\">SONIA RODR\u00cdGUEZ VALD\u00c9S<\/p>\n<\/td>\n<\/tr>\n<tr>\n<td rowspan=\"2\" bgcolor=\"#99ccff\" width=\"32%\">\n<p align=\"CENTER\"><b>TIC<\/b><\/p>\n<\/td>\n<td bgcolor=\"#99ccff\" width=\"36%\">\n<p align=\"CENTER\"><b>PROYECTOS CENTRO TIC<\/b><\/p>\n<\/td>\n<td bgcolor=\"#99ccff\" width=\"32%\">\n<p align=\"CENTER\">PEDRO MORENO BARRERA<\/p>\n<\/td>\n<\/tr>\n<tr>\n<td bgcolor=\"#99ccff\" width=\"36%\">\n<p align=\"CENTER\"><b>ESCUELA TIC 2.0<\/b><\/p>\n<\/td>\n<td bgcolor=\"#99ccff\" width=\"32%\">\n<p align=\"CENTER\">PEDRO MORENO BARRERA<\/p>\n<\/td>\n<\/tr>\n<tr>\n<td rowspan=\"3\" bgcolor=\"#ffff99\" width=\"32%\">\n<p align=\"CENTER\"><b>SALUD E HIGIENE<\/b><\/p>\n<\/td>\n<td bgcolor=\"#ffff99\" width=\"36%\">\n<p align=\"CENTER\"><b>PLAN DE SALUD LABORAL<\/b><\/p>\n<\/td>\n<td bgcolor=\"#ffff99\" width=\"32%\">\n<p align=\"CENTER\">ANDR\u00c9S FRANCO PASTOR<\/p>\n<\/td>\n<\/tr>\n<tr>\n<td bgcolor=\"#ffff99\" width=\"36%\">\n<p align=\"CENTER\"><b>FORMA JOVEN<\/b><\/p>\n<\/td>\n<td bgcolor=\"#ffff99\" width=\"32%\">\n<p align=\"CENTER\">ANA BEL\u00c9N RESINA MART\u00cdNEZ<\/p>\n<\/td>\n<\/tr>\n<tr>\n<td bgcolor=\"#ffff99\" width=\"36%\">\n<p align=\"CENTER\"><b>INNICIA<\/b><\/p>\n<\/td>\n<td bgcolor=\"#ffff99\" width=\"32%\">\n<p align=\"CENTER\">FRANCISCO FERN\u00c1NDEZ<\/p>\n<p align=\"CENTER\">BOCANEGRA<\/p>\n<\/td>\n<\/tr>\n<tr>\n<td rowspan=\"2\" bgcolor=\"#99ff99\" width=\"32%\">\n<p align=\"CENTER\"><b>MEDIO AMBIENTE<\/b><\/p>\n<\/td>\n<td bgcolor=\"#99ff99\" width=\"36%\">\n<p align=\"CENTER\"><b>ECOESCUELAS<\/b><\/p>\n<\/td>\n<td bgcolor=\"#99ff99\" width=\"32%\">\n<p align=\"CENTER\">JUAN LU\u00cdS TORRES ARIAS<\/p>\n<\/td>\n<\/tr>\n<tr>\n<td bgcolor=\"#99ff99\" width=\"36%\">\n<p align=\"CENTER\"><b>ALDEA, EDUCACI\u00d3N AMBIENTAL<\/b><\/p>\n<\/td>\n<td bgcolor=\"#99ff99\" width=\"32%\">\n<p align=\"CENTER\">YOLANDA MART\u00cdN VARGAS<\/p>\n<\/td>\n<\/tr>\n<tr>\n<td bgcolor=\"#e6e6ff\" width=\"32%\">\n<p align=\"CENTER\"><b>PLAN LECTOR<\/b><\/p>\n<\/td>\n<td bgcolor=\"#e6e6ff\" width=\"36%\">\n<p align=\"CENTER\"><b>ORGANIZACI\u00d3N Y FUNCIONAMIENTO BIBLIOTECAS<\/b><\/p>\n<\/td>\n<td bgcolor=\"#e6e6ff\" width=\"32%\">\n<p align=\"CENTER\">MERCEDES ROJO S\u00c1NCHEZ<\/p>\n<\/td>\n<\/tr>\n<\/tbody>\n<\/table>\n<\/dd>\n<\/dl>\n<p>&nbsp;<\/p>\n<p>&nbsp;<\/p>\n<p>&nbsp;<\/p>\n","protected":false},"excerpt":{"rendered":"<p>La cada vez m\u00e1s compleja realidad social de nuestro tiempo hace que sea necesario abordar, desde los centros educativos, todos aquellos aspectos de la misma que puedan ser mejorados a trav\u00e9s de la educaci\u00f3n,&#46;&#46;&#46;<\/p>\n","protected":false},"author":14594,"featured_media":0,"comment_status":"open","ping_status":"open","sticky":false,"template":"","format":"standard","meta":{"ngg_post_thumbnail":0,"footnotes":""},"categories":[36],"tags":[],"aioseo_notices":[],"_links":{"self":[{"href":"https:\/\/blogsaverroes.juntadeandalucia.es\/entresierras\/wp-json\/wp\/v2\/posts\/1550"}],"collection":[{"href":"https:\/\/blogsaverroes.juntadeandalucia.es\/entresierras\/wp-json\/wp\/v2\/posts"}],"about":[{"href":"https:\/\/blogsaverroes.juntadeandalucia.es\/entresierras\/wp-json\/wp\/v2\/types\/post"}],"author":[{"embeddable":true,"href":"https:\/\/blogsaverroes.juntadeandalucia.es\/entresierras\/wp-json\/wp\/v2\/users\/14594"}],"replies":[{"embeddable":true,"href":"https:\/\/blogsaverroes.juntadeandalucia.es\/entresierras\/wp-json\/wp\/v2\/comments?post=1550"}],"version-history":[{"count":0,"href":"https:\/\/blogsaverroes.juntadeandalucia.es\/entresierras\/wp-json\/wp\/v2\/posts\/1550\/revisions"}],"wp:attachment":[{"href":"https:\/\/blogsaverroes.juntadeandalucia.es\/entresierras\/wp-json\/wp\/v2\/media?parent=1550"}],"wp:term":[{"taxonomy":"category","embeddable":true,"href":"https:\/\/blogsaverroes.juntadeandalucia.es\/entresierras\/wp-json\/wp\/v2\/categories?post=1550"},{"taxonomy":"post_tag","embeddable":true,"href":"https:\/\/blogsaverroes.juntadeandalucia.es\/entresierras\/wp-json\/wp\/v2\/tags?post=1550"}],"curies":[{"name":"wp","href":"https:\/\/api.w.org\/{rel}","templated":true}]}}