{"id":3486,"date":"2019-04-01T18:16:36","date_gmt":"2019-04-01T16:16:36","guid":{"rendered":"https:\/\/iesentresierras.wordpress.com\/?p=3486"},"modified":"2019-04-01T18:16:36","modified_gmt":"2019-04-01T16:16:36","slug":"3486","status":"publish","type":"post","link":"https:\/\/blogsaverroes.juntadeandalucia.es\/entresierras\/2019\/04\/01\/3486\/","title":{"rendered":"El Lazarillo de Tormes visita Purchena"},"content":{"rendered":"<p><img loading=\"lazy\" decoding=\"async\" class=\"  wp-image-3487 aligncenter\" src=\"https:\/\/iesentresierras.files.wordpress.com\/2019\/04\/55940005_10157112038592378_5829575440326459392_o.jpg\" alt=\"55940005_10157112038592378_5829575440326459392_o\" width=\"257\" height=\"193\"><\/p>\n<p>El pasado jueves nuestro alumnado se desplaz\u00f3 al sal\u00f3n de actos municipal para disfrutar de un estupenda y divertida obra de teatro \u00abEl Lazarillo de Tormes\u00bb representada por la compa\u00f1\u00eda \u00abAlbacity\u00bb, siendo esta una&nbsp; actividad incluida en&nbsp; el Mes del Libro en Purchena.<!--more--><\/p>\n<p><img loading=\"lazy\" decoding=\"async\" class=\"  wp-image-3489 alignleft\" src=\"https:\/\/iesentresierras.files.wordpress.com\/2019\/04\/56431023_10157112038517378_2969627984312401920_o.jpg\" alt=\"56431023_10157112038517378_2969627984312401920_o\" width=\"192\" height=\"144\">El actor Antonio Campos, nominado a mejor actor en los premios Max 2019, quien represent\u00f3 hasta ocho personajes, acompa\u00f1ado a la guitarra por el maestro Jos\u00e9 Luis Mont\u00f3n, atraparon a nuestros j\u00f3venes alumnos con el humor, la&nbsp;<span class=\"text_exposed_show\">iron\u00eda y la cr\u00edtica social de este cl\u00e1sico de nuestro Siglo de Oro.<\/span><\/p>\n<div class=\"text_exposed_show\">\n<p>Esta representaci\u00f3n, subvencionada por la Diputaci\u00f3n de Almer\u00eda, forma parte as\u00ed mismo de la programaci\u00f3n de las Jornadas de Teatro del Siglo de Oro de Almer\u00eda.<\/p>\n<p><img loading=\"lazy\" decoding=\"async\" class=\"alignnone  wp-image-3488 aligncenter\" src=\"https:\/\/iesentresierras.files.wordpress.com\/2019\/04\/56201097_10157112038382378_2386929127018987520_o-1.jpg\" alt=\"56201097_10157112038382378_2386929127018987520_o (1)\" width=\"476\" height=\"357\"><\/p>\n<p>&nbsp;<\/p>\n<\/div>\n","protected":false},"excerpt":{"rendered":"<p>El pasado jueves nuestro alumnado se desplaz\u00f3 al sal\u00f3n de actos municipal para disfrutar de un estupenda y divertida obra de teatro \u00abEl Lazarillo de Tormes\u00bb representada por la compa\u00f1\u00eda \u00abAlbacity\u00bb, siendo esta una&nbsp;&#46;&#46;&#46;<\/p>\n","protected":false},"author":14594,"featured_media":0,"comment_status":"open","ping_status":"open","sticky":false,"template":"","format":"standard","meta":{"ngg_post_thumbnail":0,"footnotes":""},"categories":[2,3,25],"tags":[],"aioseo_notices":[],"_links":{"self":[{"href":"https:\/\/blogsaverroes.juntadeandalucia.es\/entresierras\/wp-json\/wp\/v2\/posts\/3486"}],"collection":[{"href":"https:\/\/blogsaverroes.juntadeandalucia.es\/entresierras\/wp-json\/wp\/v2\/posts"}],"about":[{"href":"https:\/\/blogsaverroes.juntadeandalucia.es\/entresierras\/wp-json\/wp\/v2\/types\/post"}],"author":[{"embeddable":true,"href":"https:\/\/blogsaverroes.juntadeandalucia.es\/entresierras\/wp-json\/wp\/v2\/users\/14594"}],"replies":[{"embeddable":true,"href":"https:\/\/blogsaverroes.juntadeandalucia.es\/entresierras\/wp-json\/wp\/v2\/comments?post=3486"}],"version-history":[{"count":0,"href":"https:\/\/blogsaverroes.juntadeandalucia.es\/entresierras\/wp-json\/wp\/v2\/posts\/3486\/revisions"}],"wp:attachment":[{"href":"https:\/\/blogsaverroes.juntadeandalucia.es\/entresierras\/wp-json\/wp\/v2\/media?parent=3486"}],"wp:term":[{"taxonomy":"category","embeddable":true,"href":"https:\/\/blogsaverroes.juntadeandalucia.es\/entresierras\/wp-json\/wp\/v2\/categories?post=3486"},{"taxonomy":"post_tag","embeddable":true,"href":"https:\/\/blogsaverroes.juntadeandalucia.es\/entresierras\/wp-json\/wp\/v2\/tags?post=3486"}],"curies":[{"name":"wp","href":"https:\/\/api.w.org\/{rel}","templated":true}]}}