{"id":5714,"date":"2022-01-19T18:45:00","date_gmt":"2022-01-19T16:45:00","guid":{"rendered":"https:\/\/iesentresierras.wordpress.com\/?p=5714"},"modified":"2022-01-19T18:45:00","modified_gmt":"2022-01-19T16:45:00","slug":"5714","status":"publish","type":"post","link":"https:\/\/blogsaverroes.juntadeandalucia.es\/entresierras\/2022\/01\/19\/5714\/","title":{"rendered":"ACTUACIONES PARA LA PREVENCI\u00d3N DE LA VIOLENCIA DE G\u00c9NERO EN EL I.E.S. ENTRESIERRAS (PACTO DE ESTADO CONTRA LA VIOLENCIA DE G\u00c9NERO)"},"content":{"rendered":"\n<div class=\"wp-block-image\"><figure class=\"aligncenter size-large is-resized\"><a href=\"https:\/\/iesentresierras.files.wordpress.com\/2020\/01\/logo_pacto_de_estado_pq-1.jpg\"><img loading=\"lazy\" decoding=\"async\" src=\"https:\/\/iesentresierras.files.wordpress.com\/2020\/01\/logo_pacto_de_estado_pq-1.jpg?w=556\" alt=\"\" class=\"wp-image-4251\" width=\"278\" height=\"222\" \/><\/a><\/figure><\/div>\n\n\n\n<p>El IES Entresierras muestra, una vez m\u00e1s, su compromiso en la lucha contra la violencia de g\u00e9nero. Portercer curso consecutivo, hemos presentado un proyecto con diferentes propuestas de actuaciones y medidas preventivas en materia de violencia de g\u00e9nero que deber\u00e1n ser llevadas a cabo hasta mayo de 2022.<\/p>\n\n\n\n<p>Es esta una convocotoria, ofertada por la Junta de Andaluc\u00eda,&nbsp; de una actuaci\u00f3n dentro del Pacto de Estado Contra la Violencia de G\u00e9nero,&nbsp; destinada a regular las medidas y actuaciones para la prevenci\u00f3n de la violencia de g\u00e9nero en el \u00e1mbito educativo.<\/p>\n\n\n\n<!--more-->\n\n\n\n<div class=\"wp-block-image\"><figure class=\"alignleft size-large is-resized\"><a href=\"https:\/\/iesentresierras.files.wordpress.com\/2020\/11\/img-20201125-wa0055.jpg\"><img loading=\"lazy\" decoding=\"async\" src=\"https:\/\/iesentresierras.files.wordpress.com\/2020\/11\/img-20201125-wa0055.jpg?w=1024\" alt=\"\" class=\"wp-image-5514\" width=\"353\" height=\"264\" \/><\/a><\/figure><\/div>\n\n\n\n<p>La eliminaci\u00f3n de la violencia contra las mujeres, uno de los problemas m\u00e1s graves y complejos que afronta nuestra sociedad, es una tarea conjunta que requiere la colaboraci\u00f3n y cooperaci\u00f3n de multitud de agentes, tanto p\u00fablicos como privados. Es la sociedad en su totalidad la que debe implicarse para lograr su erradicaci\u00f3n.<\/p>\n\n\n\n<p>En este cometido destaca el papel clave e indispensable de los centros docentes por ser contextos privilegiados para fomentar valores igualitarios, libres de prejuicios y de estereotipos sexistas y para proporcionar modelos de relaciones interpersonales basadas en el respeto y el rechazo de cualquier tipo de violencia.<\/p>\n\n\n\n<p>Objetivos:<\/p>\n\n\n\n<ul><li>Promover programas de educaci\u00f3n emocional y de resoluci\u00f3n pac\u00edfica de conflictos que permitan el establecimiento de relaciones de equidad que protejan de cualquier situaci\u00f3n de violencia.<\/li><li>Impulsar, entre los centros docentes, actuaciones formativas en materia de prevenci\u00f3n de la violencia de g\u00e9nero como factor clave que fortalezca a adolescentes ante el riesgo de padecerla o ejercerla.<\/li><li>Desarrollar entre el alumnado la capacidad para percibir e identificar conductas sexistas en situaciones cotidianas de su vida.<\/li><li>Implicar a la comunidad educativa en el desarrollo de medidas que promuevan la igualdad y la prevenci\u00f3n de la violencia de g\u00e9nero.<\/li><li>Favorecer la creaci\u00f3n de recursos did\u00e1cticos que puedan ser extrapolables a otros centros docentes y que se conviertan en sostenibles en el tiempo.<\/li><\/ul>\n\n\n\n<p>Este proyecto ha sido realizado por la coordinadora del Plan de Igualdad y el equipo directivo de nuestro centro educativo, siendo recientemente aprobado, por lo que, durante el presente curso escolar, el IES Entresierras va a realizar diversas actividades destinadas a luchar contra la violencia de g\u00e9nero entre las que se encuentran:<\/p>\n\n\n\n<ul><li>Concursos que promuevan la igualdad y la no violencia.<\/li><li>An\u00e1lisis de canciones con contenido tanto igualitario como machista.<\/li><li>Debate de pel\u00edculas con diferentes roles de la mujer.<\/li><li>Gymkana de la No Violencia.<\/li><li>Videos de TIKTOk e im\u00e1gines en Instagram.<\/li><li>Camisetas con logo creado por el alumnado.<\/li><li>Creaci\u00f3n de v\u00eddeos de mujeres empoderadas.<\/li><li>Murales prevenci\u00f3n de la violencia de g\u00e9nero en diversos idiomas.<\/li><li>Charlas y talleres sobre igualdad de g\u00e9nero.<\/li><li>Carteler\u00eda destinada al visionado y exposici\u00f3n de la igualdad y desigualdad de g\u00e9nero en nuestra sociedad.<\/li><li>Elaboraci\u00f3n de v\u00eddeos para prevenir la violencia de g\u00e9nero<\/li><\/ul>\n\n\n\n<p>Os dejamos aqu\u00ed algunas muestras gr\u00e1ficas de las actuaciones realizadas en cursos anteriores en nuestro centro educativo gracias al Pacto de Estado Contra la Violencia de G\u00e9nero:<\/p>\n\n\n\n<figure class=\"wp-block-gallery has-nested-images columns-default is-cropped wp-block-gallery-1 is-layout-flex wp-block-gallery-is-layout-flex\">\n<figure class=\"wp-block-image size-large\"><a href=\"https:\/\/iesentresierras.files.wordpress.com\/2020\/12\/aseos.jpg\"><img decoding=\"async\" data-id=\"5727\" src=\"https:\/\/iesentresierras.files.wordpress.com\/2020\/12\/aseos.jpg?w=1024\" alt=\"\" class=\"wp-image-5727\" \/><\/a><\/figure>\n\n\n\n<figure class=\"wp-block-image size-large\"><a href=\"https:\/\/iesentresierras.files.wordpress.com\/2020\/12\/escalera.jpg\"><img decoding=\"async\" data-id=\"5729\" src=\"https:\/\/iesentresierras.files.wordpress.com\/2020\/12\/escalera.jpg?w=768\" alt=\"\" class=\"wp-image-5729\" \/><\/a><\/figure>\n\n\n\n<figure class=\"wp-block-image size-large\"><a href=\"https:\/\/iesentresierras.files.wordpress.com\/2020\/12\/asesos-3.jpg\"><img decoding=\"async\" data-id=\"5728\" src=\"https:\/\/iesentresierras.files.wordpress.com\/2020\/12\/asesos-3.jpg?w=768\" alt=\"\" class=\"wp-image-5728\" \/><\/a><\/figure>\n\n\n\n<figure class=\"wp-block-image size-large\"><a href=\"https:\/\/iesentresierras.files.wordpress.com\/2020\/11\/img-20201125-wa0056.jpg\"><img decoding=\"async\" data-id=\"5522\" src=\"https:\/\/iesentresierras.files.wordpress.com\/2020\/11\/img-20201125-wa0056.jpg?w=768\" alt=\"\" class=\"wp-image-5522\" \/><\/a><\/figure>\n\n\n\n<figure class=\"wp-block-image size-large\"><a href=\"https:\/\/iesentresierras.files.wordpress.com\/2020\/11\/3e4ad454-d13b-4e48-b04b-7be0ebc5db6d.jpg\"><img decoding=\"async\" data-id=\"5539\" src=\"https:\/\/iesentresierras.files.wordpress.com\/2020\/11\/3e4ad454-d13b-4e48-b04b-7be0ebc5db6d.jpg?w=769\" alt=\"\" class=\"wp-image-5539\" \/><\/a><\/figure>\n\n\n\n<figure class=\"wp-block-image size-large\"><a href=\"https:\/\/iesentresierras.files.wordpress.com\/2020\/11\/mafalda.jpg\"><img decoding=\"async\" data-id=\"5516\" src=\"https:\/\/iesentresierras.files.wordpress.com\/2020\/11\/mafalda.jpg?w=552\" alt=\"\" class=\"wp-image-5516\" \/><\/a><\/figure>\n\n\n\n<figure class=\"wp-block-image size-large\"><a href=\"https:\/\/iesentresierras.files.wordpress.com\/2020\/11\/img-20201125-wa0051.jpg\"><img decoding=\"async\" data-id=\"5509\" src=\"https:\/\/iesentresierras.files.wordpress.com\/2020\/11\/img-20201125-wa0051.jpg?w=1024\" alt=\"\" class=\"wp-image-5509\" \/><\/a><\/figure>\n<\/figure>\n","protected":false},"excerpt":{"rendered":"<p>El IES Entresierras muestra, una vez m\u00e1s, su compromiso en la lucha contra la violencia de g\u00e9nero. Portercer curso consecutivo, hemos presentado un proyecto con diferentes propuestas de actuaciones y medidas preventivas en materia&#46;&#46;&#46;<\/p>\n","protected":false},"author":14594,"featured_media":0,"comment_status":"open","ping_status":"open","sticky":false,"template":"","format":"standard","meta":{"ngg_post_thumbnail":0,"footnotes":""},"categories":[29],"tags":[],"aioseo_notices":[],"_links":{"self":[{"href":"https:\/\/blogsaverroes.juntadeandalucia.es\/entresierras\/wp-json\/wp\/v2\/posts\/5714"}],"collection":[{"href":"https:\/\/blogsaverroes.juntadeandalucia.es\/entresierras\/wp-json\/wp\/v2\/posts"}],"about":[{"href":"https:\/\/blogsaverroes.juntadeandalucia.es\/entresierras\/wp-json\/wp\/v2\/types\/post"}],"author":[{"embeddable":true,"href":"https:\/\/blogsaverroes.juntadeandalucia.es\/entresierras\/wp-json\/wp\/v2\/users\/14594"}],"replies":[{"embeddable":true,"href":"https:\/\/blogsaverroes.juntadeandalucia.es\/entresierras\/wp-json\/wp\/v2\/comments?post=5714"}],"version-history":[{"count":0,"href":"https:\/\/blogsaverroes.juntadeandalucia.es\/entresierras\/wp-json\/wp\/v2\/posts\/5714\/revisions"}],"wp:attachment":[{"href":"https:\/\/blogsaverroes.juntadeandalucia.es\/entresierras\/wp-json\/wp\/v2\/media?parent=5714"}],"wp:term":[{"taxonomy":"category","embeddable":true,"href":"https:\/\/blogsaverroes.juntadeandalucia.es\/entresierras\/wp-json\/wp\/v2\/categories?post=5714"},{"taxonomy":"post_tag","embeddable":true,"href":"https:\/\/blogsaverroes.juntadeandalucia.es\/entresierras\/wp-json\/wp\/v2\/tags?post=5714"}],"curies":[{"name":"wp","href":"https:\/\/api.w.org\/{rel}","templated":true}]}}