{"id":6946,"date":"2022-01-13T22:24:45","date_gmt":"2022-01-13T20:24:45","guid":{"rendered":"https:\/\/iesentresierras.wordpress.com\/?p=6946"},"modified":"2022-01-13T22:24:45","modified_gmt":"2022-01-13T20:24:45","slug":"andalucia-profundiza-robotica","status":"publish","type":"post","link":"https:\/\/blogsaverroes.juntadeandalucia.es\/entresierras\/2022\/01\/13\/andalucia-profundiza-robotica\/","title":{"rendered":"ANDALUC\u00cdA PROFUNDIZA: ROB\u00d3TICA"},"content":{"rendered":"\n<div class=\"wp-block-image\"><figure class=\"aligncenter size-large is-resized\"><a href=\"https:\/\/iesentresierras.files.wordpress.com\/2022\/01\/indice.png\"><img loading=\"lazy\" decoding=\"async\" src=\"https:\/\/iesentresierras.files.wordpress.com\/2022\/01\/indice.png?w=254\" alt=\"\" class=\"wp-image-6948\" width=\"306\" height=\"116\" \/><\/a><\/figure><\/div>\n\n\n\n<p id=\"aui_3_2_0_1150\">Un nuevo curso, el I.E.S. Entresierras ha sido seleccionado como centro \u201cAndaluc\u00eda Profundiza\u201d, a trav\u00e9s de un proyecto centrado en la <strong>Rob\u00f3tica <\/strong>que se va a llevar a cabo en nuestro Instituto durante los meses de&nbsp; marzo, abril y mayo: \u201c<strong>App inventor e impresi\u00f3n en 3D\u00bb<\/strong><\/p>\n\n\n\n<p>Andaluc\u00eda Profundiza es un programa para la profundizaci\u00f3n de conocimientos en Educaci\u00f3n Primaria y Educaci\u00f3n Secundaria Obligatoria, dirigido preferentemente a alumnos de altas capacidades o alumnado que tengan inter\u00e9s por ampliar contenidos.<\/p>\n\n\n\n<div class=\"wp-block-image\"><figure class=\"alignleft size-large is-resized\"><a href=\"https:\/\/iesentresierras.files.wordpress.com\/2022\/01\/img-20220113-wa0031-1.jpg\"><img loading=\"lazy\" decoding=\"async\" src=\"https:\/\/iesentresierras.files.wordpress.com\/2022\/01\/img-20220113-wa0031-1.jpg?w=768\" alt=\"\" class=\"wp-image-6949\" width=\"173\" height=\"231\" \/><\/a><\/figure><\/div>\n\n\n\n<p>Dos grupos de alumnos (uno de 1\u00ba y 2\u00ba ESO y el otro de 3\u00ba y 4\u00ba ESO), con&nbsp; inquietudes por la ciencia y la investigaci\u00f3n, participa, en horario extraescolar (lunes y jueves), en este proyecto de profundizaci\u00f3n en la rob\u00f3tica destinado a fomentar su capacidad intelectual e innovadora, tomando como centro de inter\u00e9s elementos del propio curr\u00edculo, lo que les permitir\u00e1n abordar el conocimiento desde otras perspectivas y desarrollar de manera activa las competencias clave.<\/p>\n\n\n\n<!--more-->\n\n\n\n<p>Como cada curso, desde el I.E.S. Entresierras buscamos ampliar la oferta de actividades para conseguir la excelente calidad educativa que venimos desarrollando en los \u00faltimos a\u00f1os.<\/p>\n\n\n\n<figure class=\"wp-block-gallery has-nested-images columns-default is-cropped wp-block-gallery-1 is-layout-flex wp-block-gallery-is-layout-flex\">\n<figure class=\"wp-block-image size-large\"><a href=\"https:\/\/iesentresierras.files.wordpress.com\/2022\/01\/img-20220113-wa0020.jpg\"><img decoding=\"async\" data-id=\"6953\" src=\"https:\/\/iesentresierras.files.wordpress.com\/2022\/01\/img-20220113-wa0020.jpg?w=768\" alt=\"\" class=\"wp-image-6953\" \/><\/a><\/figure>\n\n\n\n<figure class=\"wp-block-image size-large\"><a href=\"https:\/\/iesentresierras.files.wordpress.com\/2022\/01\/img-20220113-wa0024.jpg\"><img decoding=\"async\" data-id=\"6956\" src=\"https:\/\/iesentresierras.files.wordpress.com\/2022\/01\/img-20220113-wa0024.jpg?w=1024\" alt=\"\" class=\"wp-image-6956\" \/><\/a><\/figure>\n\n\n\n<figure class=\"wp-block-image size-large\"><a href=\"https:\/\/iesentresierras.files.wordpress.com\/2022\/01\/img-20220113-wa0026.jpg\"><img decoding=\"async\" data-id=\"6954\" src=\"https:\/\/iesentresierras.files.wordpress.com\/2022\/01\/img-20220113-wa0026.jpg?w=768\" alt=\"\" class=\"wp-image-6954\" \/><\/a><\/figure>\n\n\n\n<figure class=\"wp-block-image size-large\"><a href=\"https:\/\/iesentresierras.files.wordpress.com\/2022\/01\/img-20220113-wa0029.jpg\"><img decoding=\"async\" data-id=\"6955\" src=\"https:\/\/iesentresierras.files.wordpress.com\/2022\/01\/img-20220113-wa0029.jpg?w=1024\" alt=\"\" class=\"wp-image-6955\" \/><\/a><\/figure>\n\n\n\n<figure class=\"wp-block-image size-large\"><a href=\"https:\/\/iesentresierras.files.wordpress.com\/2022\/01\/img-20220113-wa0030.jpg\"><img decoding=\"async\" data-id=\"6957\" src=\"https:\/\/iesentresierras.files.wordpress.com\/2022\/01\/img-20220113-wa0030.jpg?w=768\" alt=\"\" class=\"wp-image-6957\" \/><\/a><\/figure>\n\n\n\n<figure class=\"wp-block-image size-large\"><a href=\"https:\/\/iesentresierras.files.wordpress.com\/2022\/01\/img-20220113-wa0032.jpg\"><img decoding=\"async\" data-id=\"6951\" src=\"https:\/\/iesentresierras.files.wordpress.com\/2022\/01\/img-20220113-wa0032.jpg?w=768\" alt=\"\" class=\"wp-image-6951\" \/><\/a><\/figure>\n\n\n\n<figure class=\"wp-block-image size-large\"><a href=\"https:\/\/iesentresierras.files.wordpress.com\/2022\/01\/img-20220113-wa0033.jpg\"><img decoding=\"async\" data-id=\"6952\" src=\"https:\/\/iesentresierras.files.wordpress.com\/2022\/01\/img-20220113-wa0033.jpg?w=768\" alt=\"\" class=\"wp-image-6952\" \/><\/a><\/figure>\n<\/figure>\n","protected":false},"excerpt":{"rendered":"<p>Un nuevo curso, el I.E.S. Entresierras ha sido seleccionado como centro \u201cAndaluc\u00eda Profundiza\u201d, a trav\u00e9s de un proyecto centrado en la Rob\u00f3tica que se va a llevar a cabo en nuestro Instituto durante los&#46;&#46;&#46;<\/p>\n","protected":false},"author":14594,"featured_media":0,"comment_status":"open","ping_status":"open","sticky":false,"template":"","format":"standard","meta":{"ngg_post_thumbnail":0,"footnotes":""},"categories":[6,12,13],"tags":[],"aioseo_notices":[],"_links":{"self":[{"href":"https:\/\/blogsaverroes.juntadeandalucia.es\/entresierras\/wp-json\/wp\/v2\/posts\/6946"}],"collection":[{"href":"https:\/\/blogsaverroes.juntadeandalucia.es\/entresierras\/wp-json\/wp\/v2\/posts"}],"about":[{"href":"https:\/\/blogsaverroes.juntadeandalucia.es\/entresierras\/wp-json\/wp\/v2\/types\/post"}],"author":[{"embeddable":true,"href":"https:\/\/blogsaverroes.juntadeandalucia.es\/entresierras\/wp-json\/wp\/v2\/users\/14594"}],"replies":[{"embeddable":true,"href":"https:\/\/blogsaverroes.juntadeandalucia.es\/entresierras\/wp-json\/wp\/v2\/comments?post=6946"}],"version-history":[{"count":0,"href":"https:\/\/blogsaverroes.juntadeandalucia.es\/entresierras\/wp-json\/wp\/v2\/posts\/6946\/revisions"}],"wp:attachment":[{"href":"https:\/\/blogsaverroes.juntadeandalucia.es\/entresierras\/wp-json\/wp\/v2\/media?parent=6946"}],"wp:term":[{"taxonomy":"category","embeddable":true,"href":"https:\/\/blogsaverroes.juntadeandalucia.es\/entresierras\/wp-json\/wp\/v2\/categories?post=6946"},{"taxonomy":"post_tag","embeddable":true,"href":"https:\/\/blogsaverroes.juntadeandalucia.es\/entresierras\/wp-json\/wp\/v2\/tags?post=6946"}],"curies":[{"name":"wp","href":"https:\/\/api.w.org\/{rel}","templated":true}]}}