{"id":7575,"date":"2024-10-01T11:50:57","date_gmt":"2024-10-01T09:50:57","guid":{"rendered":"https:\/\/blogsaverroes.juntadeandalucia.es\/entresierras\/?p=7575"},"modified":"2025-11-04T11:19:44","modified_gmt":"2025-11-04T09:19:44","slug":"7575","status":"publish","type":"post","link":"https:\/\/blogsaverroes.juntadeandalucia.es\/entresierras\/2024\/10\/01\/7575\/","title":{"rendered":"PLANES Y PROYECTOS DEL IES ENTRESIERRAS"},"content":{"rendered":"<p><img loading=\"lazy\" decoding=\"async\" class=\"aligncenter wp-image-7582\" src=\"https:\/\/blogsaverroes.juntadeandalucia.es\/entresierras\/files\/2022\/09\/planes-y-proyectos.jpeg\" alt=\"\" width=\"316\" height=\"185\"><\/p>\n<p>La cada vez m\u00e1s compleja realidad social de nuestro tiempo hace que sea necesario abordar, desde el sistema educativo, todos aquellos aspectos de la misma que puedan ser mejorados a trav\u00e9s de la educaci\u00f3n. Desde hace ya a\u00f1os se viene completando y dise\u00f1ando un variado programa de actuaciones para desarrollar las distintas tem\u00e1ticas y aspectos que preocupan en nuestra sociedad, tanto en los centros educativos como fuera de ellos.<\/p>\n<p>En su m\u00e1ximo nivel de concreci\u00f3n, las actuaciones de los planes y programas abarcan desde la salud y la prevenci\u00f3n a la seguridad vial, desde el medio ambiente y el consumo responsable hasta la lectura y las bibliotecas escolares, las conmemoraciones de hechos o personajes relevantes, el flamenco, etc. Todo ello agrupado por tem\u00e1ticas para facilitar su localizaci\u00f3n y desarrollado en portales educativos espec\u00edficos.<\/p>\n<p>Este curso 2025\/2026, vamos a dar un enfoque global e interdisciplinar a los Planes y Proyectos del IES Entresierras, desde una tem\u00e1tica com\u00fan para todas las actuaciones realizadas, independientemente del Plan, Proyecto o&nbsp; Programa. <strong>Entresierras Ol\u00edmpico<\/strong>, ha sido la tem\u00e1tica escogida por los coordinadores, como nexo de uni\u00f3n a todos nuestros planes y programas.<\/p>\n<p>En el siguiente enlace pueden descargar nuestros planes, proyectos y programas para el curso 2025\/2026:<\/p>\n<p><a href=\"https:\/\/blogsaverroes.juntadeandalucia.es\/entresierras\/files\/2024\/10\/PLANES-Y-PROYECTOS-2025_2026.pdf\">PLANES Y PROYECTOS 2025_2026<\/a><\/p>\n","protected":false},"excerpt":{"rendered":"<p>La cada vez m\u00e1s compleja realidad social de nuestro tiempo hace que sea necesario abordar, desde el sistema educativo, todos aquellos aspectos de la misma que puedan ser mejorados a trav\u00e9s de la educaci\u00f3n.&#46;&#46;&#46;<\/p>\n","protected":false},"author":7709,"featured_media":7582,"comment_status":"open","ping_status":"open","sticky":false,"template":"","format":"standard","meta":{"ngg_post_thumbnail":0,"footnotes":""},"categories":[30],"tags":[],"aioseo_notices":[],"_links":{"self":[{"href":"https:\/\/blogsaverroes.juntadeandalucia.es\/entresierras\/wp-json\/wp\/v2\/posts\/7575"}],"collection":[{"href":"https:\/\/blogsaverroes.juntadeandalucia.es\/entresierras\/wp-json\/wp\/v2\/posts"}],"about":[{"href":"https:\/\/blogsaverroes.juntadeandalucia.es\/entresierras\/wp-json\/wp\/v2\/types\/post"}],"author":[{"embeddable":true,"href":"https:\/\/blogsaverroes.juntadeandalucia.es\/entresierras\/wp-json\/wp\/v2\/users\/7709"}],"replies":[{"embeddable":true,"href":"https:\/\/blogsaverroes.juntadeandalucia.es\/entresierras\/wp-json\/wp\/v2\/comments?post=7575"}],"version-history":[{"count":7,"href":"https:\/\/blogsaverroes.juntadeandalucia.es\/entresierras\/wp-json\/wp\/v2\/posts\/7575\/revisions"}],"predecessor-version":[{"id":10415,"href":"https:\/\/blogsaverroes.juntadeandalucia.es\/entresierras\/wp-json\/wp\/v2\/posts\/7575\/revisions\/10415"}],"wp:featuredmedia":[{"embeddable":true,"href":"https:\/\/blogsaverroes.juntadeandalucia.es\/entresierras\/wp-json\/wp\/v2\/media\/7582"}],"wp:attachment":[{"href":"https:\/\/blogsaverroes.juntadeandalucia.es\/entresierras\/wp-json\/wp\/v2\/media?parent=7575"}],"wp:term":[{"taxonomy":"category","embeddable":true,"href":"https:\/\/blogsaverroes.juntadeandalucia.es\/entresierras\/wp-json\/wp\/v2\/categories?post=7575"},{"taxonomy":"post_tag","embeddable":true,"href":"https:\/\/blogsaverroes.juntadeandalucia.es\/entresierras\/wp-json\/wp\/v2\/tags?post=7575"}],"curies":[{"name":"wp","href":"https:\/\/api.w.org\/{rel}","templated":true}]}}