{"id":7705,"date":"2022-10-27T10:45:24","date_gmt":"2022-10-27T10:45:24","guid":{"rendered":"https:\/\/blogsaverroes.juntadeandalucia.es\/entresierras\/?p=7705"},"modified":"2022-10-27T10:50:33","modified_gmt":"2022-10-27T10:50:33","slug":"7705","status":"publish","type":"post","link":"https:\/\/blogsaverroes.juntadeandalucia.es\/entresierras\/2022\/10\/27\/7705\/","title":{"rendered":"PROYECTOS DE ED. PL\u00c1STICA Y VISUAL"},"content":{"rendered":"<p>&nbsp;<\/p>\n<p><img loading=\"lazy\" decoding=\"async\" class=\"aligncenter size-medium wp-image-7709\" src=\"https:\/\/blogsaverroes.juntadeandalucia.es\/entresierras\/files\/2022\/10\/1-300x225.jpg\" alt=\"\" width=\"300\" height=\"225\" srcset=\"https:\/\/blogsaverroes.juntadeandalucia.es\/entresierras\/files\/2022\/10\/1-300x225.jpg 300w, https:\/\/blogsaverroes.juntadeandalucia.es\/entresierras\/files\/2022\/10\/1-1024x768.jpg 1024w, https:\/\/blogsaverroes.juntadeandalucia.es\/entresierras\/files\/2022\/10\/1-768x576.jpg 768w, https:\/\/blogsaverroes.juntadeandalucia.es\/entresierras\/files\/2022\/10\/1-1536x1152.jpg 1536w, https:\/\/blogsaverroes.juntadeandalucia.es\/entresierras\/files\/2022\/10\/1.jpg 1600w\" sizes=\"(max-width: 300px) 100vw, 300px\" \/>El alumnado de 4\u00ba ESO de la materia de Educaci\u00f3n pl\u00e1stica visual y audiovisual, ha realizado varios proyectos para el d\u00eda de las bibliotecas, con el lema, \u00ablas bibliotecas nos cuidan\u00bb. Con los proyectos se ha trabajado en equipo, potenciando el contraste de ideas y la toma de decisiones en grupo, as\u00ed como la colaboraci\u00f3n en todos los pasos de los diferentes proyectos, han pasado por: tormenta de ideas, justificaci\u00f3n del proyecto, bocetage, elecci\u00f3n de materiales, cambios finales y acabado. Es la primera vez se enfrentan a este tipo de proposici\u00f3n y la han defendido con creces, est\u00e1n deseando empezar otro proyecto.<\/p>\n<p>\u00a1\u00a1 Enhorabuena estudiantes!!<\/p>\n\n\t\t<style>\n\t\t\t#gallery-1 {\n\t\t\t\tmargin: auto;\n\t\t\t}\n\t\t\t#gallery-1 .gallery-item {\n\t\t\t\tfloat: left;\n\t\t\t\tmargin-top: 10px;\n\t\t\t\ttext-align: center;\n\t\t\t\twidth: 25%;\n\t\t\t}\n\t\t\t#gallery-1 img {\n\t\t\t\tborder: 2px solid #cfcfcf;\n\t\t\t}\n\t\t\t#gallery-1 .gallery-caption {\n\t\t\t\tmargin-left: 0;\n\t\t\t}\n\t\t\t\/* see gallery_shortcode() in wp-includes\/media.php *\/\n\t\t<\/style>\n\t\t<div id='gallery-1' class='gallery galleryid-7705 gallery-columns-4 gallery-size-medium'><dl class='gallery-item'>\n\t\t\t<dt class='gallery-icon landscape'>\n\t\t\t\t<a href='https:\/\/blogsaverroes.juntadeandalucia.es\/entresierras\/2022\/10\/27\/7705\/1-2\/'><img loading=\"lazy\" decoding=\"async\" width=\"300\" height=\"225\" src=\"https:\/\/blogsaverroes.juntadeandalucia.es\/entresierras\/files\/2022\/10\/1-300x225.jpg\" class=\"attachment-medium size-medium\" alt=\"\" srcset=\"https:\/\/blogsaverroes.juntadeandalucia.es\/entresierras\/files\/2022\/10\/1-300x225.jpg 300w, https:\/\/blogsaverroes.juntadeandalucia.es\/entresierras\/files\/2022\/10\/1-1024x768.jpg 1024w, https:\/\/blogsaverroes.juntadeandalucia.es\/entresierras\/files\/2022\/10\/1-768x576.jpg 768w, https:\/\/blogsaverroes.juntadeandalucia.es\/entresierras\/files\/2022\/10\/1-1536x1152.jpg 1536w, https:\/\/blogsaverroes.juntadeandalucia.es\/entresierras\/files\/2022\/10\/1.jpg 1600w\" sizes=\"(max-width: 300px) 100vw, 300px\" \/><\/a>\n\t\t\t<\/dt><\/dl><dl class='gallery-item'>\n\t\t\t<dt class='gallery-icon landscape'>\n\t\t\t\t<a href='https:\/\/blogsaverroes.juntadeandalucia.es\/entresierras\/2022\/10\/27\/7705\/attachment\/2\/'><img loading=\"lazy\" decoding=\"async\" width=\"300\" height=\"225\" src=\"https:\/\/blogsaverroes.juntadeandalucia.es\/entresierras\/files\/2022\/10\/2-300x225.jpg\" class=\"attachment-medium size-medium\" alt=\"\" srcset=\"https:\/\/blogsaverroes.juntadeandalucia.es\/entresierras\/files\/2022\/10\/2-300x225.jpg 300w, https:\/\/blogsaverroes.juntadeandalucia.es\/entresierras\/files\/2022\/10\/2-1024x768.jpg 1024w, https:\/\/blogsaverroes.juntadeandalucia.es\/entresierras\/files\/2022\/10\/2-768x576.jpg 768w, https:\/\/blogsaverroes.juntadeandalucia.es\/entresierras\/files\/2022\/10\/2-1536x1152.jpg 1536w, https:\/\/blogsaverroes.juntadeandalucia.es\/entresierras\/files\/2022\/10\/2.jpg 1600w\" sizes=\"(max-width: 300px) 100vw, 300px\" \/><\/a>\n\t\t\t<\/dt><\/dl><dl class='gallery-item'>\n\t\t\t<dt class='gallery-icon landscape'>\n\t\t\t\t<a href='https:\/\/blogsaverroes.juntadeandalucia.es\/entresierras\/2022\/10\/27\/7705\/attachment\/3\/'><img loading=\"lazy\" decoding=\"async\" width=\"300\" height=\"225\" src=\"https:\/\/blogsaverroes.juntadeandalucia.es\/entresierras\/files\/2022\/10\/3-300x225.jpg\" class=\"attachment-medium size-medium\" alt=\"\" srcset=\"https:\/\/blogsaverroes.juntadeandalucia.es\/entresierras\/files\/2022\/10\/3-300x225.jpg 300w, https:\/\/blogsaverroes.juntadeandalucia.es\/entresierras\/files\/2022\/10\/3-1024x768.jpg 1024w, https:\/\/blogsaverroes.juntadeandalucia.es\/entresierras\/files\/2022\/10\/3-768x576.jpg 768w, https:\/\/blogsaverroes.juntadeandalucia.es\/entresierras\/files\/2022\/10\/3-1536x1152.jpg 1536w, https:\/\/blogsaverroes.juntadeandalucia.es\/entresierras\/files\/2022\/10\/3.jpg 1600w\" sizes=\"(max-width: 300px) 100vw, 300px\" \/><\/a>\n\t\t\t<\/dt><\/dl><dl class='gallery-item'>\n\t\t\t<dt class='gallery-icon landscape'>\n\t\t\t\t<a href='https:\/\/blogsaverroes.juntadeandalucia.es\/entresierras\/2022\/10\/27\/7705\/attachment\/4\/'><img loading=\"lazy\" decoding=\"async\" width=\"300\" height=\"225\" src=\"https:\/\/blogsaverroes.juntadeandalucia.es\/entresierras\/files\/2022\/10\/4-300x225.jpg\" class=\"attachment-medium size-medium\" alt=\"\" srcset=\"https:\/\/blogsaverroes.juntadeandalucia.es\/entresierras\/files\/2022\/10\/4-300x225.jpg 300w, https:\/\/blogsaverroes.juntadeandalucia.es\/entresierras\/files\/2022\/10\/4-1024x768.jpg 1024w, https:\/\/blogsaverroes.juntadeandalucia.es\/entresierras\/files\/2022\/10\/4-768x576.jpg 768w, https:\/\/blogsaverroes.juntadeandalucia.es\/entresierras\/files\/2022\/10\/4-1536x1152.jpg 1536w, https:\/\/blogsaverroes.juntadeandalucia.es\/entresierras\/files\/2022\/10\/4.jpg 2000w\" sizes=\"(max-width: 300px) 100vw, 300px\" \/><\/a>\n\t\t\t<\/dt><\/dl><br style=\"clear: both\" \/>\n\t\t<\/div>\n\n<p>&nbsp;<\/p>\n","protected":false},"excerpt":{"rendered":"<p>&nbsp; El alumnado de 4\u00ba ESO de la materia de Educaci\u00f3n pl\u00e1stica visual y audiovisual, ha realizado varios proyectos para el d\u00eda de las bibliotecas, con el lema, \u00ablas bibliotecas nos cuidan\u00bb. Con los&#46;&#46;&#46;<\/p>\n","protected":false},"author":7709,"featured_media":7709,"comment_status":"open","ping_status":"open","sticky":false,"template":"","format":"standard","meta":{"ngg_post_thumbnail":0,"footnotes":""},"categories":[1],"tags":[],"aioseo_notices":[],"_links":{"self":[{"href":"https:\/\/blogsaverroes.juntadeandalucia.es\/entresierras\/wp-json\/wp\/v2\/posts\/7705"}],"collection":[{"href":"https:\/\/blogsaverroes.juntadeandalucia.es\/entresierras\/wp-json\/wp\/v2\/posts"}],"about":[{"href":"https:\/\/blogsaverroes.juntadeandalucia.es\/entresierras\/wp-json\/wp\/v2\/types\/post"}],"author":[{"embeddable":true,"href":"https:\/\/blogsaverroes.juntadeandalucia.es\/entresierras\/wp-json\/wp\/v2\/users\/7709"}],"replies":[{"embeddable":true,"href":"https:\/\/blogsaverroes.juntadeandalucia.es\/entresierras\/wp-json\/wp\/v2\/comments?post=7705"}],"version-history":[{"count":2,"href":"https:\/\/blogsaverroes.juntadeandalucia.es\/entresierras\/wp-json\/wp\/v2\/posts\/7705\/revisions"}],"predecessor-version":[{"id":7711,"href":"https:\/\/blogsaverroes.juntadeandalucia.es\/entresierras\/wp-json\/wp\/v2\/posts\/7705\/revisions\/7711"}],"wp:featuredmedia":[{"embeddable":true,"href":"https:\/\/blogsaverroes.juntadeandalucia.es\/entresierras\/wp-json\/wp\/v2\/media\/7709"}],"wp:attachment":[{"href":"https:\/\/blogsaverroes.juntadeandalucia.es\/entresierras\/wp-json\/wp\/v2\/media?parent=7705"}],"wp:term":[{"taxonomy":"category","embeddable":true,"href":"https:\/\/blogsaverroes.juntadeandalucia.es\/entresierras\/wp-json\/wp\/v2\/categories?post=7705"},{"taxonomy":"post_tag","embeddable":true,"href":"https:\/\/blogsaverroes.juntadeandalucia.es\/entresierras\/wp-json\/wp\/v2\/tags?post=7705"}],"curies":[{"name":"wp","href":"https:\/\/api.w.org\/{rel}","templated":true}]}}