{"id":8107,"date":"2023-01-26T12:02:54","date_gmt":"2023-01-26T12:02:54","guid":{"rendered":"https:\/\/blogsaverroes.juntadeandalucia.es\/entresierras\/?p=8107"},"modified":"2023-01-26T12:09:38","modified_gmt":"2023-01-26T12:09:38","slug":"8107","status":"publish","type":"post","link":"https:\/\/blogsaverroes.juntadeandalucia.es\/entresierras\/2023\/01\/26\/8107\/","title":{"rendered":"D\u00cdA DE LA NO VIOLENCIA Y DE LA PAZ"},"content":{"rendered":"<p align=\"justify\"><img loading=\"lazy\" decoding=\"async\" class=\"aligncenter size-medium wp-image-8108\" src=\"https:\/\/blogsaverroes.juntadeandalucia.es\/entresierras\/files\/2023\/01\/paz-249x300.jpg\" alt=\"\" width=\"249\" height=\"300\" srcset=\"https:\/\/blogsaverroes.juntadeandalucia.es\/entresierras\/files\/2023\/01\/paz-249x300.jpg 249w, https:\/\/blogsaverroes.juntadeandalucia.es\/entresierras\/files\/2023\/01\/paz-851x1024.jpg 851w, https:\/\/blogsaverroes.juntadeandalucia.es\/entresierras\/files\/2023\/01\/paz-768x924.jpg 768w, https:\/\/blogsaverroes.juntadeandalucia.es\/entresierras\/files\/2023\/01\/paz-1277x1536.jpg 1277w, https:\/\/blogsaverroes.juntadeandalucia.es\/entresierras\/files\/2023\/01\/paz-1702x2048.jpg 1702w\" sizes=\"(max-width: 249px) 100vw, 249px\" \/><\/p>\n<p style=\"text-align: center\" align=\"justify\"><span style=\"font-size: large\"><b>ESCUELA ESPACIO DE PAZ<\/b><\/span><\/p>\n<p style=\"text-align: center\" align=\"justify\"><b> 30 de enero 2023<\/b><\/p>\n<p style=\"text-align: center\" align=\"justify\">&nbsp;<\/p>\n<p style=\"text-align: center\" align=\"justify\"><span style=\"font-size: large\"><i><u><b>SEMBRANDO LA PAZ<\/b><\/u><\/i><\/span><\/p>\n<p align=\"justify\">Como cada a\u00f1o, el 30 de enero celebramos el <b>D\u00eda<\/b> <strong>Escolar de la No-violencia y la<\/strong> <b>Paz<\/b> (DENYP). La fecha es un homenaje a Mahatma Gandhi, l\u00edder pacifista que defendi\u00f3 y promovi\u00f3 la no violencia y la resistencia pac\u00edfica, que fue asesinado el <b>30 de enero<\/b> de 1948.<\/p>\n<p align=\"justify\"><b> <\/b>Este a\u00f1o realizaremos distintas actividades en el IES Entresierras para conmemorar el d\u00eda.<\/p>\n<p align=\"justify\"><b>1. <\/b><b><\/b><b>CENTRO<\/b><\/p>\n<p align=\"justify\"><b> <\/b>Este a\u00f1o realizaremos dos actividades para conmemorar este d\u00eda con todo el alumnado y profesorado del IES Entresierras. Las actividades tendr\u00e1n lugar el d\u00eda 30 de enero (lunes). Estas son las actividades:<\/p>\n<p align=\"justify\"><u><b>1.1. CARRERA POR LA PAZ<\/b><\/u><\/p>\n<p align=\"justify\"><img loading=\"lazy\" decoding=\"async\" class=\"wp-image-8109 alignleft\" src=\"https:\/\/blogsaverroes.juntadeandalucia.es\/entresierras\/files\/2023\/01\/imagen-carrera-paz-300x158.jpg\" alt=\"\" width=\"321\" height=\"169\" srcset=\"https:\/\/blogsaverroes.juntadeandalucia.es\/entresierras\/files\/2023\/01\/imagen-carrera-paz-300x158.jpg 300w, https:\/\/blogsaverroes.juntadeandalucia.es\/entresierras\/files\/2023\/01\/imagen-carrera-paz-768x404.jpg 768w, https:\/\/blogsaverroes.juntadeandalucia.es\/entresierras\/files\/2023\/01\/imagen-carrera-paz.jpg 1024w\" sizes=\"(max-width: 321px) 100vw, 321px\" \/><\/p>\n<p>Este a\u00f1o volveremos a celebrar nuestra famosa carrera por la paz. El recorrido ser\u00e1 desde la zona de siembra (estaci\u00f3n de Purchena) hasta el instituto, marcando 5 kil\u00f3metros de distancia.<\/p>\n<p>Recordamos que este a\u00f1o la tem\u00e1tica com\u00fan de todos los planes y proyectos del centro es LA VUELTA AL MUNDO. Para unir este d\u00eda con esta tem\u00e1tica, contaremos los metros que suman la carrera y lo multiplicaremos por todos los participantes, intentando alcanzar el mayor n\u00famero posible.<\/p>\n<p>La Cruz Roja colaborar\u00e1 en la carrera y para ello, cada participante deber\u00e1 traer un kilo de cualquier alimento no perecedero a modo de inscripci\u00f3n. Los alimentos se depositar\u00e1n en cada aula, en una caja de cart\u00f3n y se podr\u00e1n traer hasta el mismo d\u00eda de la carrera (30 de enero) por la ma\u00f1ana.<\/p>\n<p><img loading=\"lazy\" decoding=\"async\" class=\"wp-image-8111 alignleft\" src=\"https:\/\/blogsaverroes.juntadeandalucia.es\/entresierras\/files\/2023\/01\/Caravana-PAz-300x227.jpg\" alt=\"\" width=\"243\" height=\"184\" srcset=\"https:\/\/blogsaverroes.juntadeandalucia.es\/entresierras\/files\/2023\/01\/Caravana-PAz-300x227.jpg 300w, https:\/\/blogsaverroes.juntadeandalucia.es\/entresierras\/files\/2023\/01\/Caravana-PAz.jpg 467w\" sizes=\"(max-width: 243px) 100vw, 243px\" \/>Se motivar\u00e1 a todo el alumnado y profesorado del centro a que, de forma activa, participen en dicha actividad. Habr\u00e1 trofeos para los ganadores de cada grupo\/clase en las distintas categor\u00edas femenino\/masculino al igual que entre el profesorado que corra.<\/p>\n<p align=\"justify\">Hora de la actividad: a las 13,45h.<\/p>\n<p align=\"justify\">Lugar de la actividad: Salida desde la plaza del Ayuntamiento.<\/p>\n<p align=\"justify\">&nbsp;<\/p>\n<p align=\"justify\">&nbsp;<\/p>\n<p align=\"justify\"><b>1.2. <\/b><u><b>SIEMBRA DE \u00c1RBOLES<\/b><\/u><\/p>\n<p align=\"justify\"><img loading=\"lazy\" decoding=\"async\" class=\" wp-image-8110 alignleft\" src=\"https:\/\/blogsaverroes.juntadeandalucia.es\/entresierras\/files\/2023\/01\/arboles-300x140.jpg\" alt=\"\" width=\"313\" height=\"146\" srcset=\"https:\/\/blogsaverroes.juntadeandalucia.es\/entresierras\/files\/2023\/01\/arboles-300x140.jpg 300w, https:\/\/blogsaverroes.juntadeandalucia.es\/entresierras\/files\/2023\/01\/arboles-520x245.jpg 520w, https:\/\/blogsaverroes.juntadeandalucia.es\/entresierras\/files\/2023\/01\/arboles.jpg 600w\" sizes=\"(max-width: 313px) 100vw, 313px\" \/>Utilizando el emblema \u2018sembrando la paz\u2019, cada alumno\/a del centro plantar\u00e1 un \u00e1rbol en la zona determinada por el ayuntamiento de Purchena. Los \u00e1rboles han sido donados por el Excmo. Ayuntamiento de Purchena, al que agradecemos su colaboraci\u00f3n.Con este peque\u00f1o gesto queremos simbolizar nuestra intenci\u00f3n de crear un mejor ma\u00f1ana; m\u00e1s limpio, m\u00e1s justo, m\u00e1s sano.<\/p>\n<p align=\"justify\">Hora de la actividad: 12,00h<\/p>\n<p align=\"justify\">Lugar de la actividad: Avd. del Almanzora<\/p>\n<p align=\"justify\">&nbsp;<\/p>\n<p align=\"justify\"><b>2. TUTOR\u00cdA<\/b><\/p>\n<p align=\"justify\">Bajo el lema <b>SEMBRANDO LA PAZ<\/b>, pretendemos hacer visibles a personas an\u00f3nimas o poco conocidas de distintos pa\u00edses del mundo (muchas de esas nacionalidades con presencia en nuestro instituto), que han dedicado su vida a luchar por conseguir un mundo m\u00e1s justo.<\/p>\n<p align=\"justify\">En tutor\u00eda, cada grupo\/clase tendr\u00e1 que buscar informaci\u00f3n sobre 5 personas seleccionadas por su papel en la historia en pro de la paz. Se abordar\u00e1n los siguientes apartados en grupos de 4-5 alumnos\/as. Cada grupo trabajar\u00e1 un per\u00edodo de su vida, quedando establecidos los siguientes:<\/p>\n<p align=\"justify\">&#8211; Biograf\u00eda (infancia, adolescencia)<\/p>\n<p align=\"justify\">&#8211; Profesi\u00f3n; a qu\u00e9 se dedicaron, qu\u00e9 hicieron para ayudar a los dem\u00e1s.<\/p>\n<p align=\"justify\">&#8211; Legado; qu\u00e9 ha quedado a d\u00eda de hoy de \u00e9l o ella.<\/p>\n<p align=\"justify\">&#8211; Realizaci\u00f3n y montaje en power point\/canvas con los puntos m\u00e1s relevantes y elaboraci\u00f3n de un poster en A3 para exponer en el hall del instituto el d\u00eda 30 de enero.<\/p>\n<p align=\"justify\">Cada curso trabajar\u00e1 con su tutor\/a en la hora lectiva de tutor\u00eda:<\/p>\n<p align=\"justify\"><b>&#8211; Espa\u00f1a<\/b>&#8211; \u00c1ngel Sanz Briz<b> (4\u00ba ESO)<br \/>\n<\/b><\/p>\n<p align=\"justify\"><b>&#8211; Inglaterra- <\/b>Nicholas Winton (<b>3\u00ba ESO A)<br \/>\n<\/b><\/p>\n<p align=\"justify\"><b>&#8211; Inglaterra- <\/b>Annie Besant <b>(1 ESO)<\/b><\/p>\n<p align=\"justify\"><b>&#8211; Kenia- <\/b>Wangari Maathai<b> (3\u00baB)<br \/>\n<\/b><\/p>\n<p align=\"justify\"><b>&#8211; Argentina- <\/b>Adolfo P\u00e9rez- (<b>2\u00ba ESO)<\/b><\/p>\n<p align=\"justify\">&nbsp;<\/p>\n<p align=\"justify\">La celebraci\u00f3n del d\u00eda de la paz quedar\u00eda as\u00ed concluida un a\u00f1o m\u00e1s, no sin dejar antes una reflexi\u00f3n sobre lo que cada uno\/a puede hacer en su entorno m\u00e1s cercano para garantizar una vida en armon\u00eda, en tranquilidad, en definitiva, en PAZ.<\/p>\n<p align=\"justify\">\u2018No pienses en lo que el mundo puede hacer por ti, sino en lo que t\u00fa puedes hacer por el mundo\u2019<\/p>\n<p align=\"justify\">\u2018Grano solo no hace granero,,, pero ayuda al compa\u00f1ero\u2019<\/p>\n<p align=\"justify\"><img loading=\"lazy\" decoding=\"async\" class=\"wp-image-8116 aligncenter\" src=\"https:\/\/blogsaverroes.juntadeandalucia.es\/entresierras\/files\/2023\/01\/pazpaz-300x140.jpg\" alt=\"\" width=\"332\" height=\"155\" srcset=\"https:\/\/blogsaverroes.juntadeandalucia.es\/entresierras\/files\/2023\/01\/pazpaz-300x140.jpg 300w, https:\/\/blogsaverroes.juntadeandalucia.es\/entresierras\/files\/2023\/01\/pazpaz-520x245.jpg 520w, https:\/\/blogsaverroes.juntadeandalucia.es\/entresierras\/files\/2023\/01\/pazpaz.jpg 640w\" sizes=\"(max-width: 332px) 100vw, 332px\" \/><\/p>\n","protected":false},"excerpt":{"rendered":"<p>ESCUELA ESPACIO DE PAZ 30 de enero 2023 &nbsp; SEMBRANDO LA PAZ Como cada a\u00f1o, el 30 de enero celebramos el D\u00eda Escolar de la No-violencia y la Paz (DENYP). La fecha es un&#46;&#46;&#46;<\/p>\n","protected":false},"author":7709,"featured_media":8108,"comment_status":"open","ping_status":"open","sticky":false,"template":"","format":"standard","meta":{"ngg_post_thumbnail":0,"footnotes":""},"categories":[3,21],"tags":[],"aioseo_notices":[],"_links":{"self":[{"href":"https:\/\/blogsaverroes.juntadeandalucia.es\/entresierras\/wp-json\/wp\/v2\/posts\/8107"}],"collection":[{"href":"https:\/\/blogsaverroes.juntadeandalucia.es\/entresierras\/wp-json\/wp\/v2\/posts"}],"about":[{"href":"https:\/\/blogsaverroes.juntadeandalucia.es\/entresierras\/wp-json\/wp\/v2\/types\/post"}],"author":[{"embeddable":true,"href":"https:\/\/blogsaverroes.juntadeandalucia.es\/entresierras\/wp-json\/wp\/v2\/users\/7709"}],"replies":[{"embeddable":true,"href":"https:\/\/blogsaverroes.juntadeandalucia.es\/entresierras\/wp-json\/wp\/v2\/comments?post=8107"}],"version-history":[{"count":6,"href":"https:\/\/blogsaverroes.juntadeandalucia.es\/entresierras\/wp-json\/wp\/v2\/posts\/8107\/revisions"}],"predecessor-version":[{"id":8118,"href":"https:\/\/blogsaverroes.juntadeandalucia.es\/entresierras\/wp-json\/wp\/v2\/posts\/8107\/revisions\/8118"}],"wp:featuredmedia":[{"embeddable":true,"href":"https:\/\/blogsaverroes.juntadeandalucia.es\/entresierras\/wp-json\/wp\/v2\/media\/8108"}],"wp:attachment":[{"href":"https:\/\/blogsaverroes.juntadeandalucia.es\/entresierras\/wp-json\/wp\/v2\/media?parent=8107"}],"wp:term":[{"taxonomy":"category","embeddable":true,"href":"https:\/\/blogsaverroes.juntadeandalucia.es\/entresierras\/wp-json\/wp\/v2\/categories?post=8107"},{"taxonomy":"post_tag","embeddable":true,"href":"https:\/\/blogsaverroes.juntadeandalucia.es\/entresierras\/wp-json\/wp\/v2\/tags?post=8107"}],"curies":[{"name":"wp","href":"https:\/\/api.w.org\/{rel}","templated":true}]}}