{"id":8871,"date":"2023-10-20T21:12:24","date_gmt":"2023-10-20T19:12:24","guid":{"rendered":"https:\/\/blogsaverroes.juntadeandalucia.es\/entresierras\/?p=8871"},"modified":"2023-10-20T21:27:05","modified_gmt":"2023-10-20T19:27:05","slug":"8871","status":"publish","type":"post","link":"https:\/\/blogsaverroes.juntadeandalucia.es\/entresierras\/2023\/10\/20\/8871\/","title":{"rendered":"TALLER DE PREVENCI\u00d3N E INTERVENCI\u00d3N CON MENORES Y ADOLESCENTES"},"content":{"rendered":"<p><img loading=\"lazy\" decoding=\"async\" class=\"alignleft size-medium wp-image-8873\" src=\"https:\/\/blogsaverroes.juntadeandalucia.es\/entresierras\/files\/2023\/10\/proyecto_prevencion_menores_A3_page-00011-212x300.jpg\" alt=\"\" width=\"212\" height=\"300\" srcset=\"https:\/\/blogsaverroes.juntadeandalucia.es\/entresierras\/files\/2023\/10\/proyecto_prevencion_menores_A3_page-00011-212x300.jpg 212w, https:\/\/blogsaverroes.juntadeandalucia.es\/entresierras\/files\/2023\/10\/proyecto_prevencion_menores_A3_page-00011-724x1024.jpg 724w, https:\/\/blogsaverroes.juntadeandalucia.es\/entresierras\/files\/2023\/10\/proyecto_prevencion_menores_A3_page-00011-768x1086.jpg 768w, https:\/\/blogsaverroes.juntadeandalucia.es\/entresierras\/files\/2023\/10\/proyecto_prevencion_menores_A3_page-00011-1086x1536.jpg 1086w, https:\/\/blogsaverroes.juntadeandalucia.es\/entresierras\/files\/2023\/10\/proyecto_prevencion_menores_A3_page-00011-1448x2048.jpg 1448w, https:\/\/blogsaverroes.juntadeandalucia.es\/entresierras\/files\/2023\/10\/proyecto_prevencion_menores_A3_page-00011.jpg 1754w\" sizes=\"(max-width: 212px) 100vw, 212px\" \/> Nuestro alumnado de 1\u00ba y 2\u00ba ESO&nbsp; est\u00e1 participando en un taller, financiado por Diputaci\u00f3n de Almer\u00eda e impartido por profesionales de Servicios Sociales Comunitarios, destinado a trabajar la inteligencia emocional y los aspectos psico-sociales en la adolescencia y la prevenci\u00f3n e intervenci\u00f3n ante problem\u00e1ticas t\u00edpicas de esas edades.<\/p>\n<div id=\"_bdIyZd-AKbj5kdUPn5SviAY_41\" class=\"bCOlv\" data-ved=\"2ahUKEwif64fbq4WCAxW4fKQEHR_KC2EQ7NUEegQIIRAE\">\n<div class=\"IZE3Td\">\n<div class=\"t0bRye r2fjmd\" data-hveid=\"CCEQBQ\" data-ved=\"2ahUKEwif64fbq4WCAxW4fKQEHR_KC2EQu04oAHoECCEQBQ\">\n<div id=\"bdIyZd-AKbj5kdUPn5SviAY__22\">\n<div class=\"wDYxhc\" data-md=\"61\">\n<div class=\"LGOjhe\" role=\"heading\" data-attrid=\"wa:\/description\" data-hveid=\"CCAQAA\"><span class=\"ILfuVd\" lang=\"es\"><span class=\"hgKElc\">Este taller de 3 sesiones de duraci\u00f3n, pretende guiar a los adolescentes en su <\/span><\/span><span class=\"ILfuVd\" lang=\"es\"><span class=\"hgKElc\">aprendizaje emociona, involucrando el desarrollo de las competencias emocionales, tambi\u00e9n denominadas competencias socio-emocionales, que son un conjunto de destrezas que permiten comprender, expresar y regular de forma apropiada los fen\u00f3menos emocionales.<\/span><\/span><\/div>\n<\/div>\n<\/div>\n<\/div>\n<\/div>\n<\/div>\n<p><span class=\"ILfuVd\" lang=\"es\"><span class=\"hgKElc\">Las emociones influyen de una forma clave en el desempe\u00f1o acad\u00e9mico, actuando directamente sobre el aprendizaje.<br \/>\n<\/span><\/span><\/p>\n<p>&nbsp;<\/p>\n<p><img loading=\"lazy\" decoding=\"async\" class=\"alignleft size-medium wp-image-8876\" src=\"https:\/\/blogsaverroes.juntadeandalucia.es\/entresierras\/files\/2023\/10\/ssociales3-300x169.jpeg\" alt=\"\" width=\"300\" height=\"169\" srcset=\"https:\/\/blogsaverroes.juntadeandalucia.es\/entresierras\/files\/2023\/10\/ssociales3-300x169.jpeg 300w, https:\/\/blogsaverroes.juntadeandalucia.es\/entresierras\/files\/2023\/10\/ssociales3-1024x576.jpeg 1024w, https:\/\/blogsaverroes.juntadeandalucia.es\/entresierras\/files\/2023\/10\/ssociales3-768x432.jpeg 768w, https:\/\/blogsaverroes.juntadeandalucia.es\/entresierras\/files\/2023\/10\/ssociales3-1536x864.jpeg 1536w, https:\/\/blogsaverroes.juntadeandalucia.es\/entresierras\/files\/2023\/10\/ssociales3.jpeg 2016w\" sizes=\"(max-width: 300px) 100vw, 300px\" \/> <img loading=\"lazy\" decoding=\"async\" class=\"alignleft size-medium wp-image-8875\" src=\"https:\/\/blogsaverroes.juntadeandalucia.es\/entresierras\/files\/2023\/10\/ssociales2-300x169.jpeg\" alt=\"\" width=\"300\" height=\"169\" srcset=\"https:\/\/blogsaverroes.juntadeandalucia.es\/entresierras\/files\/2023\/10\/ssociales2-300x169.jpeg 300w, https:\/\/blogsaverroes.juntadeandalucia.es\/entresierras\/files\/2023\/10\/ssociales2-1024x576.jpeg 1024w, https:\/\/blogsaverroes.juntadeandalucia.es\/entresierras\/files\/2023\/10\/ssociales2-768x432.jpeg 768w, https:\/\/blogsaverroes.juntadeandalucia.es\/entresierras\/files\/2023\/10\/ssociales2-1536x864.jpeg 1536w, https:\/\/blogsaverroes.juntadeandalucia.es\/entresierras\/files\/2023\/10\/ssociales2.jpeg 2016w\" sizes=\"(max-width: 300px) 100vw, 300px\" \/> <img loading=\"lazy\" decoding=\"async\" class=\"alignleft size-medium wp-image-8874\" src=\"https:\/\/blogsaverroes.juntadeandalucia.es\/entresierras\/files\/2023\/10\/ssociales-300x169.jpeg\" alt=\"\" width=\"300\" height=\"169\" srcset=\"https:\/\/blogsaverroes.juntadeandalucia.es\/entresierras\/files\/2023\/10\/ssociales-300x169.jpeg 300w, https:\/\/blogsaverroes.juntadeandalucia.es\/entresierras\/files\/2023\/10\/ssociales-1024x576.jpeg 1024w, https:\/\/blogsaverroes.juntadeandalucia.es\/entresierras\/files\/2023\/10\/ssociales-768x432.jpeg 768w, https:\/\/blogsaverroes.juntadeandalucia.es\/entresierras\/files\/2023\/10\/ssociales-1536x864.jpeg 1536w, https:\/\/blogsaverroes.juntadeandalucia.es\/entresierras\/files\/2023\/10\/ssociales.jpeg 2016w\" sizes=\"(max-width: 300px) 100vw, 300px\" \/><\/p>\n","protected":false},"excerpt":{"rendered":"<p>Nuestro alumnado de 1\u00ba y 2\u00ba ESO&nbsp; est\u00e1 participando en un taller, financiado por Diputaci\u00f3n de Almer\u00eda e impartido por profesionales de Servicios Sociales Comunitarios, destinado a trabajar la inteligencia emocional y los aspectos&#46;&#46;&#46;<\/p>\n","protected":false},"author":7709,"featured_media":8873,"comment_status":"open","ping_status":"open","sticky":false,"template":"","format":"standard","meta":{"ngg_post_thumbnail":0,"footnotes":""},"categories":[3,59],"tags":[],"aioseo_notices":[],"_links":{"self":[{"href":"https:\/\/blogsaverroes.juntadeandalucia.es\/entresierras\/wp-json\/wp\/v2\/posts\/8871"}],"collection":[{"href":"https:\/\/blogsaverroes.juntadeandalucia.es\/entresierras\/wp-json\/wp\/v2\/posts"}],"about":[{"href":"https:\/\/blogsaverroes.juntadeandalucia.es\/entresierras\/wp-json\/wp\/v2\/types\/post"}],"author":[{"embeddable":true,"href":"https:\/\/blogsaverroes.juntadeandalucia.es\/entresierras\/wp-json\/wp\/v2\/users\/7709"}],"replies":[{"embeddable":true,"href":"https:\/\/blogsaverroes.juntadeandalucia.es\/entresierras\/wp-json\/wp\/v2\/comments?post=8871"}],"version-history":[{"count":5,"href":"https:\/\/blogsaverroes.juntadeandalucia.es\/entresierras\/wp-json\/wp\/v2\/posts\/8871\/revisions"}],"predecessor-version":[{"id":8881,"href":"https:\/\/blogsaverroes.juntadeandalucia.es\/entresierras\/wp-json\/wp\/v2\/posts\/8871\/revisions\/8881"}],"wp:featuredmedia":[{"embeddable":true,"href":"https:\/\/blogsaverroes.juntadeandalucia.es\/entresierras\/wp-json\/wp\/v2\/media\/8873"}],"wp:attachment":[{"href":"https:\/\/blogsaverroes.juntadeandalucia.es\/entresierras\/wp-json\/wp\/v2\/media?parent=8871"}],"wp:term":[{"taxonomy":"category","embeddable":true,"href":"https:\/\/blogsaverroes.juntadeandalucia.es\/entresierras\/wp-json\/wp\/v2\/categories?post=8871"},{"taxonomy":"post_tag","embeddable":true,"href":"https:\/\/blogsaverroes.juntadeandalucia.es\/entresierras\/wp-json\/wp\/v2\/tags?post=8871"}],"curies":[{"name":"wp","href":"https:\/\/api.w.org\/{rel}","templated":true}]}}