{"id":8955,"date":"2023-10-15T20:45:03","date_gmt":"2023-10-15T18:45:03","guid":{"rendered":"https:\/\/blogsaverroes.juntadeandalucia.es\/entresierras\/?p=8955"},"modified":"2023-11-03T20:51:07","modified_gmt":"2023-11-03T18:51:07","slug":"8955","status":"publish","type":"post","link":"https:\/\/blogsaverroes.juntadeandalucia.es\/entresierras\/2023\/10\/15\/8955\/","title":{"rendered":"REIVINDICAMOS LA VUELTA DEL TREN A NUESTRA COMARCA"},"content":{"rendered":"<div class=\"\" dir=\"auto\">\n<div id=\":rjp:\" class=\"x1iorvi4 x1pi30zi x1l90r2v x1swvt13\" data-ad-comet-preview=\"message\" data-ad-preview=\"message\">\n<div class=\"x78zum5 xdt5ytf xz62fqu x16ldp7u\">\n<div class=\"xu06os2 x1ok221b\">\n<div class=\"xdj266r x11i5rnm xat24cr x1mh8g0r x1vvkbs x126k92a\">\n<div dir=\"auto\">\n<div dir=\"auto\"><img loading=\"lazy\" decoding=\"async\" class=\"size-medium wp-image-8958 aligncenter\" src=\"https:\/\/blogsaverroes.juntadeandalucia.es\/entresierras\/files\/2023\/11\/398055799_3364812046996013_3353536621127959926_n-300x187.jpg\" alt=\"\" width=\"300\" height=\"187\" srcset=\"https:\/\/blogsaverroes.juntadeandalucia.es\/entresierras\/files\/2023\/11\/398055799_3364812046996013_3353536621127959926_n-300x187.jpg 300w, https:\/\/blogsaverroes.juntadeandalucia.es\/entresierras\/files\/2023\/11\/398055799_3364812046996013_3353536621127959926_n-1024x637.jpg 1024w, https:\/\/blogsaverroes.juntadeandalucia.es\/entresierras\/files\/2023\/11\/398055799_3364812046996013_3353536621127959926_n-768x478.jpg 768w, https:\/\/blogsaverroes.juntadeandalucia.es\/entresierras\/files\/2023\/11\/398055799_3364812046996013_3353536621127959926_n.jpg 1455w\" sizes=\"(max-width: 300px) 100vw, 300px\" \/><\/div>\n<div dir=\"auto\">El pasado d\u00eda 27, el alumnado de nuestro centro educativo perteneciente al grupo \u00abpor el regreso del tren\u00bb del IES Entresierras, acudi\u00f3 a un acto en Caniles organizado por la Plataforma Estudiantes por el Tren.<\/div>\n<div dir=\"auto\">&nbsp;<\/div>\n<div dir=\"auto\">El acto se celebr\u00f3 en la antigua estaci\u00f3n de tren de Caniles y congreg\u00f3 a un gran n\u00famero de alumnos\/as de varios institutos de la comarca de Baza y Alto Almanzora. El motivo principal de la celebraci\u00f3n del mismo fue reivindicar la vuelta de este medio de transporte tan destacado para la econom\u00eda de la zona y el impulso de la actividad tur\u00edstica. El alumnado de los distintos centros leyeron varios documentos reivindicativos.<\/div>\n<div dir=\"auto\">&nbsp;<\/div>\n<div dir=\"auto\">Recordemos que nuestro centro educativo ha solicitado un Proyecto de Aprendizaje y Servicios cuya finalidad es educar al alumnado hacia la forma correcta de reivindicar y\/o solicitar, siempre de forma constructiva, servicios que resulten beneficiosos para la comunidad y para el municipio. Todo ello enfocado hacia el aprendizaje de conceptos b\u00e1sicos con la aportaci\u00f3n de todos los departamentos del centro educativo.<\/div>\n<div dir=\"auto\">&nbsp;<\/div>\n<div dir=\"auto\">Estupenda jornada de convivencia la vivida en la estaci\u00f3n de ferrocarril de Caniles.<\/div>\n<\/div>\n<\/div>\n<\/div>\n<\/div>\n<\/div>\n<\/div>\n","protected":false},"excerpt":{"rendered":"<p>El pasado d\u00eda 27, el alumnado de nuestro centro educativo perteneciente al grupo \u00abpor el regreso del tren\u00bb del IES Entresierras, acudi\u00f3 a un acto en Caniles organizado por la Plataforma Estudiantes por el&#46;&#46;&#46;<\/p>\n","protected":false},"author":7709,"featured_media":8958,"comment_status":"open","ping_status":"open","sticky":false,"template":"","format":"standard","meta":{"ngg_post_thumbnail":0,"footnotes":""},"categories":[3],"tags":[],"aioseo_notices":[],"_links":{"self":[{"href":"https:\/\/blogsaverroes.juntadeandalucia.es\/entresierras\/wp-json\/wp\/v2\/posts\/8955"}],"collection":[{"href":"https:\/\/blogsaverroes.juntadeandalucia.es\/entresierras\/wp-json\/wp\/v2\/posts"}],"about":[{"href":"https:\/\/blogsaverroes.juntadeandalucia.es\/entresierras\/wp-json\/wp\/v2\/types\/post"}],"author":[{"embeddable":true,"href":"https:\/\/blogsaverroes.juntadeandalucia.es\/entresierras\/wp-json\/wp\/v2\/users\/7709"}],"replies":[{"embeddable":true,"href":"https:\/\/blogsaverroes.juntadeandalucia.es\/entresierras\/wp-json\/wp\/v2\/comments?post=8955"}],"version-history":[{"count":4,"href":"https:\/\/blogsaverroes.juntadeandalucia.es\/entresierras\/wp-json\/wp\/v2\/posts\/8955\/revisions"}],"predecessor-version":[{"id":8960,"href":"https:\/\/blogsaverroes.juntadeandalucia.es\/entresierras\/wp-json\/wp\/v2\/posts\/8955\/revisions\/8960"}],"wp:featuredmedia":[{"embeddable":true,"href":"https:\/\/blogsaverroes.juntadeandalucia.es\/entresierras\/wp-json\/wp\/v2\/media\/8958"}],"wp:attachment":[{"href":"https:\/\/blogsaverroes.juntadeandalucia.es\/entresierras\/wp-json\/wp\/v2\/media?parent=8955"}],"wp:term":[{"taxonomy":"category","embeddable":true,"href":"https:\/\/blogsaverroes.juntadeandalucia.es\/entresierras\/wp-json\/wp\/v2\/categories?post=8955"},{"taxonomy":"post_tag","embeddable":true,"href":"https:\/\/blogsaverroes.juntadeandalucia.es\/entresierras\/wp-json\/wp\/v2\/tags?post=8955"}],"curies":[{"name":"wp","href":"https:\/\/api.w.org\/{rel}","templated":true}]}}